{"id":187383,"date":"2025-10-19T15:24:13","date_gmt":"2025-10-19T15:24:13","guid":{"rendered":"https:\/\/www.europesays.com\/es\/187383\/"},"modified":"2025-10-19T15:24:13","modified_gmt":"2025-10-19T15:24:13","slug":"decenas-de-personas-se-concentran-en-donostia-contra-el-homicidio-machista-de-zarautz","status":"publish","type":"post","link":"https:\/\/www.europesays.com\/es\/187383\/","title":{"rendered":"Decenas de personas se concentran en Donostia contra el homicidio machista de Zarautz"},"content":{"rendered":"<p><img fetchpriority=\"high\" class=\"v-a-img\" src=\"https:\/\/www.europesays.com\/es\/wp-content\/uploads\/2025\/10\/concentracion-zarautz-ksPH-U2303424861670VpF-1200x840@Diario Vasco.jpg\" loading=\"eager\" decoding=\"async\" alt=\"Decenas de personas denuncian el homicidio en el Boulevard.\"  width=\"1200\" height=\"840\"\/><\/p>\n<p>Decenas de personas denuncian el homicidio en el Boulevard.          DV        <\/p>\n<p>Euskal Herriko Emakumeon Mundu Martxa, plataforma organizadora, exige que se \u00abtomen responsabilidades\u00bb ante la indefensi\u00f3n de la mujer<\/p>\n<p><a class=\"v-mdl-ath__fig-a\" href=\"https:\/\/www.diariovasco.com\/autor\/diego-fernandez-tortosa-7370.html\" title=\"Diego Fern\u00e1ndez Tortosa\" rel=\"nofollow noopener\" target=\"_blank\"><br \/>\n<img decoding=\"async\" class=\"v-mdl-ath__img\" src=\"https:\/\/www.europesays.com\/es\/wp-content\/uploads\/2025\/10\/autor-7370-foto-1.jpeg\" alt=\"Diego Fern\u00e1ndez Tortosa\"\/><br \/>\n<\/a><\/p>\n<p class=\"v-mdl-ath__p v-mdl-ath__p--6\">\nDomingo, 19 de octubre 2025, 16:34<\/p>\n<p class=\"v-p\">Decenas de personas se han concentrado este domingo en el Boulevard donostiarra para rechazar el \u00abhomicidio machista\u00bb de Zarautz.<\/p>\n<p class=\"v-p\">El acto de repulsa ha sido  &#8230; organizado por Euskal Herriko Emakumeon Mundu Martxa, quienes han denunciado la \u00abindefensi\u00f3n\u00bb en la que se encuentran las mujeres en este sistema \u00abcapitalista, heteropatriarcal e imperialista\u00bb.<\/p>\n<p class=\"v-p\">\u00abSiempre vamos a estar con vosotras. Estamos muy enfadadas. Buscamos que se tomen responsabilidades\u00bb, han declarado las portavoces de la plataforma feminista.<\/p>\n<p class=\"v-crt__t\"> L\u00edmite de sesiones alcanzadas<\/p>\n<p class=\"v-crt__p\">El acceso al contenido Premium est\u00e1 abierto por cortes\u00eda del establecimiento donde te encuentras, pero ahora mismo hay demasiados usuarios conectados a las vez.<\/p>\n<p class=\"v-crt__p\">Por favor, int\u00e9ntalo pasados unos minutos.<\/p>\n<p>\nVolver a intentar\n<\/p>\n<p class=\"v-crt__t\">Sesi\u00f3n cerrada<\/p>\n<p class=\"v-crt__p\">Al iniciar sesi\u00f3n desde un dispositivo distinto, por seguridad, se cerr\u00f3 la \u00faltima sesi\u00f3n en este.<\/p>\n<p class=\"v-crt__p\">Para continuar disfrutando de su suscripci\u00f3n digital, inicie sesi\u00f3n en este dispositivo.<\/p>\n<p>\nEste contenido es exclusivo para suscriptores\n<\/p>\n<p>Reporta un error<\/p>\n","protected":false},"excerpt":{"rendered":"Decenas de personas denuncian el homicidio en el Boulevard. DV Euskal Herriko Emakumeon Mundu Martxa, plataforma organizadora, exige&hellip;\n","protected":false},"author":2,"featured_media":187384,"comment_status":"","ping_status":"","sticky":false,"template":"","format":"standard","meta":{"footnotes":""},"categories":[8],"tags":[17,18,8073,19878,1349,25,24,13,14,11,24733,19,20,9075,9,10,15,16,3477,23,12,21,22,13687],"class_list":{"0":"post-187383","1":"post","2":"type-post","3":"status-publish","4":"format-standard","5":"has-post-thumbnail","7":"category-espana","8":"tag-breaking-news","9":"tag-breakingnews","10":"tag-concentran","11":"tag-decenas","12":"tag-donostia","13":"tag-es","14":"tag-espana","15":"tag-featured-news","16":"tag-featurednews","17":"tag-headlines","18":"tag-homicidio","19":"tag-latest-news","20":"tag-latestnews","21":"tag-machista","22":"tag-news","23":"tag-noticias","24":"tag-noticias-destacadas","25":"tag-noticiasdestacadas","26":"tag-personas","27":"tag-spain","28":"tag-titulares","29":"tag-ultimas-noticias","30":"tag-ultimasnoticias","31":"tag-zarautz"},"share_on_mastodon":{"url":"","error":""},"_links":{"self":[{"href":"https:\/\/www.europesays.com\/es\/wp-json\/wp\/v2\/posts\/187383","targetHints":{"allow":["GET"]}}],"collection":[{"href":"https:\/\/www.europesays.com\/es\/wp-json\/wp\/v2\/posts"}],"about":[{"href":"https:\/\/www.europesays.com\/es\/wp-json\/wp\/v2\/types\/post"}],"author":[{"embeddable":true,"href":"https:\/\/www.europesays.com\/es\/wp-json\/wp\/v2\/users\/2"}],"replies":[{"embeddable":true,"href":"https:\/\/www.europesays.com\/es\/wp-json\/wp\/v2\/comments?post=187383"}],"version-history":[{"count":0,"href":"https:\/\/www.europesays.com\/es\/wp-json\/wp\/v2\/posts\/187383\/revisions"}],"wp:featuredmedia":[{"embeddable":true,"href":"https:\/\/www.europesays.com\/es\/wp-json\/wp\/v2\/media\/187384"}],"wp:attachment":[{"href":"https:\/\/www.europesays.com\/es\/wp-json\/wp\/v2\/media?parent=187383"}],"wp:term":[{"taxonomy":"category","embeddable":true,"href":"https:\/\/www.europesays.com\/es\/wp-json\/wp\/v2\/categories?post=187383"},{"taxonomy":"post_tag","embeddable":true,"href":"https:\/\/www.europesays.com\/es\/wp-json\/wp\/v2\/tags?post=187383"}],"curies":[{"name":"wp","href":"https:\/\/api.w.org\/{rel}","templated":true}]}}