{"id":187393,"date":"2025-10-19T15:32:11","date_gmt":"2025-10-19T15:32:11","guid":{"rendered":"https:\/\/www.europesays.com\/es\/187393\/"},"modified":"2025-10-19T15:32:11","modified_gmt":"2025-10-19T15:32:11","slug":"el-temor-de-mclaren-con-verstappen-que-amenaza-el-mundial-es-implacable","status":"publish","type":"post","link":"https:\/\/www.europesays.com\/es\/187393\/","title":{"rendered":"El temor de Mclaren con Verstappen que amenaza el Mundial: \u00abEs implacable&#8230;\u00bb"},"content":{"rendered":"<p class=\"L6-news-detail__text\">El piloto del <b><a title=\"GP de Estados Unidos\" href=\"https:\/\/www.lasexta.com\/noticias\/deportes\/motor\/formula1\/estados-unidos-2025-horario-donde-ver-entrenamientos-clasificacion-sprint-carrera_2025101368eceb1c0e3c6c50983276c7.html\" target=\"_blank\" rel=\"nofollow noopener\">GP de Estados Unidos<\/a><\/b> es <b><a title=\"Max Verstappen\" href=\"https:\/\/www.lasexta.com\/noticias\/deportes\/motor\/formula1\/discurso-jefe-red-bull-convencer-max-verstappen-nuestro-motor_2025101568ef7f1c51264f432a7c2458.html\" target=\"_blank\" rel=\"nofollow noopener\">Max Verstappen<\/a><\/b>. El neerland\u00e9s se ha mantenido intratable durante todo el fin de semana en <b>Austin<\/b>. Primero obtuvo la &#8216;pole&#8217; en la clasificaci\u00f3n para la carrera al &#8216;sprint&#8217;, despu\u00e9s gan\u00f3 una prueba en la que los <b>McLaren <\/b>abandonaron y, finalmente, volvi\u00f3 a conseguir la pole en la &#8216;qualy&#8217; de la carrera del domingo.<\/p>\n<p class=\"L6-news-detail__text\">Una prueba en la que el <b>l\u00edder del Mundial, Oscar Piastri<\/b>, saldr\u00e1 desde la sexta posici\u00f3n. Los \u00faltimos resultados han provocado que la distancia entre el tetracampe\u00f3n y Oscar Piastri y Lando Norris se reduzca hasta los 55 y 33 puntos respectivamente. Adem\u00e1s, la diferencia podr\u00eda disminuir m\u00e1s despu\u00e9s de la celebraci\u00f3n de la carrera en el <b>Circuito de las Am\u00e9ricas<\/b>.<\/p>\n<p class=\"L6-news-detail__text\">Los acontecimientos han despertado la admiraci\u00f3n de <b>McLaren <\/b>por el piloto de Red Bull y <b>Zak Brown<\/b>, jefe de la escuder\u00eda, se rend\u00eda ante el n\u00famero 1 de la parrilla: \u00ab<b>Este chico es implacable<\/b>\u00ab.<\/p>\n<p class=\"L6-news-detail__text\">Por otra parte, desvelaba su pr\u00f3xima meta: \u00abEstoy centrado en asegurarme de que no se meta m\u00e1s en el juego de lo que ya est\u00e1, porque<b> nuestro objetivo es terminar 1\u00ba y 2\u00ba en el Mundial de Pilotos. No queremos que se interponga en nuestra diversi\u00f3n<\/b>\u00ab, conclu\u00eda el estadounidense en declaraciones recogidas por &#8216;BBCSport&#8217;.<\/p>\n<p class=\"L6-news-detail__text\"><b><a title=\"Verstappen\" href=\"https:\/\/www.lasexta.com\/noticias\/deportes\/motor\/formula1\/verstappen-mete-miedo-mclaren-puede-luchar-victorias-todos-circuitos-que-quedan_2025101868f3b537de40d8089e14ea63.html\" target=\"_blank\" rel=\"nofollow noopener\">Verstappen<\/a><\/b> mete miedo, y mucho, a una escuder\u00eda que est\u00e1 viendo como su estrategia de dejar luchar libremente a sus pilotos podr\u00eda desmoronarse en el momento m\u00e1s importante de la temporada.<\/p>\n<p class=\"L6-support-news-video__title\">\u00abNo ser\u00eda sano&#8230;\u00bb<\/p>\n<p>            <a href=\"https:\/\/www.lasexta.com\/noticias\/deportes\/motor\/carlos-sainz-pregunta-mas-dificil-seria-copiloto-hijo-dakar_2025101368ed2c2a0e3c6c50983359df.html\" class=\"L6-news__link\" rel=\"nofollow noopener\" target=\"_blank\"><br \/>\n                Carlos Sainz, ante su pregunta m\u00e1s dif\u00edcil: \u00bfSer\u00eda copiloto de su hijo en el Dakar?<\/p>\n<p class=\"recirculation-video-desc\">Al tetracampe\u00f3n del Dakar le han puesto en una dif\u00edcil tesitura durante la previa del Rally de Marruecos.<\/p>\n<p>            <\/a><\/p>\n","protected":false},"excerpt":{"rendered":"El piloto del GP de Estados Unidos es Max Verstappen. El neerland\u00e9s se ha mantenido intratable durante todo&hellip;\n","protected":false},"author":2,"featured_media":17506,"comment_status":"","ping_status":"","sticky":false,"template":"","format":"standard","meta":{"footnotes":""},"categories":[270],"tags":[168,25,24,306,271,272,23,167],"class_list":{"0":"post-187393","1":"post","2":"type-post","3":"status-publish","4":"format-standard","5":"has-post-thumbnail","7":"category-formula-1","8":"tag-deportes","9":"tag-es","10":"tag-espana","11":"tag-f1","12":"tag-formula-1","13":"tag-formula1","14":"tag-spain","15":"tag-sports"},"share_on_mastodon":{"url":"","error":""},"_links":{"self":[{"href":"https:\/\/www.europesays.com\/es\/wp-json\/wp\/v2\/posts\/187393","targetHints":{"allow":["GET"]}}],"collection":[{"href":"https:\/\/www.europesays.com\/es\/wp-json\/wp\/v2\/posts"}],"about":[{"href":"https:\/\/www.europesays.com\/es\/wp-json\/wp\/v2\/types\/post"}],"author":[{"embeddable":true,"href":"https:\/\/www.europesays.com\/es\/wp-json\/wp\/v2\/users\/2"}],"replies":[{"embeddable":true,"href":"https:\/\/www.europesays.com\/es\/wp-json\/wp\/v2\/comments?post=187393"}],"version-history":[{"count":0,"href":"https:\/\/www.europesays.com\/es\/wp-json\/wp\/v2\/posts\/187393\/revisions"}],"wp:featuredmedia":[{"embeddable":true,"href":"https:\/\/www.europesays.com\/es\/wp-json\/wp\/v2\/media\/17506"}],"wp:attachment":[{"href":"https:\/\/www.europesays.com\/es\/wp-json\/wp\/v2\/media?parent=187393"}],"wp:term":[{"taxonomy":"category","embeddable":true,"href":"https:\/\/www.europesays.com\/es\/wp-json\/wp\/v2\/categories?post=187393"},{"taxonomy":"post_tag","embeddable":true,"href":"https:\/\/www.europesays.com\/es\/wp-json\/wp\/v2\/tags?post=187393"}],"curies":[{"name":"wp","href":"https:\/\/api.w.org\/{rel}","templated":true}]}}