{"id":187427,"date":"2025-10-19T15:51:08","date_gmt":"2025-10-19T15:51:08","guid":{"rendered":"https:\/\/www.europesays.com\/es\/187427\/"},"modified":"2025-10-19T15:51:08","modified_gmt":"2025-10-19T15:51:08","slug":"bastos-abre-la-final-de-sanlucar-paseando-dos-orejas-de-un-buen-fuente-ymbro","status":"publish","type":"post","link":"https:\/\/www.europesays.com\/es\/187427\/","title":{"rendered":"Bastos abre la final de Sanl\u00facar paseando dos orejas de un buen Fuente Ymbro"},"content":{"rendered":"<p>Abr\u00eda cartel el triunfador del ciclo extreme\u00f1o, <strong>Tom\u00e1s Bastos<\/strong>, y se las vio con Orgulloso, al que le jug\u00f3 airoso los brazos a la ver\u00f3nica ante la repetici\u00f3n en las embestidas del novillo cerrando con media a pies juntos. Tras empujar con clase al caballo, Tom\u00e1s quit\u00f3 por tafalleras con temple. Mantuvo recorrido y ritmo la embestida de Orgulloso en los inicios de faena de Bastos, que comenz\u00f3 por ayudaos con una rodilla en tierra. Se entendieron mejor por el lado derecho, aunque tambi\u00e9n se vieron buenos momentos al natural. Quiso meterse en los terrenos del novillo cuando quiz\u00e1 la distancia hubiera ayudado m\u00e1s. Solvente, t\u00e9cnico y con valor, cerr\u00f3 por bernadinas con voltereta incluida y firm\u00f3 con la espada al segundo intento y pase\u00f3 las dos orejas del bueno y exigente Fuente Ymbro.<\/p>\n<p><strong>Sanl\u00facar de Barrameda (C\u00e1diz).<\/strong> Final de la Liga Nacional de Novilladas. Novillos de <strong>Fuente Ymbro. Tom\u00e1s Bastos, <\/strong>dos orejas;<strong> \u00c1lvaro Serrano, Carlos Tirado, Mario Vilau<\/strong> y <strong>Ruiz de Velasco. Entrada: <\/strong>Dos tercios de plaza.<\/p>\n","protected":false},"excerpt":{"rendered":"Abr\u00eda cartel el triunfador del ciclo extreme\u00f1o, Tom\u00e1s Bastos, y se las vio con Orgulloso, al que le&hellip;\n","protected":false},"author":2,"featured_media":187428,"comment_status":"","ping_status":"","sticky":false,"template":"","format":"standard","meta":{"footnotes":""},"categories":[277],"tags":[45,43178,373,44248,168,25,24,52654,52655,18952,52656,12167,23,167,34426,374],"class_list":{"0":"post-187427","1":"post","2":"type-post","3":"status-publish","4":"format-standard","5":"has-post-thumbnail","7":"category-toreo","8":"tag-45","9":"tag-alvaro-serrano","10":"tag-bullfighting","11":"tag-carlos-tirado","12":"tag-deportes","13":"tag-es","14":"tag-espana","15":"tag-fuente-ymbro","16":"tag-liga-nacional-de-novilladas","17":"tag-mario-vilau","18":"tag-ruiz-de-velasco","19":"tag-sanlucar-de-barrameda","20":"tag-spain","21":"tag-sports","22":"tag-tomas-bastos","23":"tag-toreo"},"share_on_mastodon":{"url":"","error":""},"_links":{"self":[{"href":"https:\/\/www.europesays.com\/es\/wp-json\/wp\/v2\/posts\/187427","targetHints":{"allow":["GET"]}}],"collection":[{"href":"https:\/\/www.europesays.com\/es\/wp-json\/wp\/v2\/posts"}],"about":[{"href":"https:\/\/www.europesays.com\/es\/wp-json\/wp\/v2\/types\/post"}],"author":[{"embeddable":true,"href":"https:\/\/www.europesays.com\/es\/wp-json\/wp\/v2\/users\/2"}],"replies":[{"embeddable":true,"href":"https:\/\/www.europesays.com\/es\/wp-json\/wp\/v2\/comments?post=187427"}],"version-history":[{"count":0,"href":"https:\/\/www.europesays.com\/es\/wp-json\/wp\/v2\/posts\/187427\/revisions"}],"wp:featuredmedia":[{"embeddable":true,"href":"https:\/\/www.europesays.com\/es\/wp-json\/wp\/v2\/media\/187428"}],"wp:attachment":[{"href":"https:\/\/www.europesays.com\/es\/wp-json\/wp\/v2\/media?parent=187427"}],"wp:term":[{"taxonomy":"category","embeddable":true,"href":"https:\/\/www.europesays.com\/es\/wp-json\/wp\/v2\/categories?post=187427"},{"taxonomy":"post_tag","embeddable":true,"href":"https:\/\/www.europesays.com\/es\/wp-json\/wp\/v2\/tags?post=187427"}],"curies":[{"name":"wp","href":"https:\/\/api.w.org\/{rel}","templated":true}]}}