{"id":187444,"date":"2025-10-19T16:03:12","date_gmt":"2025-10-19T16:03:12","guid":{"rendered":"https:\/\/www.europesays.com\/es\/187444\/"},"modified":"2025-10-19T16:03:12","modified_gmt":"2025-10-19T16:03:12","slug":"la-transformacion-radical-de-eminem-de-la-adiccion-y-la-oscuridad-a-la-sobriedad-el-ejercicio-y-una-nueva-vida-familiar","status":"publish","type":"post","link":"https:\/\/www.europesays.com\/es\/187444\/","title":{"rendered":"La transformaci\u00f3n radical de Eminem: de la adicci\u00f3n y la oscuridad, a la sobriedad, el ejercicio y una nueva vida familiar"},"content":{"rendered":"<p><img alt=\"El rapero super\u00f3 una sobredosis\" class=\"global-image\" decoding=\"async\" fetchpriority=\"high\" height=\"2000\" loading=\"eager\" src=\"https:\/\/www.europesays.com\/es\/wp-content\/uploads\/2025\/10\/WGOYKU54W2SD6BTNOI3R53L7XQ.jpg\" width=\"3000\"\/>El rapero super\u00f3 una sobredosis y transform\u00f3 su vida a trav\u00e9s del ejercicio y la familia (Foto AP\/Carlos Osorio, archivo)<\/p>\n<p class=\"paragraph\"><a rel=\"noopener noreferrer nofollow\" href=\"https:\/\/www.infobae.com\/espana\/cultura\/2025\/08\/14\/llegue-a-tener-hasta-diez-camellos-a-la-vez-tomaba-de-75-a-80-valiums-por-noche-el-documental-de-eminem-revela-su-lucha-contra-la-adiccion\/\" target=\"_blank\" title=\"https:\/\/www.infobae.com\/espana\/cultura\/2025\/08\/14\/llegue-a-tener-hasta-diez-camellos-a-la-vez-tomaba-de-75-a-80-valiums-por-noche-el-documental-de-eminem-revela-su-lucha-contra-la-adiccion\/\"><b>Eminem<\/b><\/a>, estrella indiscutida del rap, protagoniza una t<b>ransformaci\u00f3n personal <\/b>que ha captado el inter\u00e9s de seguidores y especialistas en salud mental. El artista estadounidense, quien el \u00faltimo 17 de octubre celebr\u00f3\u00a0<b>53 a\u00f1os<\/b>, conmemora este 2025 <b>diecisiete a\u00f1os de sobriedad<\/b>.<\/p>\n<p class=\"paragraph\">A mediados de los 2000,\u00a0<b>Eminem<\/b>\u00a0enfrent\u00f3 una etapa marcada por el abuso de sustancias y el alcohol, situaci\u00f3n que casi le cuesta la vida en 2007 tras una sobredosis accidental de metadona. Este suceso, que lo llev\u00f3 al hospital, represent\u00f3 un punto de inflexi\u00f3n: sin recurrir esa vez a rehabilitaci\u00f3n formal, decidi\u00f3\u00a0<b>reconstruirse completamente y buscar alternativas a los tratamientos convencionales<\/b>. <\/p>\n<p><img alt=\"El rapero ha comentado que\" class=\"global-image\" decoding=\"async\" fetchpriority=\"low\" height=\"1080\" loading=\"lazy\" src=\"https:\/\/www.europesays.com\/es\/wp-content\/uploads\/2025\/10\/VKRZTRBL55B33EF4J6GKFTDMSY.jpg\" width=\"1920\"\/>El rapero ha comentado que casi fallece por una sobredosis accidental (Foto AP\/Paul Sancya, archivo)<\/p>\n<p class=\"paragraph\">En una entrevista con\u00a0The New York Times, explic\u00f3 que la exposici\u00f3n medi\u00e1tica durante su primer ingreso en rehabilitaci\u00f3n le impidi\u00f3 enfocarse en su recuperaci\u00f3n: \u201cFui a un hospital normal. Me desintoxiqu\u00e9 all\u00ed y luego volv\u00ed a casa. No pod\u00eda volver al centro porque me sent\u00eda como Bugs Bunny porque me robaban gorras, bol\u00edgrafos, cuadernos y me ped\u00edan aut\u00f3grafos. No pod\u00eda concentrarme en mi problema\u201c, confes\u00f3 el propio Eminem.<\/p>\n<p class=\"paragraph\">Despojado de viejos h\u00e1bitos, canaliz\u00f3 su energ\u00eda en el <b>ejercicio f\u00edsico<\/b> para\u00a0<b>sostener su sanaci\u00f3n<\/b>. Correr se transform\u00f3 en su nueva obsesi\u00f3n; lleg\u00f3 a recorrer hasta 27 kil\u00f3metros diarios en la cinta. Esta rutina termin\u00f3 por proporcionarle la sensaci\u00f3n de bienestar y descanso que antes atribu\u00eda a las drogas.<\/p>\n<p><img alt=\"La disciplina f\u00edsica y el\" class=\"global-image\" decoding=\"async\" fetchpriority=\"low\" height=\"2667\" loading=\"lazy\" src=\"https:\/\/www.europesays.com\/es\/wp-content\/uploads\/2025\/10\/C3C5AYDJNFOCEEDP67OLEABWSQ.jpg\" width=\"4000\"\/>La disciplina f\u00edsica y el apoyo familiar fueron claves en la recuperaci\u00f3n de Eminem (REUTERS\/Emily Elconin)<\/p>\n<p class=\"paragraph\">\u201cTengo un cerebro adicto y cuando se trata de hacer running creo que me dej\u00e9 llevar un poco. Me convert\u00ed en un maldito h\u00e1mster.\u00a0<b>27 kil\u00f3metros diarios en la cinta<\/b>. Me levantaba por la ma\u00f1ana y antes de ir al estudio corr\u00eda. Luego llegaba a casa y corr\u00eda m\u00e1s. Empec\u00e9 a obsesionarme con las calor\u00edas, asegur\u00e1ndome de quemar 2.000 al d\u00eda. Al final, baj\u00e9 a unos 70 kilos\u00bb, relat\u00f3 Eminem en\u00a0Men\u2019s Journal.<\/p>\n<p><img alt=\"Eminem anunciando la llegada de\" class=\"global-image\" decoding=\"async\" fetchpriority=\"low\" height=\"1717\" loading=\"lazy\" src=\"https:\/\/www.europesays.com\/es\/wp-content\/uploads\/2025\/10\/IZIOPKNR3FET7JKY7AP2BRWBGY.jpg\" width=\"1920\"\/>Eminem anunciando la llegada de su nieto<\/p>\n<p class=\"paragraph\">El apoyo familiar result\u00f3 fundamental.\u00a0<b>Su hija biol\u00f3gica, Hailie, y sus hijas adoptivas, Lainey y Whitney, fueron el pilar durante cada etapa de su recuperaci\u00f3n<\/b>. La responsabilidad de ser un ejemplo y la motivaci\u00f3n de cuidar a sus hijas superaron cualquier tratamiento formal. Eminem ha afirmado en diversas ocasiones que el amor paternal fue un factor decisivo para dejar atr\u00e1s la autodestrucci\u00f3n y encontrar nuevas metas tangibles.<\/p>\n<p class=\"paragraph\">La\u00a0<b>paternidad le ofreci\u00f3 prop\u00f3sitos concretos<\/b>. Esta dimensi\u00f3n familiar facilit\u00f3 y robusteci\u00f3 su recuperaci\u00f3n a largo plazo.<\/p>\n<p class=\"paragraph\">Hoy, convertido en\u00a0<b>abuelo por segunda vez a los 52 a\u00f1os<\/b>, Eminem representa una vida reconstruida que contrasta totalmente con su pasado. Su experiencia no solo es testimonio p\u00fablico de la superaci\u00f3n, sino una referencia tangible para quienes afrontan adicciones o buscan transformar su vida familiar.<\/p>\n<p class=\"paragraph\">Ser abuelo reafirma que su proceso de transformaci\u00f3n abarca casi dos d\u00e9cadas. Su funci\u00f3n en la familia, como padre y abuelo, evidencia la coherencia y el impacto positivo de los cambios realizados.<\/p>\n<p><img alt=\"Eminem se convirti\u00f3 en abuelo\" class=\"global-image\" decoding=\"async\" fetchpriority=\"low\" height=\"2400\" loading=\"lazy\" src=\"https:\/\/www.europesays.com\/es\/wp-content\/uploads\/2025\/10\/ZR3AA6BGMBB4ZLKJFP3DHTJGLY.jpg\" width=\"1920\"\/>Eminem se convirti\u00f3 en abuelo a sus 52 a\u00f1os (@hailiejade)<\/p>\n<p class=\"paragraph\">El caso de\u00a0<b>Eminem<\/b>\u00a0ha trascendido el mundo del espect\u00e1culo y llam\u00f3 la atenci\u00f3n de la comunidad cient\u00edfica.\u00a0Psychology Today\u00a0public\u00f3 un estudio en el que su historia se utiliza como ejemplo concreto de la eficacia del ejercicio estructurado para quienes luchan contra la adicci\u00f3n. Seg\u00fan la publicaci\u00f3n, la constancia en la actividad f\u00edsica ayuda a restaurar el sistema de recompensa cerebral y reduce las reca\u00eddas.<\/p>\n<p class=\"paragraph\"> Su experiencia inspira a personas en procesos de recuperaci\u00f3n, as\u00ed como a profesionales que buscan alternativas eficaces y sostenibles. <b>La actividad f\u00edsica, el compromiso familiar y la constancia han sido claves para sostener una vida saludable y plena, lejos de los excesos y la autodestrucci\u00f3n.<\/b><\/p>\n","protected":false},"excerpt":{"rendered":"El rapero super\u00f3 una sobredosis y transform\u00f3 su vida a trav\u00e9s del ejercicio y la familia (Foto AP\/Carlos&hellip;\n","protected":false},"author":2,"featured_media":187445,"comment_status":"","ping_status":"","sticky":false,"template":"","format":"standard","meta":{"footnotes":""},"categories":[170],"tags":[6654,146,147,25,24,184,185,88,23],"class_list":{"0":"post-187444","1":"post","2":"type-post","3":"status-publish","4":"format-standard","5":"has-post-thumbnail","7":"category-musica","8":"tag-election","9":"tag-entertainment","10":"tag-entretenimiento","11":"tag-es","12":"tag-espana","13":"tag-music","14":"tag-musica","15":"tag-politics","16":"tag-spain"},"share_on_mastodon":{"url":"","error":""},"_links":{"self":[{"href":"https:\/\/www.europesays.com\/es\/wp-json\/wp\/v2\/posts\/187444","targetHints":{"allow":["GET"]}}],"collection":[{"href":"https:\/\/www.europesays.com\/es\/wp-json\/wp\/v2\/posts"}],"about":[{"href":"https:\/\/www.europesays.com\/es\/wp-json\/wp\/v2\/types\/post"}],"author":[{"embeddable":true,"href":"https:\/\/www.europesays.com\/es\/wp-json\/wp\/v2\/users\/2"}],"replies":[{"embeddable":true,"href":"https:\/\/www.europesays.com\/es\/wp-json\/wp\/v2\/comments?post=187444"}],"version-history":[{"count":0,"href":"https:\/\/www.europesays.com\/es\/wp-json\/wp\/v2\/posts\/187444\/revisions"}],"wp:featuredmedia":[{"embeddable":true,"href":"https:\/\/www.europesays.com\/es\/wp-json\/wp\/v2\/media\/187445"}],"wp:attachment":[{"href":"https:\/\/www.europesays.com\/es\/wp-json\/wp\/v2\/media?parent=187444"}],"wp:term":[{"taxonomy":"category","embeddable":true,"href":"https:\/\/www.europesays.com\/es\/wp-json\/wp\/v2\/categories?post=187444"},{"taxonomy":"post_tag","embeddable":true,"href":"https:\/\/www.europesays.com\/es\/wp-json\/wp\/v2\/tags?post=187444"}],"curies":[{"name":"wp","href":"https:\/\/api.w.org\/{rel}","templated":true}]}}