{"id":187459,"date":"2025-10-19T16:11:09","date_gmt":"2025-10-19T16:11:09","guid":{"rendered":"https:\/\/www.europesays.com\/es\/187459\/"},"modified":"2025-10-19T16:11:09","modified_gmt":"2025-10-19T16:11:09","slug":"maria-jesus-montero-reivindica-un-sistema-de-salud-en-el-que-se-acuesten-en-la-misma-habitacion-el-hijo-del-obrero-y-del-empresario","status":"publish","type":"post","link":"https:\/\/www.europesays.com\/es\/187459\/","title":{"rendered":"Mar\u00eda Jes\u00fas Montero reivindica un sistema de salud en el que se acuesten en la misma habitaci\u00f3n \u00abel hijo del obrero y del empresario\u00bb"},"content":{"rendered":"<p style=\"\">Mar\u00eda Jes\u00fas Montero vuelve, como cada fin de semana, a Andaluc\u00eda para hacer campa\u00f1a. Este domingo ha elegido un pueblo<strong> de 240 habitantes en el que gobierna el PSOE desde el a\u00f1o 1976<\/strong> para su acto de la semana donde ha proclamado que  &#8230; lo ocurrido con el cribado del c\u00e1ncer no es un fallo ni un error. A su juicio, se debe a que \u00abel Gobierno andaluz no se ocupa del sistema sanitario\u00bb. La candidata andaluza a la Junta aboga  por un sistema sanitario en el que se acuesten en la misma habitaci\u00f3n \u00abel hijo del obrero y el hijo del empresario\u00bb. Seg\u00fan ha recalcado<strong> \u00abun sistema de salud para pobres es un pobres sistema de salud\u00bb.<\/strong><\/p>\n<p class=\"voc-p\" style=\"\">Ha sido en Bentarique,<strong> un peque\u00f1o municipio de la Alpujarra almeriense, donde la vicepresidenta<\/strong>, ministra de Hacienda y candidata del PSOE-A, ha protagonizado un acto en el que el eje central ha sido la sanidad coincidiendo con el D\u00eda del C\u00e1ncer de Mama y donde los socialistas han acusado al Gobierno de Juanma Moreno de \u00abdesmantelar\u00bb el estado del bienestar y de privatizar la sanidad p\u00fablica y la educaci\u00f3n. \u00abEl sistema de salud corre peligro\u00bb, ha recalcado.<\/p>\n<p class=\"voc-p\" style=\"\">En ese sentido Montero, que se ha hecho fotos con mujeres que han sufrido c\u00e1ncer de mama, ha dicho que el sistema sanitario que \u00abfue un orgullo\u00bb, <strong>ahora \u00abha colapsado\u00bb<\/strong> en relaci\u00f3n con lo ocurrido con la crisis de los cribados y ha recordado que uno de los responsables de esa crisis \u00abse sienta en la presidencia del Parlamento\u00bb <strong>en referencia a Jes\u00fas Aguirre, actual presidente del Parlamento y que fue consejero de Salud<\/strong>.<\/p>\n<p class=\"voc-p\" style=\"\">En un discurso que sube el tono cr\u00edtico Montero tambi\u00e9n ha cuestionado el nombramiento de Antonio Sanz como nuevo consejero del que, ha dicho,  \u00abnada sabe\u00bb del tema y que es un consejero \u00aba tiempo parcial\u00bb. Seg\u00fan la socialista, Moreno Bonilla ha nombrado a Sanz porque es<strong> \u00abel apagafuegos\u00bb,. \u00abHa puesto al frente de la sanidad al que manda en Canal Sur\u00bb,<\/strong> que se conoce \u00abdesde los tiempos de Arenas\u00bb y que lo que le interesa al PP es que no se hable del problema sino \u00abtapar el testimonio de las mujeres\u00bb .  ha dicho Montero advirtiendo que el PSOE va a seguir denunciando. <\/p>\n<p>\nSeguros privados\n<\/p>\n<p class=\"voc-p\" style=\"\">\u00abQueremos un sistema sanitario para todos par al clase media, para la clase alta, para los trabajadores que es la \u00fanica garant\u00eda de la igualdad d oportunidades\u00bb ha dicho. \u00abQue se acuesten en la misma habitaci\u00f3n el hijo del trabajador y el hijo del empresario, esa es la igualdad de oportunidades\u00bb, ha recalcado.<\/p>\n<p class=\"voc-p\" style=\"\">Tambi\u00e9n ha sostenido que los seguros privados \u00abest\u00e1n subiendo como la espuma\u00bb y ha asegurado que han aumentado un 35 por ciento privados en Andaluc\u00eda porque \u00abla gente que estaba esperando la mamograf\u00eda se hace seguros\u00bb por la privada.  En su alocuci\u00f3n, llena de datos, Montero no ha hecho referencia a los de sus propios conciertos con la privada cuando era consejera. Como public\u00f3 ABC, cedi\u00f3 servicios a cl\u00ednicas <strong>p<\/strong><strong>rivadas por m\u00e1s de 480 millones de euros en s\u00f3lo tres meses<\/strong> como consejera de la Junta.<\/p>\n<p class=\"voc-p\" style=\"\">En cuanto a los planes de choque, Montero <strong>ha dicho que la v\u00eda andaluza de la que habla Moreno Bonilla<\/strong> consiste en hacerte una foto y darte dos palmaditas pero \u00abno hacer nada de nada\u00bb. En referencia a al libro que presentar\u00e1 el presidente andaluz ha ironizado asegurando que el libro en lugar de &#8216;Manual de convivencia&#8217; deber\u00eda llamarse \u00abmanual de apariencia porque se mueve por las apariencias sin avanzar ni una loseta\u00bb.<\/p>\n<p class=\"voc-p\" style=\"\">Seg\u00fan Montero, Moreno Bonilla cre\u00eda que \u00abgobernar es un \u00e1lbum de fotos\u00bb e impulsar pol\u00edticas con universidad p\u00fablica, educaci\u00f3n p\u00fablica, sanidad p\u00fablica y vivienda p\u00fablica. \u00ab<strong>Sin ello no hay clase media\u00bb<\/strong>, ha dicho afirmando que los ciudadanos exigen dirigentes \u00abque sepan gobernar\u00bb no gente \u00abque caiga bien\u00bb. Y ha recalcado que si se crea empleo en Andaluc\u00eda es por las pol\u00edticas de Pedro S\u00e1nchez. Tambi\u00e9n ha acusado al presidente de la Junta de estar \u00abtodo el d\u00eda confrontando\u00bb con el Gobierno central. <\/p>\n<p class=\"voc-p\" style=\"\">Durante su intervenci\u00f3n se ha reivindicado recordando que fue durante diez a\u00f1os responsable de salud en Andaluc\u00eda un sistema que, seg\u00fan ha dicho, \u00abestaba a la vanguardia\u00bb. Y ha hecho un repaso de su gesti\u00f3n en la sanidad andaluza recordando cuando <strong>investig\u00f3 con c\u00e9lulas madre para curar la diabetes<\/strong>, un asunto que, seg\u00fan ha dicho, el Gobierno del PP \u00abintent\u00f3 cortar esa investigaci\u00f3n\u00bb porque ideol\u00f3gicamente no compart\u00eda la investigaci\u00f3n. <\/p>\n<p class=\"voc-p\" style=\"\">O tambi\u00e9n ha recordado el nacimiento del primer bebe libre de enfermedad por diagn\u00f3stico gen\u00e9tico preimplantatorio que fue en Andaluc\u00eda \u00abcon menos recursos que nunca cuando los profesionales eran capaces de poner en valor la investigaci\u00f3n que se abr\u00eda camino\u00bb. O tambi\u00e9n la ley de muerte digna para desconectar a una mujer de Granada que viv\u00eda atada a un respirador. Tambi\u00e9n que fue el primer sistema sanitario que hizo el segundo trasplante de cara del mundo. <strong>\u00abAspiramos a un sistema sanitario<\/strong> en el que cuando las cosas vienen mal, se tenga dinero o no y te resuelvan tu problema de salud\u00bb, ha proclamado insistiendo en que el sistema sanitario fue \u00abel orgullo de Andaluc\u00eda\u00bb y ahora no lo es despu\u00e9s de siete a\u00f1os del PP en la Junta. \u00abQue no nos vengan con rollos de fallos, no saben explicar lo que ha pasado con el c\u00e1ncer\u00bb, ha dicho.<\/p>\n<p class=\"voc-p\" style=\"\">\u00abQue me hubieran dado a mi los recursos que tiene ahora Moreno Bonilla\u00bb ha dicho insistiendo en que ella garantizaba los tiempos de espera acusando a la Junta de Andaluc\u00eda de no publicar los datos. Por ello ha exigido que publique las listas de espera como marca la ley para que se sepa \u00abcual es la realidad\u00bb de lo que est\u00e1 pasando en el sistema. <\/p>\n","protected":false},"excerpt":{"rendered":"Mar\u00eda Jes\u00fas Montero vuelve, como cada fin de semana, a Andaluc\u00eda para hacer campa\u00f1a. Este domingo ha elegido&hellip;\n","protected":false},"author":2,"featured_media":187460,"comment_status":"","ping_status":"","sticky":false,"template":"","format":"standard","meta":{"footnotes":""},"categories":[8],"tags":[52664,17,18,25,24,13,14,11,19,20,2466,9,10,15,16,23,12,21,22],"class_list":{"0":"post-187459","1":"post","2":"type-post","3":"status-publish","4":"format-standard","5":"has-post-thumbnail","7":"category-espana","8":"tag-bentarique","9":"tag-breaking-news","10":"tag-breakingnews","11":"tag-es","12":"tag-espana","13":"tag-featured-news","14":"tag-featurednews","15":"tag-headlines","16":"tag-latest-news","17":"tag-latestnews","18":"tag-montero","19":"tag-news","20":"tag-noticias","21":"tag-noticias-destacadas","22":"tag-noticiasdestacadas","23":"tag-spain","24":"tag-titulares","25":"tag-ultimas-noticias","26":"tag-ultimasnoticias"},"share_on_mastodon":{"url":"","error":""},"_links":{"self":[{"href":"https:\/\/www.europesays.com\/es\/wp-json\/wp\/v2\/posts\/187459","targetHints":{"allow":["GET"]}}],"collection":[{"href":"https:\/\/www.europesays.com\/es\/wp-json\/wp\/v2\/posts"}],"about":[{"href":"https:\/\/www.europesays.com\/es\/wp-json\/wp\/v2\/types\/post"}],"author":[{"embeddable":true,"href":"https:\/\/www.europesays.com\/es\/wp-json\/wp\/v2\/users\/2"}],"replies":[{"embeddable":true,"href":"https:\/\/www.europesays.com\/es\/wp-json\/wp\/v2\/comments?post=187459"}],"version-history":[{"count":0,"href":"https:\/\/www.europesays.com\/es\/wp-json\/wp\/v2\/posts\/187459\/revisions"}],"wp:featuredmedia":[{"embeddable":true,"href":"https:\/\/www.europesays.com\/es\/wp-json\/wp\/v2\/media\/187460"}],"wp:attachment":[{"href":"https:\/\/www.europesays.com\/es\/wp-json\/wp\/v2\/media?parent=187459"}],"wp:term":[{"taxonomy":"category","embeddable":true,"href":"https:\/\/www.europesays.com\/es\/wp-json\/wp\/v2\/categories?post=187459"},{"taxonomy":"post_tag","embeddable":true,"href":"https:\/\/www.europesays.com\/es\/wp-json\/wp\/v2\/tags?post=187459"}],"curies":[{"name":"wp","href":"https:\/\/api.w.org\/{rel}","templated":true}]}}