{"id":187469,"date":"2025-10-19T16:18:09","date_gmt":"2025-10-19T16:18:09","guid":{"rendered":"https:\/\/www.europesays.com\/es\/187469\/"},"modified":"2025-10-19T16:18:09","modified_gmt":"2025-10-19T16:18:09","slug":"christophe-laporte-se-adjudica-la-vuelta-a-holanda-tras-una-ultima-etapa-con-triunfo-para-danny-van-poppel","status":"publish","type":"post","link":"https:\/\/www.europesays.com\/es\/187469\/","title":{"rendered":"Christophe Laporte se adjudica la Vuelta a Holanda tras una \u00faltima etapa con triunfo para Danny van Poppel"},"content":{"rendered":"<p>&#13;<br \/>\n&#13;<\/p>\n<p><img loading=\"lazy\" decoding=\"async\" src=\"https:\/\/www.europesays.com\/es\/wp-content\/uploads\/2025\/10\/danny-van-poppel-vuelta-holanda-et5-2025-tes-ciclismo.jpg\" width=\"556\" height=\"418\" class=\"setborder\" alt=\"Christophe Laporte se adjudica la Vuelta a Holanda tras una \u00faltima etapa con triunfo para Danny van Poppel\" title=\"Christophe Laporte se adjudica la Vuelta a Holanda tras una \u00faltima etapa con triunfo para Danny van Poppel\"\/><br \/>\n&#13;<br \/>\n&#13;<br \/>\n&#13;<br \/>\n<a href=\"https:\/\/www.esciclismo.com\/actualidad\/esciclismo\/\" rel=\"nofollow noopener\" target=\"_blank\">EsCiclismo.com<\/a> \u00b7 <a href=\"https:\/\/www.esciclismo.com\/actualidad\/carretera\/\" rel=\"nofollow noopener\" target=\"_blank\">Competici\u00f3n Carretera<\/a>  \u00b7 19\/10\/2025<\/p>\n<p>El franc\u00e9s Christophe Laporte (Visma-Lease a Bike) se ha proclamado este domingo vencedor de la primera edici\u00f3n de la Vuelta a Holanda, tras conservar el liderato en la quinta y \u00faltima etapa, disputada con salida y llegada en Arnhem sobre un recorrido de 155 kil\u00f3metros. La victoria parcial fue para el neerland\u00e9s Danny van Poppel (Red Bull-Bora), que se impuso en un emocionante esprint final desde una escapada de calidad.<\/p>\n<p>&#13;<\/p>\n<p><b id=\"P1\"\/>La jornada, marcada por los continuos ataques y los tramos de \u2018gravel\u2019 en ascenso, ofreci\u00f3 espect\u00e1culo hasta el \u00faltimo kil\u00f3metro y confirm\u00f3 el dominio de Laporte en una clasificaci\u00f3n general que termin\u00f3 decidi\u00e9ndose por m\u00e1rgenes escasos.<\/p>\n<p>&#13;<br \/>\nEtapa dinamitada desde el inicio&#13;<\/p>\n<p><b id=\"P2\"\/>Desde los primeros compases de la etapa, marcada por sus 10 pasos por un tramo de gravilla de 600 metros al 4,1% y m\u00e1s de 1.400 metros de desnivel acumulado, los equipos con aspiraciones al triunfo no dieron tregua. <\/p>\n<p>&#13;<\/p>\n<p>Tras varios intentos fallidos, una primera escapada numerosa fue neutralizada a falta de 78 km, momento en el que el pelot\u00f3n se parti\u00f3 en varios grupos. En el tramo decisivo, un tr\u00edo formado por Alec Segaert (Lotto), Huub Artz (Intermarch\u00e9-Wanty) y Cameron Rogers (Lidl-Trek) logr\u00f3 abrir hueco y disputar el segundo sprint intermedio, con Segaert sumando 3 segundosde bonificaci\u00f3n.<\/p>\n<p>&#13;<\/p>\n<p><b id=\"P3\"\/>A falta de 13 kil\u00f3metros, Danny van Poppel (Red Bull-Bora) y Mirco Maestri (Polti-VisitMalta) lanzaron un contraataque desde el grupo principal, alcanzando poco despu\u00e9s a los fugados. A menos de dos kil\u00f3metros del final, Alec Segaert lanz\u00f3 un potente ataque, pero fue neutralizado por van Poppel, que impuso su potencia en la recta final para alzarse con una victoria de prestigio en su pa\u00eds natal.<\/p>\n<p>&#13;<\/p>\n<p>Van Poppel firm\u00f3 un tiempo de 3 horas, 3 minutos y 2 segundos, por delante de Huub Artz y Alec Segaert, segundo y tercero respectivamente. Christophe Laporte entr\u00f3 en el grupo principal a cuatro segundos, asegurando su victoria final en la clasificaci\u00f3n general.<\/p>\n<p>&#13;<br \/>\nDanny van Poppel: \u00abTodav\u00eda no me lo creo\u00bb&#13;<\/p>\n<p>\u00abEs incre\u00edble, todav\u00eda no me lo creo. Cuando gano, suele ser en un esprint masivo. Pero hoy fue una acci\u00f3n totalmente loca. De todas formas, una victoria es una victoria\u00bb, dijo el vencedor de la \u00faltima etapa.<\/p>\n<p>&#13;<\/p>\n<p><b id=\"P5\"\/>\u00abLos cuatro que \u00edbamos en cabeza formamos un grupo realmente fuerte. Aun as\u00ed, estaba completamente exhausto cuando llegamos a la l\u00ednea de meta. Por suerte, hab\u00eda un peque\u00f1o descenso justo antes que me permiti\u00f3 recuperar algo. Ya hab\u00eda pensado en seguir el ataque de Jan, pero al final decid\u00ed no hacerlo. Sin embargo, ten\u00eda que intentar algo si quer\u00eda ganar, porque Tim Merlier ten\u00eda aqu\u00ed un equipo muy fuerte y habr\u00eda sido muy dif\u00edcil batirle\u00bb, a\u00f1adi\u00f3 Danny van Poppel.<\/p>\n<p>&#13;<br \/>\nChristophe Laporte, primer ganador de la Vuelta a Holanda&#13;<\/p>\n<p>El corredor franc\u00e9s del Visma-Lease a Bike se convierte as\u00ed en el primer vencedor de la nueva carrera neerlandesa, consolidando su triunfo tras un rendimiento regular en toda la semana y aprovechando el abandono de Ethan Hayter en la etapa reina del s\u00e1bado. <\/p>\n<p>&#13;<\/p>\n<p>Laporte concluy\u00f3 la prueba con un tiempo acumulado de 9 horas, 30 minutos y 36 segundos, con 37 segundos de ventaja sobre el eslovaco Luk\u00e1s Kubis (Unibet Tietema Rockets) y 1:05 sobre el sueco Jakob S\u00f6derqvist (Lidl-Trek), que complet\u00f3 el podio final.<\/p>\n<p>&#13;<br \/>\nChristophe Laporte: \u00abEs fant\u00e1stico terminar la temporada con una victoria\u00bb&#13;<\/p>\n<p>\u00abEstoy enormemente feliz. Es fant\u00e1stico terminar la temporada con una victoria. Si me lo hubieran dicho hace unos meses, no lo habr\u00eda cre\u00eddo\u00bb, declar\u00f3 Laporte, quien se perdi\u00f3 gran parte del a\u00f1o debido a un virus persistente. \u00abHa sido una temporada dif\u00edcil a nivel personal, pero me alegra poder cerrarla de esta forma\u00bb, dijo Laporte tras su primera victoria de la temporada.<\/p>\n<p>&#13;<\/p>\n<p>\u00abHa sido un d\u00eda complicado de controlar, pero el equipo ha hecho un gran trabajo. En el final quer\u00edamos luchar por la etapa con Olav, pero no logramos alcanzar a los escapados\u00bb, explic\u00f3 el franc\u00e9s.<\/p>\n<p>&#13;<\/p>\n<blockquote class=\"twitter-tweet\" data-media-max-width=\"560\">\n<p lang=\"nl\" dir=\"ltr\">\ud83d\udeb4\ud83c\uddf3\ud83c\uddf1 | Het rood-wit-blauw wint in Arnhem! Danny van Poppel ontwijkt met een aanval de massasprint en dan is het een koud kunstje om te winnen! \ud83d\ude4c\ud83c\uddf3\ud83c\uddf1De Tour of Holland op Eurosport wordt gesponsord door <a href=\"https:\/\/twitter.com\/NIBC_NL?ref_src=twsrc%5Etfw\" rel=\"nofollow noopener\" target=\"_blank\">@NIBC_NL<\/a> <a href=\"https:\/\/twitter.com\/hashtag\/NIBCbank?src=hash&amp;ref_src=twsrc%5Etfw\" rel=\"nofollow noopener\" target=\"_blank\">#NIBCbank<\/a> <a href=\"https:\/\/twitter.com\/hashtag\/ThinkYes?src=hash&amp;ref_src=twsrc%5Etfw\" rel=\"nofollow noopener\" target=\"_blank\">#ThinkYes<\/a> <a href=\"https:\/\/twitter.com\/hashtag\/TourofHolland?src=hash&amp;ref_src=twsrc%5Etfw\" rel=\"nofollow noopener\" target=\"_blank\">#TourofHolland<\/a> <a href=\"https:\/\/twitter.com\/hashtag\/cycling?src=hash&amp;ref_src=twsrc%5Etfw\" rel=\"nofollow noopener\" target=\"_blank\">#cycling<\/a> <a href=\"https:\/\/t.co\/uishIV2eR8\" rel=\"nofollow\">pic.twitter.com\/uishIV2eR8<\/a><\/p>\n<p>\u2014 Eurosport Nederland (@Eurosport_NL) <a href=\"https:\/\/twitter.com\/Eurosport_NL\/status\/1979906098581696768?ref_src=twsrc%5Etfw\" rel=\"nofollow noopener\" target=\"_blank\">October 19, 2025<\/a><\/p><\/blockquote>\n<p> &#13;<br \/>\nUna primera edici\u00f3n que deja buen sabor&#13;<\/p>\n<p>Con un cartel notable, recorridos variados y desenlaces emocionantes, la primera edici\u00f3n de la Vuelta a Holanda se cierra con un balance positivo. La victoria de Laporte, las sorpresas como la de Timo de Jong en el VAM-Berg y la consistencia del bloque de Lidl-Trek confirman el acierto de incorporar esta cita al final del calendario del UCI Europe Tour.<\/p>\n<p>&#13;<\/p>\n<p>Con vistas a futuras ediciones, la carrera neerlandesa ya se ha ganado un sitio destacado en el cierre de temporada del ciclismo europeo.<\/p>\n<p>&#13;<\/p>\n<p><b>Clasificaciones de la Vuelta a Holanda 2025 &#8211; Etapa 5<\/b> [<a href=\"https:\/\/www.esciclismo.com\/actualidad\/carretera\/88498.html\" title=\"Clasificaciones de la Vuelta a Holanda 2025 - Etapa 5\" rel=\"nofollow noopener\" target=\"_blank\">Clasificaciones completas<\/a>]<\/p>\n<p>&#13;<\/p>\n<p><b>Clasificaci\u00f3n de la 5\u00aa y \u00faltima etapa:<\/b><br \/>&#13;<br \/>\n1. Danny van Poppel (NED\/Red Bull-Bora) &#8211; 3:03:02<br \/>&#13;<br \/>\n2. Huub Artz (NED\/Intermarch\u00e9-Wanty) &#8211; m.t.<br \/>&#13;<br \/>\n3. Alec Segaert (BEL\/Lotto) a 0:02<br \/>&#13;<br \/>\n4. Cameron Rogers (AUS\/Lidl-Trek) a 0:02<br \/>&#13;<br \/>\n5. Tim Merlier (BEL\/Soudal-Quick Step) a 0:04<br \/>&#13;<br \/>\n6. Olav Kooij (NED\/Visma-Lease a Bike) a 0:04<br \/>&#13;<br \/>\n7. Tobias Lund Andresen (DEN\/Picnic-PostNL) a 0:04<br \/>&#13;<br \/>\n8. Cees Bol (NED\/XDS-Astana) a 0:04<br \/>&#13;<br \/>\n9. Jason Tesson (FRA\/TotalEnergies) a 0:04<br \/>&#13;<br \/>\n10. Tim Torn Teutenberg (GER\/Lidl-Trek) a 0:04<\/p>\n<p>&#13;<\/p>\n<p><b>Clasificaci\u00f3n general final:<\/b><br \/>&#13;<br \/>\n1. Christophe Laporte (FRA\/Visma-Lease a Bike) &#8211; 9:30:36<br \/>&#13;<br \/>\n2. Luk\u00e1s Kubis (SVK\/Unibet Tietema Rockets) a 0:37<br \/>&#13;<br \/>\n3. Jakob S\u00f6derqvist (SWE\/Lidl-Trek) a 1:05<br \/>&#13;<br \/>\n4. Rayan Boulahoite (FRA\/TotalEnergies) a 1:25<br \/>&#13;<br \/>\n5. Rick Ottema (NED\/Diftar Cont.) a 1:26<br \/>&#13;<br \/>\n6. Yves Lampaert (BEL\/Soudal-Quick Step) a 1:28<br \/>&#13;<br \/>\n7. Timo de Jong (NED\/VolkerWessels) a 1:29<br \/>&#13;<br \/>\n8. Hartthijs De Vries (NED\/Unibet Tietema Rockets) a 1:32<br \/>&#13;<br \/>\n9. Daan Hoole (NED\/Lidl-Trek) 1:36<br \/>&#13;<br \/>\n10. Milan Lanhove (BEL\/Flanders-Baloise) a 1:52<\/p>\n<p>&#13;<br \/>\n&#13;<br \/>\n&#13;<br \/>\nEsCiclismo &#8211; Todos los derechos reservados. Est\u00e1 prohibido todo tipo de reproducci\u00f3n sin autorizaci\u00f3n expresa escrita.<br \/>&#13;<br \/>\n&#13;<br \/>\n\t\t<script async src=\"https:\/\/platform.twitter.com\/widgets.js\" charset=\"utf-8\"><\/script><\/p>\n","protected":false},"excerpt":{"rendered":"&#13; &#13; &#13; &#13; &#13; EsCiclismo.com \u00b7 Competici\u00f3n Carretera \u00b7 19\/10\/2025 El franc\u00e9s Christophe Laporte (Visma-Lease a Bike)&hellip;\n","protected":false},"author":2,"featured_media":187470,"comment_status":"","ping_status":"","sticky":false,"template":"","format":"standard","meta":{"footnotes":""},"categories":[273],"tags":[52667,323,49412,313,16080,312,168,7368,1053,2197,158,25,24,314,1820,26681,5215,2179,322,13686,5808,7681,1078,11351,15384,1786,1965,57,23,167,1885,11352,1261,321,1357],"class_list":{"0":"post-187469","1":"post","2":"type-post","3":"status-publish","4":"format-standard","5":"has-post-thumbnail","7":"category-ciclismo","8":"tag-arnhem","9":"tag-bike","10":"tag-christophe","11":"tag-ciclismo","12":"tag-conservar","13":"tag-cycling","14":"tag-deportes","15":"tag-disputada","16":"tag-domingo","17":"tag-edicion","18":"tag-el","19":"tag-es","20":"tag-espana","21":"tag-etapa","22":"tag-frances","23":"tag-holanda","24":"tag-kilometros","25":"tag-laporte","26":"tag-lease","27":"tag-liderato","28":"tag-llegada","29":"tag-parcial","30":"tag-primera","31":"tag-proclamado","32":"tag-quinta","33":"tag-recorrido","34":"tag-salida","35":"tag-sobre","36":"tag-spain","37":"tag-sports","38":"tag-ultima","39":"tag-vencedor","40":"tag-victoria","41":"tag-visma","42":"tag-vuelta"},"share_on_mastodon":{"url":"","error":""},"_links":{"self":[{"href":"https:\/\/www.europesays.com\/es\/wp-json\/wp\/v2\/posts\/187469","targetHints":{"allow":["GET"]}}],"collection":[{"href":"https:\/\/www.europesays.com\/es\/wp-json\/wp\/v2\/posts"}],"about":[{"href":"https:\/\/www.europesays.com\/es\/wp-json\/wp\/v2\/types\/post"}],"author":[{"embeddable":true,"href":"https:\/\/www.europesays.com\/es\/wp-json\/wp\/v2\/users\/2"}],"replies":[{"embeddable":true,"href":"https:\/\/www.europesays.com\/es\/wp-json\/wp\/v2\/comments?post=187469"}],"version-history":[{"count":0,"href":"https:\/\/www.europesays.com\/es\/wp-json\/wp\/v2\/posts\/187469\/revisions"}],"wp:featuredmedia":[{"embeddable":true,"href":"https:\/\/www.europesays.com\/es\/wp-json\/wp\/v2\/media\/187470"}],"wp:attachment":[{"href":"https:\/\/www.europesays.com\/es\/wp-json\/wp\/v2\/media?parent=187469"}],"wp:term":[{"taxonomy":"category","embeddable":true,"href":"https:\/\/www.europesays.com\/es\/wp-json\/wp\/v2\/categories?post=187469"},{"taxonomy":"post_tag","embeddable":true,"href":"https:\/\/www.europesays.com\/es\/wp-json\/wp\/v2\/tags?post=187469"}],"curies":[{"name":"wp","href":"https:\/\/api.w.org\/{rel}","templated":true}]}}