{"id":187503,"date":"2025-10-19T16:36:12","date_gmt":"2025-10-19T16:36:12","guid":{"rendered":"https:\/\/www.europesays.com\/es\/187503\/"},"modified":"2025-10-19T16:36:12","modified_gmt":"2025-10-19T16:36:12","slug":"el-dicorpebal-saca-musculo-y-pasa-por-encima-del-villa-de-aranda","status":"publish","type":"post","link":"https:\/\/www.europesays.com\/es\/187503\/","title":{"rendered":"El Dicorpebal saca m\u00fasculo y pasa por encima del Villa de Aranda"},"content":{"rendered":"<p><a class=\"v-mdl-ath__fig-a\" href=\"https:\/\/www.larioja.com\/autor\/martin-schmitt-307.html\" title=\"Mart\u00edn Schmitt\" rel=\"nofollow noopener\" target=\"_blank\"><br \/>\n<img decoding=\"async\" class=\"v-mdl-ath__img\" src=\"https:\/\/www.europesays.com\/es\/wp-content\/uploads\/2025\/07\/autor-307-foto-1.jpeg\" alt=\"Mart\u00edn Schmitt\"\/><br \/>\n<\/a><\/p>\n<p class=\"v-mdl-ath__p v-mdl-ath__p--6\">\nDomingo, 19 de octubre 2025, 18:26<\/p>\n<p class=\"v-p\">Una muestra de poder, de m\u00fasculo e intensidad, de defensa y ataque bien trabajado. El <a href=\"https:\/\/www.larioja.com\/deportes\/balonmano\/dicorpebal-puede-relajarse-20251018084159-nt.html?srsltid=AfmBOoqgQUsS-Qe4dMco-cMtNjv7u1UkjEEwO8A_EKrye9xeBGk3b5m5\" data-voc-vtm-id=\"in-text-traffic\" title=\"Dicorpebal pas\u00f3 por encima del Villa de Aranda\" data-mrf-link=\"www.larioja.com\" rel=\"nofollow noopener\" target=\"_blank\">Dicorpebal pas\u00f3 por encima del Villa de Aranda<\/a> (42-30) en un encuentro que domin\u00f3 de principio a fin y que supone el tercer triunfo consecutivo del bloque franjivino y que le mantiene en la lucha por los puestos de la zona noble de la Liga Asobal. <\/p>\n<p class=\"v-p\">Con mucho color en las gradas, con la visita de unos 250 aficionados arandinos y una muy buena entrada local, el <a href=\"https:\/\/www.larioja.com\/temas\/entidades\/club-balonmano-ciudad-de-logrono.html\" data-voc-vtm-id=\"in-text-traffic\" title=\"Ciudad de Logro\u00f1o\" data-mrf-link=\"www.larioja.com\" rel=\"nofollow noopener\" target=\"_blank\">Ciudad de Logro\u00f1o<\/a> sali\u00f3 con intensidad al parqu\u00e9 del Palacio de los Deportes. Fuerte en defensa, con un Marcos Cancio efectivo en sus primeras intervenciones y con las ideas claras en ataque, r\u00e1pidamente el equipo riojano se puso a comandar el encuentro (4-1).<\/p>\n<p class=\"v-p\">Pese a ese inicio fulgurante de los franjivino \u2013que este domingo estrenaron la segunda equipaci\u00f3n de color rosa mostrando su apoyo en la lucha contra el c\u00e1ncer de mama\u2013, el encuentro se equilibr\u00f3 por momentos, aunque los de Miguel Velasco llevaban la voz cantante con rentas de dos y tres goles.<\/p>\n<p class=\"v-p\">Los riojanos intentaban imprimir velocidad a las acciones y en un contragol Rogonovs golpe\u00f3 el rostro de Preciado que se hab\u00eda internado en los seis metros del Villa de Aranda. El pivote amarillo vio la roja y a partir de esa superioridad (Sladkowski hab\u00eda sido excluido un minuto antes) el Dicorpebal rompi\u00f3 el partido. La defensa subi\u00f3 la intensidad y el Ciudad de Logro\u00f1o corri\u00f3 m\u00e1s. Tras un gol de Pestic, con 13-7, M\u00e1rquez solicit\u00f3 su primer tiempo muerto.<\/p>\n<p class=\"v-p\">Pese a frenar el \u00edmpetu franjivino, el Dicorpebal sigui\u00f3 a lo suyo. Los riojanos parec\u00edan aviones y la defensa una muralla. Y cuando alg\u00fan jugador arandino encontraba un hueco aparec\u00eda Cancio, que en el festival de goles que se convirti\u00f3 la primera parte logr\u00f3 detener ocho balones. En la \u00e1rea opuesta, Vasco Teixeira ocupaba el lugar de un desacertado Pau Guitart.<\/p>\n<p class=\"v-p\">A los 24 minutos, el Villa de Aranda volv\u00eda a detener el reloj y M\u00e1rquez ordenaba una mixta sobre Pergel. Con tanta desigualdad en la cancha, los aficionados visitantes empezaron a cantar sin parar, lo que contagi\u00f3 un poco a los suyos, que recortaron distancias antes del descanso 23-16.<\/p>\n<p class=\"v-p\">Tras el paso por vestuarios nada cambi\u00f3. El Dicorpebal no baj\u00f3 ni un \u00e1pice su intensidad. Como si se tratara de un encuentro igualado, continu\u00f3 haciendo da\u00f1o con un Preciado estelar y con \u00c1lvaro Mart\u00ednez y Andrej Pergel como ejecutores de una ofensiva que crece partido a partido. El partido ya estaba sentenciado para el minuto 40 (30-20), pero los de Velasco continuaron dej\u00e1ndose todo en cada acci\u00f3n, sin guardarse nada. <\/p>\n<p class=\"v-p\">El Villa de Aranda tampoco bajaba los brazos. Est\u00e1 en su ADN de equipo luchador, corrosivo e infatigable. El bloque arandino perdi\u00f3 por lesi\u00f3n a Cardoso (tuvo que ser retirado del campo por Zaja y \u00c1lvaro Mart\u00ednez), que fue el \u00fanico momento feo de la tarde. <\/p>\n<p class=\"v-p\">Mientras tanto, Marcos Cancio manten\u00eda su efectividad bajo palos \u2013termin\u00f3 el encuentro con catorce paradas\u2013 mientras que sus compa\u00f1eros corr\u00edan cuando pod\u00edan. A falta de quince minutos saltaron al campo Luis Ju\u00e1rez y Unai Gal\u00e1n, que hasta ese momento no hab\u00eda jugado. El navarro anot\u00f3 dos goles y mantuvo la tensi\u00f3n del equipo, que acab\u00f3 celebrando una goleada (42-30) ante un buen grupo de espectadores en uno de esos partidos que est\u00e1n llamados a fidelizar a los aficionados.<\/p>\n<p>Reporta un error<\/p>\n<p class=\"v-crt__t\"> L\u00edmite de sesiones alcanzadas<\/p>\n<p class=\"v-crt__p\">El acceso al contenido Premium est\u00e1 abierto por cortes\u00eda del establecimiento donde te encuentras, pero ahora mismo hay demasiados usuarios conectados a las vez.<\/p>\n<p class=\"v-crt__p\">Por favor, int\u00e9ntalo pasados unos minutos.<\/p>\n<p>\nVolver a intentar\n<\/p>\n<p class=\"v-crt__t\">Sesi\u00f3n cerrada<\/p>\n<p class=\"v-crt__p\">Al iniciar sesi\u00f3n desde un dispositivo distinto, por seguridad, se cerr\u00f3 la \u00faltima sesi\u00f3n en este.<\/p>\n<p class=\"v-crt__p\">Para continuar disfrutando de su suscripci\u00f3n digital, inicie sesi\u00f3n en este dispositivo.<\/p>\n<p>\nEste contenido es exclusivo para suscriptores\n<\/p>\n<p class=\"text\">\u00bfTienes una suscripci\u00f3n? <a href=\"https:\/\/secure.larioja.com\/login\/login.html#vca=suscribete&amp;vso=larioja&amp;vmc=on&amp;vli=cdn-ce-link-login\" class=\"login\" data-voc-vtm-id=\"comienzoSuscripcionON\" data-voc-vtm-info=\"cdn-ce-link-login\" rel=\"nofollow noopener\" target=\"_blank\">Inicia sesi\u00f3n<\/a><\/p>\n","protected":false},"excerpt":{"rendered":"Domingo, 19 de octubre 2025, 18:26 Una muestra de poder, de m\u00fasculo e intensidad, de defensa y ataque&hellip;\n","protected":false},"author":2,"featured_media":187504,"comment_status":"","ping_status":"","sticky":false,"template":"","format":"standard","meta":{"footnotes":""},"categories":[278],"tags":[11836,376,168,46472,2343,25,24,375,4013,3954,12850,23,167,14221],"class_list":{"0":"post-187503","1":"post","2":"type-post","3":"status-publish","4":"format-standard","5":"has-post-thumbnail","7":"category-balonmano","8":"tag-aranda","9":"tag-balonmano","10":"tag-deportes","11":"tag-dicorpebal","12":"tag-encima","13":"tag-es","14":"tag-espana","15":"tag-handball","16":"tag-musculo","17":"tag-pasa","18":"tag-saca","19":"tag-spain","20":"tag-sports","21":"tag-villa"},"share_on_mastodon":{"url":"","error":""},"_links":{"self":[{"href":"https:\/\/www.europesays.com\/es\/wp-json\/wp\/v2\/posts\/187503","targetHints":{"allow":["GET"]}}],"collection":[{"href":"https:\/\/www.europesays.com\/es\/wp-json\/wp\/v2\/posts"}],"about":[{"href":"https:\/\/www.europesays.com\/es\/wp-json\/wp\/v2\/types\/post"}],"author":[{"embeddable":true,"href":"https:\/\/www.europesays.com\/es\/wp-json\/wp\/v2\/users\/2"}],"replies":[{"embeddable":true,"href":"https:\/\/www.europesays.com\/es\/wp-json\/wp\/v2\/comments?post=187503"}],"version-history":[{"count":0,"href":"https:\/\/www.europesays.com\/es\/wp-json\/wp\/v2\/posts\/187503\/revisions"}],"wp:featuredmedia":[{"embeddable":true,"href":"https:\/\/www.europesays.com\/es\/wp-json\/wp\/v2\/media\/187504"}],"wp:attachment":[{"href":"https:\/\/www.europesays.com\/es\/wp-json\/wp\/v2\/media?parent=187503"}],"wp:term":[{"taxonomy":"category","embeddable":true,"href":"https:\/\/www.europesays.com\/es\/wp-json\/wp\/v2\/categories?post=187503"},{"taxonomy":"post_tag","embeddable":true,"href":"https:\/\/www.europesays.com\/es\/wp-json\/wp\/v2\/tags?post=187503"}],"curies":[{"name":"wp","href":"https:\/\/api.w.org\/{rel}","templated":true}]}}