{"id":187511,"date":"2025-10-19T16:42:09","date_gmt":"2025-10-19T16:42:09","guid":{"rendered":"https:\/\/www.europesays.com\/es\/187511\/"},"modified":"2025-10-19T16:42:09","modified_gmt":"2025-10-19T16:42:09","slug":"la-f1-anuncia-que-el-gran-premio-de-eeuu-seguira-en-el-calendario-del-mundial-hasta-2034","status":"publish","type":"post","link":"https:\/\/www.europesays.com\/es\/187511\/","title":{"rendered":"La F1 anuncia que el Gran Premio de EEUU seguir\u00e1 en el calendario del Mundial hasta 2034"},"content":{"rendered":"\n<p> La <strong>F\u00f3rmula 1 <\/strong>anunci\u00f3 este domingo que el <a href=\"https:\/\/www.elconfidencial.com\/deportes\/2025-10-19\/carrera-f1-gp-estados-unidos-directo_4231013\/\" target=\"_self\" rel=\"nofollow noopener\">Gran Premio de Estados Unidos<\/a>, que se disputa en el Circuito de las Am\u00e9ricas (COTA) de Austin, Texas, desde 2012, seguir\u00e1 formando parte del calendario del Mundial <strong>hasta la temporada 2034<\/strong> inclusive. <\/p>\n<p> \u00abEl nuevo acuerdo <strong>garantiza el futuro a largo plazo del evento<\/strong>, ya que la F\u00f3rmula 1 sigue experimentando un importante crecimiento en todo Estados Unidos\u00bb, <a href=\"https:\/\/www.formula1.com\/en\/latest\/article\/formula-1-announces-extension-of-the-united-states-grand-prix-through-2034.1Qxc1oXyrxaSVLKn2IPvRu\" target=\"_blank\" rel=\"nofollow noopener\">indican los organizadores del Mundial en una nota de prensa<\/a>. <\/p>\n<p>              <img decoding=\"async\" class=\"inTextNews__img\" alt=\"Foto: gran-premio-estados-unidos-carrera-esprint-cronica\" src=\"https:\/\/www.europesays.com\/es\/wp-content\/uploads\/2025\/10\/f.elconfidencial.com\/original\/1c8\/c6f\/6bb\/1c8c6f6bb56aae933bf4b315bf4bb094.jpg\"  \/>     <\/p>\n<p>TE PUEDE INTERESAR<\/p>\n<p>      <a class=\"inTextNews__title\" href=\"https:\/\/www.elconfidencial.com\/deportes\/formula-1\/2025-10-18\/gran-premio-estados-unidos-carrera-esprint-cronica_4230777\/\" onclick=\"window.ECCO.emit(&#039;amplitude&#039;, { dataEventName: &#039;click_related_article_module&#039;, data: { related_article_url: &#039;https:\/\/www.elconfidencial.com\/deportes\/formula-1\/2025-10-18\/gran-premio-estados-unidos-carrera-esprint-cronica_4230777\/&#039;, related_article_author: &#039;Rub\u00e9n Rodr\u00edguez&#039;, related_article_section: &#039;formula-1&#039; } })\" rel=\"nofollow noopener\" target=\"_blank\"> Verstappen triunfa en el l\u00edo de los McLaren: otro regalo al Mundial, con Sainz tercero en EEUU <\/a>   <\/p>\n<p>    Rub\u00e9n Rodr\u00edguez   <\/p>\n<p> Desde su debut en el Mundial en 2012, <a href=\"https:\/\/www.elconfidencial.com\/deportes\/formula-1\/2025-10-18\/gran-premio-estados-unidos-carrera-esprint-cronica_4230777\/\" target=\"_self\" rel=\"nofollow noopener\">el Gran Premio de Estados Unidos ha tenido seis ganadores diferentes<\/a> en ese tiempo, incluido <strong>Lewis Hamilton<\/strong>, con un r\u00e9cord de cinco victorias en lo m\u00e1s alto del podio. En 2024, el monegasco <strong>Charles Leclerc<\/strong>, de Ferrari, consigui\u00f3 su primera victoria en el Circuito de las Am\u00e9ricas al romper la racha de tres a\u00f1os de victorias del neerland\u00e9s <strong>Max Verstappen<\/strong> (Red Bull) y asegurando los dos primeros puestos para el equipo Scuderia de entonces, <a href=\"https:\/\/www.elconfidencial.com\/deportes\/formula-1\/2025-10-19\/alonso-sainz-aston-martin-williams-gp-estados-unidos_4230857\/\" target=\"_self\" rel=\"nofollow noopener\">con el espa\u00f1ol Carlos Sainz en segunda posici\u00f3n<\/a>. <\/p>\n<p> \u00abEn Estados Unidos,<strong> la F\u00f3rmula 1 sigue experimentando un crecimiento con una base de aficionados de 52 millones<\/strong>, lo que supone un aumento interanual del 11%, y m\u00e1s de 5,5 millones de seguidores estadounidenses en los canales sociales de este deporte\u00bb, indica la F1. <\/p>\n<blockquote class=\"twitter-tweet\">\n<p lang=\"en\" dir=\"ltr\">Full story here \u2935\ufe0f<a href=\"https:\/\/twitter.com\/hashtag\/F1?src=hash&amp;ref_src=twsrc%5Etfw\" rel=\"nofollow noopener\" target=\"_blank\">#F1<\/a> <a href=\"https:\/\/twitter.com\/hashtag\/USGP?src=hash&amp;ref_src=twsrc%5Etfw\" rel=\"nofollow noopener\" target=\"_blank\">#USGP<\/a> <a href=\"https:\/\/t.co\/n0nTftXNW0\" rel=\"nofollow\">https:\/\/t.co\/n0nTftXNW0<\/a><\/p>\n<p>\u2014 Formula 1 (@F1) <a href=\"https:\/\/twitter.com\/F1\/status\/1979934208370897118?ref_src=twsrc%5Etfw\" rel=\"nofollow noopener\" target=\"_blank\">October 19, 2025<\/a><\/p><\/blockquote>\n<p> Y agrega que \u00abuna encuesta global a los aficionados a la F1 realizada en 2025 tambi\u00e9n revel\u00f3 que el 47% de los nuevos aficionados estadounidenses a la F\u00f3rmula 1, que llevan cinco a\u00f1os o menos siguiendo este deporte,<strong> tienen entre 18 y 24 a\u00f1os y m\u00e1s de la mitad son mujeres<\/strong>, lo que refleja el atractivo de este deporte para un p\u00fablico <strong>m\u00e1s joven y diverso<\/strong>\u00ab. <\/p>\n<p> Adem\u00e1s, el Gran Premio de Estados Unidos \u00abgener\u00f3 un impacto econ\u00f3mico de 7.000 millones de d\u00f3lares en Austin y Texas, y se estima que solo el Gran Premio de 2025 <strong>atraer\u00e1 un gasto directo e indirecto de m\u00e1s de 1.000 millones de d\u00f3lares<\/strong>, lo que supondr\u00e1 38 millones en ingresos fiscales para el estado de Texas\u00bb, se\u00f1ala la F1.  <\/p>\n<p> La <strong>F\u00f3rmula 1 <\/strong>anunci\u00f3 este domingo que el <a href=\"https:\/\/www.elconfidencial.com\/deportes\/2025-10-19\/carrera-f1-gp-estados-unidos-directo_4231013\/\" target=\"_self\" rel=\"nofollow noopener\">Gran Premio de Estados Unidos<\/a>, que se disputa en el Circuito de las Am\u00e9ricas (COTA) de Austin, Texas, desde 2012, seguir\u00e1 formando parte del calendario del Mundial <strong>hasta la temporada 2034<\/strong> inclusive. <\/p>\n<p>              <script async src=\"https:\/\/platform.twitter.com\/widgets.js\" charset=\"utf-8\"><\/script><\/p>\n","protected":false},"excerpt":{"rendered":"La F\u00f3rmula 1 anunci\u00f3 este domingo que el Gran Premio de Estados Unidos, que se disputa en el&hellip;\n","protected":false},"author":2,"featured_media":187512,"comment_status":"","ping_status":"","sticky":false,"template":"","format":"standard","meta":{"footnotes":""},"categories":[270],"tags":[168,25,24,306,271,272,23,167],"class_list":{"0":"post-187511","1":"post","2":"type-post","3":"status-publish","4":"format-standard","5":"has-post-thumbnail","7":"category-formula-1","8":"tag-deportes","9":"tag-es","10":"tag-espana","11":"tag-f1","12":"tag-formula-1","13":"tag-formula1","14":"tag-spain","15":"tag-sports"},"share_on_mastodon":{"url":"","error":""},"_links":{"self":[{"href":"https:\/\/www.europesays.com\/es\/wp-json\/wp\/v2\/posts\/187511","targetHints":{"allow":["GET"]}}],"collection":[{"href":"https:\/\/www.europesays.com\/es\/wp-json\/wp\/v2\/posts"}],"about":[{"href":"https:\/\/www.europesays.com\/es\/wp-json\/wp\/v2\/types\/post"}],"author":[{"embeddable":true,"href":"https:\/\/www.europesays.com\/es\/wp-json\/wp\/v2\/users\/2"}],"replies":[{"embeddable":true,"href":"https:\/\/www.europesays.com\/es\/wp-json\/wp\/v2\/comments?post=187511"}],"version-history":[{"count":0,"href":"https:\/\/www.europesays.com\/es\/wp-json\/wp\/v2\/posts\/187511\/revisions"}],"wp:featuredmedia":[{"embeddable":true,"href":"https:\/\/www.europesays.com\/es\/wp-json\/wp\/v2\/media\/187512"}],"wp:attachment":[{"href":"https:\/\/www.europesays.com\/es\/wp-json\/wp\/v2\/media?parent=187511"}],"wp:term":[{"taxonomy":"category","embeddable":true,"href":"https:\/\/www.europesays.com\/es\/wp-json\/wp\/v2\/categories?post=187511"},{"taxonomy":"post_tag","embeddable":true,"href":"https:\/\/www.europesays.com\/es\/wp-json\/wp\/v2\/tags?post=187511"}],"curies":[{"name":"wp","href":"https:\/\/api.w.org\/{rel}","templated":true}]}}