{"id":187518,"date":"2025-10-19T16:47:18","date_gmt":"2025-10-19T16:47:18","guid":{"rendered":"https:\/\/www.europesays.com\/es\/187518\/"},"modified":"2025-10-19T16:47:18","modified_gmt":"2025-10-19T16:47:18","slug":"el-nuevo-libro-sobre-el-arte-de-gobernar-con-sus-mejores-frases","status":"publish","type":"post","link":"https:\/\/www.europesays.com\/es\/187518\/","title":{"rendered":"el nuevo libro sobre \u00abEl arte de gobernar\u00bb con sus mejores frases"},"content":{"rendered":"\n<p> El expresidente del Gobierno<strong> Mariano Rajoy<\/strong> est\u00e1 ultimando la publicaci\u00f3n de un nuevo libro basado en su experiencia como gobernante y que est\u00e1 previsto que salga a la luz a finales de noviembre. Seg\u00fan ha explicado a <a href=\"https:\/\/www.elconfidencial.com\/\" target=\"_self\" rel=\"nofollow noopener\">El Confidencial<\/a>, se trata de un conjunto de consideraciones sobre cuestiones pol\u00edticas, <strong>\u00abno demasiado ideol\u00f3gicas\u00bb,<\/strong> que constar\u00e1 de tres partes y que partir\u00e1 de sus mejores frases y reflexiones a lo largo de cuarenta a\u00f1os en pol\u00edtica. <\/p>\n<p> Con \u00abEl arte de gobernar\u00bb como t\u00edtulo y editado por Almuzara, la publicaci\u00f3n se centrar\u00e1 en \u00ablos secretos y fundamentos humanos de la sabidur\u00eda pol\u00edtica\u00bb y partir\u00e1 de <strong>una colecci\u00f3n de principios concisos y directos<\/strong> sobre los <a href=\"https:\/\/www.elconfidencial.com\/espana\/2018-06-10\/pp-rajoy-genova-sucesion-feijoo-congreso_1576433\/\" target=\"_self\" rel=\"nofollow noopener\">aspectos humanos del gobierno<\/a>, los pilares de la democracia y los desaf\u00edos del mundo contempor\u00e1neo. \u00abDesde el respeto a las instituciones hasta la amenaza del populismo, <strong>Rajoy aborda con claridad y experiencia los temas que definen nuestro tiempo<\/strong>\u00ab, explica la editorial. <\/p>\n<p> Su animadversi\u00f3n hacia el populismo qued\u00f3 clara <a href=\"https:\/\/www.elconfidencial.com\/espana\/2025-10-02\/rajoy-populista-extrema-derecha-extrema-izquierda-extrema-nada_4221075\/\" target=\"_self\" rel=\"nofollow noopener\">en su \u00faltima aparici\u00f3n p\u00fablica<\/a>, en el <a href=\"https:\/\/www.forolatoja.com\/\" target=\"_blank\" rel=\"nofollow noopener\">Foro La Toja<\/a> el pasado 2 de octubre: \u00abUn populista puede ser de extrema derecha, de extrema izquierda, de extrema nada o de extrema estupidez\u00bb, dijo tras advertir de que este tipo de pol\u00edtico \u00ab<strong>puede ser un millonario de Nueva York<\/strong>, un comunista espa\u00f1ol fascinado por dictaduras tropicales o un xen\u00f3fobo centroeuropeo\u00bb. <\/p>\n<p> Despu\u00e9s de <a href=\"https:\/\/www.elconfidencial.com\/espana\/2018-07-20\/rajoy-pp-congreso-gobierno-sucesion-partido_1595561\/\" target=\"_self\" rel=\"nofollow noopener\">cuatro d\u00e9cadas dedicadas a la pol\u00edtica<\/a>, como diputado, ministro y presidente del Gobierno, el expresidente busca compartir en estas p\u00e1ginas las lecciones que le ha ense\u00f1ado la realidad en el ejercicio del poder, de modo que aspira a ofrecer \u00ab<strong>una s\u00edntesis de sus convicciones m\u00e1s profundas<\/strong>\u00ab. Con la autoridad de quien ha gobernado Espa\u00f1a durante una de sus crisis m\u00e1s graves y la perspectiva de quien ha vivido la pol\u00edtica desde dentro, el expresidente nos ofrece una mirada sin concesiones sobre el arte de gobernar. Una obra para comprender los fundamentos de la pol\u00edtica como servicio p\u00fablico y los retos a los que se enfrentan las democracias del siglo XXI. <\/p>\n<p>              <img decoding=\"async\" class=\"inTextNews__img\" alt=\"Foto: rajoy-populista-extrema-derecha-extrema-izquierda-extrema-nada\" src=\"https:\/\/www.europesays.com\/es\/wp-content\/uploads\/2025\/10\/f.elconfidencial.com\/original\/65a\/6ac\/10d\/65a6ac10da3b4c328a0f0d381d0827c7.jpg\"  \/>     <\/p>\n<p>TE PUEDE INTERESAR<\/p>\n<p>      <a class=\"inTextNews__title\" href=\"https:\/\/www.elconfidencial.com\/espana\/2025-10-02\/rajoy-populista-extrema-derecha-extrema-izquierda-extrema-nada_4221075\/\" onclick=\"window.ECCO.emit(&#039;amplitude&#039;, { dataEventName: &#039;click_related_article_module&#039;, data: { related_article_url: &#039;https:\/\/www.elconfidencial.com\/espana\/2025-10-02\/rajoy-populista-extrema-derecha-extrema-izquierda-extrema-nada_4221075\/&#039;, related_article_author: &#039;Juan Fern\u00e1ndez-Miranda&#039;, related_article_section: &#039;espana&#039; } })\" rel=\"nofollow noopener\" target=\"_blank\"> Rajoy: \u00abUn populista puede ser de extrema derecha, de extrema izquierda, de extrema nada o de extrema estupidez\u00bb <\/a>   <\/p>\n<p>    Juan Fern\u00e1ndez-Miranda. La Toja (Pontevedra)   <\/p>\n<p> A modo de conclusi\u00f3n, el expresidente subraya que \u00abla pol\u00edtica, por dura que sea en ocasiones, merece la pena. <strong>Un pol\u00edtico es un ciudadano<\/strong> que se dedica a los intereses p\u00fablicos y que toma decisiones para organizar todo lo que afecte a los mismos. Es alguien que sirve a una comunidad y trabaja para mejorar la vida de la gente\u00bb. <\/p>\n<p> Se trata del <strong>tercer libro de Rajoy desde que sali\u00f3 de La Moncloa<\/strong> tras la moci\u00f3n de censura del 1 de junio de 2018. El primero es Una Espa\u00f1a mejor (Debolsillo, 2019), el relato en primera persona de sus a\u00f1os en la Presidencia del Gobierno. El segundo es Pol\u00edtica para Adultos (Plaza y Jan\u00e9s, 2021), <a href=\"https:\/\/blogs.elconfidencial.com\/espana\/al-grano\/2021-12-01\/marianismo-formato-libro-politica-adultos_3333724\/\" target=\"_self\" rel=\"nofollow noopener\">un repaso a los diez a\u00f1os de la pol\u00edtica espa\u00f1ola<\/a> despu\u00e9s del 15-M y el surgimiento de nuevas fuerzas pol\u00edticas con liderazgos muy j\u00f3venes, b\u00e1sicamente Podemos con <strong>Pablo Iglesias <\/strong>y Ciudadanos con <strong>Albert Rivera<\/strong>. <\/p>\n<p>            Sus otras frases           <\/p>\n<p> Aunque no tiene que ver con este libro, es conocido que, ya como expresidente del Gobierno, Rajoy ha adquirido una gran popularidad en redes sociales gracias a una serie de<strong> frases enigm\u00e1ticas <\/strong>que combinan los juegos de palabras, y alg\u00fan error, con la circunstancia de que fueron pronunciadas con una gran convicci\u00f3n. El mayor ejemplo es el<a href=\"https:\/\/www.elconfidencial.com\/espana\/2013-12-18\/rajoy-asegura-que-tiene-las-ideas-muy-claras-y-que-no-dividira-a-los-espanoles_68109\/\" target=\"_self\" rel=\"nofollow noopener\"> \u00ablos espa\u00f1oles son muy espa\u00f1oles y mucho espa\u00f1oles\u00bb<\/a>, frase que se vendi\u00f3 estampada en camisetas en los puestos de merchandising del congreso nacional del PP de julio de 2025. <\/p>\n<p>                  <img decoding=\"async\" class=\"inTextNews__img\" alt=\"Foto: feijoo-marca-perro-sanxe-ataque-lema\" src=\"https:\/\/www.europesays.com\/es\/wp-content\/uploads\/2025\/10\/f.elconfidencial.com\/original\/e0a\/20a\/8e5\/e0a20a8e5a1ad8fb9307c09e89dcc776.jpg\"  \/>     <\/p>\n<p>TE PUEDE INTERESAR<\/p>\n<p>      <a class=\"inTextNews__title\" href=\"https:\/\/www.elconfidencial.com\/espana\/2025-07-04\/feijoo-marca-perro-sanxe-ataque-lema_4166307\/\" onclick=\"window.ECCO.emit(&#039;amplitude&#039;, { dataEventName: &#039;click_related_article_module&#039;, data: { related_article_url: &#039;https:\/\/www.elconfidencial.com\/espana\/2025-07-04\/feijoo-marca-perro-sanxe-ataque-lema_4166307\/&#039;, related_article_author: &#039;Ana Bel\u00e9n Ramos&#039;, related_article_section: &#039;espana&#039; } })\" rel=\"nofollow noopener\" target=\"_blank\"> Feij\u00f3o se marca un \u00abPerro Sanxe\u00bb y convierte el ataque en lema: \u00abNo soy presidente porque no quiero\u00bb <\/a>   <\/p>\n<p>    Ana Bel\u00e9n Ramos   <\/p>\n<p> Tambi\u00e9n son muy recurrentes las siguientes: \u00abHar\u00e9 todo lo que pueda y un poco m\u00e1s de lo que pueda si es que eso es posible, y har\u00e9 todo lo posible e incluso lo imposible si tambi\u00e9n lo imposible es posible\u00bb; \u00ab<strong>Somos sentimientos y tenemos seres humanos<\/strong>\u00ab; \u00abHay que fabricar m\u00e1quinas que nos permitan seguir fabricando m\u00e1quinas, porque lo que no va a hacer nunca la m\u00e1quina es fabricar m\u00e1quinas\u00bb o \u00ab<a href=\"https:\/\/www.elconfidencial.com\/espana\/2023-07-15\/mariano-rajoy-frase_3701134\/\" target=\"_self\" rel=\"nofollow noopener\">Es el alcalde el que quiere que sean los vecinos el alcalde<\/a>\u00ab. <\/p>\n<p> Especialmente hilarante es <a href=\"https:\/\/www.elconfidencial.com\/television\/programas-tv\/2017-06-14\/mariano-rajoy-lio-discurso-peor-mejor-el-intermedio_1399213\/\" target=\"_self\" rel=\"nofollow noopener\">una escena en el Congreso<\/a> cuando, dirigi\u00e9ndose a un asombrado <strong>Pablo Iglesias<\/strong>, un Rajoy vehemente le espeta: \u00abTodo su proyecto pol\u00edtico se resume en una m\u00e1xima: cuanto peor mejor para todos y cuanto peor para todos mejor, <strong>mejor para m\u00ed el suyo beneficio pol\u00edtico<\/strong>\u00ab. <\/p>\n<p> El expresidente del Gobierno<strong> Mariano Rajoy<\/strong> est\u00e1 ultimando la publicaci\u00f3n de un nuevo libro basado en su experiencia como gobernante y que est\u00e1 previsto que salga a la luz a finales de noviembre. Seg\u00fan ha explicado a <a href=\"https:\/\/www.elconfidencial.com\/\" target=\"_self\" rel=\"nofollow noopener\">El Confidencial<\/a>, se trata de un conjunto de consideraciones sobre cuestiones pol\u00edticas, <strong>\u00abno demasiado ideol\u00f3gicas\u00bb,<\/strong> que constar\u00e1 de tres partes y que partir\u00e1 de sus mejores frases y reflexiones a lo largo de cuarenta a\u00f1os en pol\u00edtica. <\/p>\n","protected":false},"excerpt":{"rendered":"El expresidente del Gobierno Mariano Rajoy est\u00e1 ultimando la publicaci\u00f3n de un nuevo libro basado en su experiencia&hellip;\n","protected":false},"author":2,"featured_media":187519,"comment_status":"","ping_status":"","sticky":false,"template":"","format":"standard","meta":{"footnotes":""},"categories":[172],"tags":[224,146,147,25,24,225,23],"class_list":{"0":"post-187518","1":"post","2":"type-post","3":"status-publish","4":"format-standard","5":"has-post-thumbnail","7":"category-libros","8":"tag-books","9":"tag-entertainment","10":"tag-entretenimiento","11":"tag-es","12":"tag-espana","13":"tag-libros","14":"tag-spain"},"share_on_mastodon":{"url":"","error":""},"_links":{"self":[{"href":"https:\/\/www.europesays.com\/es\/wp-json\/wp\/v2\/posts\/187518","targetHints":{"allow":["GET"]}}],"collection":[{"href":"https:\/\/www.europesays.com\/es\/wp-json\/wp\/v2\/posts"}],"about":[{"href":"https:\/\/www.europesays.com\/es\/wp-json\/wp\/v2\/types\/post"}],"author":[{"embeddable":true,"href":"https:\/\/www.europesays.com\/es\/wp-json\/wp\/v2\/users\/2"}],"replies":[{"embeddable":true,"href":"https:\/\/www.europesays.com\/es\/wp-json\/wp\/v2\/comments?post=187518"}],"version-history":[{"count":0,"href":"https:\/\/www.europesays.com\/es\/wp-json\/wp\/v2\/posts\/187518\/revisions"}],"wp:featuredmedia":[{"embeddable":true,"href":"https:\/\/www.europesays.com\/es\/wp-json\/wp\/v2\/media\/187519"}],"wp:attachment":[{"href":"https:\/\/www.europesays.com\/es\/wp-json\/wp\/v2\/media?parent=187518"}],"wp:term":[{"taxonomy":"category","embeddable":true,"href":"https:\/\/www.europesays.com\/es\/wp-json\/wp\/v2\/categories?post=187518"},{"taxonomy":"post_tag","embeddable":true,"href":"https:\/\/www.europesays.com\/es\/wp-json\/wp\/v2\/tags?post=187518"}],"curies":[{"name":"wp","href":"https:\/\/api.w.org\/{rel}","templated":true}]}}