{"id":187538,"date":"2025-10-19T16:59:08","date_gmt":"2025-10-19T16:59:08","guid":{"rendered":"https:\/\/www.europesays.com\/es\/187538\/"},"modified":"2025-10-19T16:59:08","modified_gmt":"2025-10-19T16:59:08","slug":"gustavo-petro-trump-esta-enganado-el-principal-enemigo-del-narcotrafico-soy-yo","status":"publish","type":"post","link":"https:\/\/www.europesays.com\/es\/187538\/","title":{"rendered":"Gustavo Petro: \u201cTrump est\u00e1 enga\u00f1ado. El principal enemigo del narcotr\u00e1fico soy yo\u201d"},"content":{"rendered":"<p class=\"\">El presidente Gustavo Petro respondi\u00f3 a las <a href=\"https:\/\/elpais.com\/internacional\/2025-10-19\/trump-acusa-a-petro-de-ser-un-lider-narcotraficante.html\" target=\"_blank\" rel=\"noreferrer nofollow noopener\" title=\"https:\/\/elpais.com\/internacional\/2025-10-19\/trump-acusa-a-petro-de-ser-un-lider-narcotraficante.html\">acusaciones sin pruebas que lanz\u00f3 Donald Trump<\/a> en su contra en la ma\u00f1ana de este domingo a trav\u00e9s de su red social Truth. \u201cTrump est\u00e1 enga\u00f1ado por sus logias y asesores. El principal enemigo que tuvo el narcotr\u00e1fico en Colombia en el siglo XXI fue quien descubri\u00f3 sus v\u00ednculos con el poder pol\u00edtico del pa\u00eds. Ese fui yo\u201d, escribi\u00f3 el mandatario en X, su red social favorita. El presidente de izquierda tambi\u00e9n asegur\u00f3 que promover la paz con todos los grupos criminales no equivale a ser narcotraficante.<\/p>\n<blockquote class=\"twitter-tweet\">\n<p lang=\"es\" dir=\"ltr\">Trump est\u00e1 enga\u00f1ado de sus logias y asesores. El principal enemigo que tuvo el narcotr\u00e1fico en Colombia, fue en el siglo XXI, el que le descubri\u00f3 sus relaciones con el poder pol\u00edtico de Colombia. Ese fu\u00ed yo.<\/p>\n<p>Le recomiendo a Trump leer bien a Colombia y determinar en qu\u00e9 parte\u2026<\/p>\n<p>\u2014 Gustavo Petro (@petrogustavo) <a href=\"https:\/\/twitter.com\/petrogustavo\/status\/1979916622811828711?ref_src=twsrc%5Etfw\" rel=\"nofollow noopener\" target=\"_blank\">October 19, 2025<\/a><\/p><\/blockquote>\n<p class=\"\">El nuevo choque entre ambos mandatarios ha alcanzado una alta visibilidad luego de que el mandatario republicano se\u00f1alara al Gobierno colombiano de tener nexos con el narcotr\u00e1fico. \u201cUn l\u00edder del narcotr\u00e1fico que incentiva la producci\u00f3n masiva de drogas, tanto en campos grandes como peque\u00f1os, por toda Colombia\u201d. En la misma publicaci\u00f3n, Trump ha anunciado la suspensi\u00f3n de los apoyos econ\u00f3micos de su pa\u00eds a la lucha contra las drogas en el pa\u00eds andino. \u201cEl narcotr\u00e1fico se ha convertido, con diferencia, en el mayor negocio de Colombia y Petro no hace nada para detenerlo a pesar de los pagos y subsidios a gran escala de Estados Unidos, que no son m\u00e1s que una estafa a largo plazo\u201d. <\/p>\n<p class=\"\">En otro trino, en respuesta a Trump, Petro busc\u00f3 delimitar el conflicto al plano personal. \u201cYo respeto la historial, la cultura y los pueblos de Estados Unidos. No son enemigos m\u00edos. El problema es con Trump, no con los Estados Unidos\u201d. <\/p>\n<p class=\"\">Las palabras de Trump y la r\u00e9plica de Petro encendieron el debate pol\u00edtico en Colombia. La <a href=\"https:\/\/elpais.com\/america-colombia\/2025-04-19\/la-derecha-colombiana-toma-con-pinzas-las-politicas-aduaneras-de-trump.html\" target=\"_blank\" rel=\"noreferrer nofollow noopener\" title=\"https:\/\/elpais.com\/america-colombia\/2025-04-19\/la-derecha-colombiana-toma-con-pinzas-las-politicas-aduaneras-de-trump.html\">precandidata presidencial de la derecha, Mar\u00eda Fernanda Cabal<\/a>, ha aprovechado para calificar de ileg\u00edtima la presidencia de la que es opositora f\u00e9rrea. \u201cGan\u00f3 con fraude superando los topes de campa\u00f1a. Nos llen\u00f3 de coca y de grupos ilegales que lo llevaron al poder\u201d, ha dicho la senadora del Centro Democr\u00e1tico. Por esa misma l\u00ednea, la tambi\u00e9n aspirante de derechas Vicky D\u00e1vila ha dicho que el presidente \u201cha permitido el avance del narcotr\u00e1fico en Colombia y les ha dado beneficios permanentes de libertad e impunidad\u201d. <\/p>\n<p class=\"\">Desde la otra orilla, el senador <a href=\"https:\/\/elpais.com\/america-colombia\/2025-09-03\/ivan-cepeda-mi-propuesta-es-continuar-el-programa-de-petro.html\" target=\"_blank\" rel=\"noreferrer nofollow noopener\" title=\"https:\/\/elpais.com\/america-colombia\/2025-09-03\/ivan-cepeda-mi-propuesta-es-continuar-el-programa-de-petro.html\">Iv\u00e1n Cepeda<\/a>, uno de los aspirantes para suceder a Petro en las elecciones presidenciales del pr\u00f3ximo semestre, se lanz\u00f3 contra Trump. \u201cLo dice \u00e9l: el jefe de Estado del pa\u00eds que tiene 5 millones de consumidores de coca\u00edna, y un mercado en expansi\u00f3n de todo tipo de drogas il\u00edcitas. Su furia es que en Colombia tenemos un mandatario digno, que no se arrodilla y que exige que EE. UU. asuma su responsabilidad en el problema del narcotr\u00e1fico\u201d, se\u00f1al\u00f3.<\/p>\n<p class=\"\">Por esa misma l\u00ednea, la senadora oficialista Mar\u00eda Jos\u00e9 Pizarro ha defendido la gesti\u00f3n del Gobierno en la lucha contra las drogas y ha pedido respeto por el jefe de Estado. \u201cEste es el gobierno que m\u00e1s ha golpeado al narcotr\u00e1fico en la historia reciente de Colombia. Somos el pa\u00eds que m\u00e1s coca\u00edna incauta en el mar y el que m\u00e1s afecta las estructuras de los grandes capos\u201d, ha argumentado en un eco a los argumentos que ha esgrimido Petro a lo largo de su mandato.<\/p>\n<p class=\"\">Otra de las aspirantes a la presidencia, Claudia L\u00f3pez, y quien ha sido fuerte opositora de Petro, le pidi\u00f3 al presidente republicano que respete las instituciones colombianas. \u201cCombatir el crimen organizado, el narcotr\u00e1fico y recuperar la democracia en Venezuela requiere de una alianza multilateral y respetuosa de largo plazo\u201d.<\/p>\n<p class=\"\">El nuevo choque diplom\u00e1tico, acompa\u00f1ado de la amenaza de Donald Trump de suspender las ayudas econ\u00f3micas a Colombia, se produce en un contexto ya marcado por fricciones bilaterales. Hace un mes, el Departamento de Estado volvi\u00f3 a incluir a Colombia en la lista de pa\u00edses \u201c<a href=\"https:\/\/elpais.com\/america-colombia\/2025-09-16\/la-descertificacion-en-la-lucha-antidrogas-exacerba-la-puja-por-la-relacion-con-estados-unidos.html\" target=\"_blank\" rel=\"noreferrer nofollow noopener\" title=\"https:\/\/elpais.com\/america-colombia\/2025-09-16\/la-descertificacion-en-la-lucha-antidrogas-exacerba-la-puja-por-la-relacion-con-estados-unidos.html\">fallidos\u201d en la lucha contra las drogas<\/a>, aunque renov\u00f3 el waiver que evita sanciones. Esta figura, aplicada desde hace a\u00f1os, permite mantener la cooperaci\u00f3n pese al desacuerdo sobre los resultados de la pol\u00edtica antidrogas. <\/p>\n<p class=\"\">La dif\u00edcil relaci\u00f3n entre los dos presidentes, se ha vuelto a tensar desde la semana pasada. Trump orden\u00f3, en una operaci\u00f3n militar extrajudicial, <a href=\"https:\/\/elpais.com\/america-colombia\/2025-10-09\/la-casa-blanca-le-pide-a-petro-retractarse-por-asegurar-que-habia-colombianos-en-una-lancha-que-estados-unidos-bombardeo-en-el-mar-caribe.html\" target=\"_blank\" rel=\"noreferrer nofollow noopener\" title=\"https:\/\/elpais.com\/america-colombia\/2025-10-09\/la-casa-blanca-le-pide-a-petro-retractarse-por-asegurar-que-habia-colombianos-en-una-lancha-que-estados-unidos-bombardeo-en-el-mar-caribe.html\">bombardear un submarino de poca profundidad en las aguas del Mar Caribe<\/a> que supuestamente transportaba un cargamento de droga. El republicano asegur\u00f3 que se trataba de una narcolancha procedente de Venezuela, donde ha declarado la guerra a los jefes del narco. En la noche del s\u00e1bado, Petro se\u00f1alo que \u201cpresumiblemente\u201d el ataque se dio en aguas colombianas. Su canciller, Yolanda Villavicencio, acus\u00f3 a Trump de violar la soberan\u00eda colombiana. Fue entonces que el mandatario norteamericano acus\u00f3 a Petro de ser un \u201cl\u00edder del narcotr\u00e1fico\u201d, en una escalada de consecuencias a\u00fan imprevisibles entre dos pa\u00edses que hist\u00f3ricamente han sido aliados.<\/p>\n<p><script async src=\"https:\/\/platform.twitter.com\/widgets.js\" charset=\"utf-8\"><\/script><\/p>\n","protected":false},"excerpt":{"rendered":"El presidente Gustavo Petro respondi\u00f3 a las acusaciones sin pruebas que lanz\u00f3 Donald Trump en su contra en&hellip;\n","protected":false},"author":2,"featured_media":187539,"comment_status":"","ping_status":"","sticky":false,"template":"","format":"standard","meta":{"footnotes":""},"categories":[5],"tags":[889,17,18,1803,352,794,25,24,629,13,14,3916,11,19,20,1804,36809,7337,9,10,15,16,23,12,21,22],"class_list":{"0":"post-187538","1":"post","2":"type-post","3":"status-publish","4":"format-standard","5":"has-post-thumbnail","7":"category-titulares","8":"tag-america","9":"tag-breaking-news","10":"tag-breakingnews","11":"tag-colombia","12":"tag-donald-trump","13":"tag-drogas","14":"tag-es","15":"tag-espana","16":"tag-estados-unidos","17":"tag-featured-news","18":"tag-featurednews","19":"tag-gustavo-petro","20":"tag-headlines","21":"tag-latest-news","22":"tag-latestnews","23":"tag-latinoamerica","24":"tag-lucha-antidroga","25":"tag-narcotrafico","26":"tag-news","27":"tag-noticias","28":"tag-noticias-destacadas","29":"tag-noticiasdestacadas","30":"tag-spain","31":"tag-titulares","32":"tag-ultimas-noticias","33":"tag-ultimasnoticias"},"share_on_mastodon":{"url":"","error":""},"_links":{"self":[{"href":"https:\/\/www.europesays.com\/es\/wp-json\/wp\/v2\/posts\/187538","targetHints":{"allow":["GET"]}}],"collection":[{"href":"https:\/\/www.europesays.com\/es\/wp-json\/wp\/v2\/posts"}],"about":[{"href":"https:\/\/www.europesays.com\/es\/wp-json\/wp\/v2\/types\/post"}],"author":[{"embeddable":true,"href":"https:\/\/www.europesays.com\/es\/wp-json\/wp\/v2\/users\/2"}],"replies":[{"embeddable":true,"href":"https:\/\/www.europesays.com\/es\/wp-json\/wp\/v2\/comments?post=187538"}],"version-history":[{"count":0,"href":"https:\/\/www.europesays.com\/es\/wp-json\/wp\/v2\/posts\/187538\/revisions"}],"wp:featuredmedia":[{"embeddable":true,"href":"https:\/\/www.europesays.com\/es\/wp-json\/wp\/v2\/media\/187539"}],"wp:attachment":[{"href":"https:\/\/www.europesays.com\/es\/wp-json\/wp\/v2\/media?parent=187538"}],"wp:term":[{"taxonomy":"category","embeddable":true,"href":"https:\/\/www.europesays.com\/es\/wp-json\/wp\/v2\/categories?post=187538"},{"taxonomy":"post_tag","embeddable":true,"href":"https:\/\/www.europesays.com\/es\/wp-json\/wp\/v2\/tags?post=187538"}],"curies":[{"name":"wp","href":"https:\/\/api.w.org\/{rel}","templated":true}]}}