{"id":187540,"date":"2025-10-19T17:00:13","date_gmt":"2025-10-19T17:00:13","guid":{"rendered":"https:\/\/www.europesays.com\/es\/187540\/"},"modified":"2025-10-19T17:00:13","modified_gmt":"2025-10-19T17:00:13","slug":"el-ubu-san-pablo-con-la-miel-en-los-labios-en-pamplona","status":"publish","type":"post","link":"https:\/\/www.europesays.com\/es\/187540\/","title":{"rendered":"El UBU San Pablo, con la miel en los labios en Pamplona"},"content":{"rendered":"<p><a class=\"v-mdl-ath__fig-a\" href=\"https:\/\/www.burgosconecta.es\/autor\/burgosconecta-2120.html\" title=\"BURGOSconecta\" rel=\"nofollow noopener\" target=\"_blank\"><br \/>\n<img decoding=\"async\" class=\"v-mdl-ath__img\" src=\"https:\/\/www.europesays.com\/es\/wp-content\/uploads\/2025\/08\/autor-2120-foto-2.jpeg\" alt=\"BURGOSconecta\"\/><br \/>\n<\/a><\/p>\n<p class=\"v-mdl-ath__p v-mdl-ath__p--6\">\nDomingo, 19 de octubre 2025, 17:28<\/p>\n<p class=\"v-p\">El UBU San Pablo Burgos 2031 no pudo culminar son \u00e9xito su visita a Pamplona, y regresa a casa con una ajustada derrota (35-33) frente a un s\u00f3lido Anaitasuna. El conjunto burgal\u00e9s firm\u00f3 un gran inicio de partido, dominando el marcador durante buena parte del primer tiempo, pero no logr\u00f3 mantener el control en la segunda mitad. Pese al resultado, el equipo demostr\u00f3 una gran entrega y car\u00e1cter, luchando hasta el \u00faltimo minuto por la remontada.<\/p>\n<p class=\"v-scr__t\">Anaitasuna<\/p>\n<p class=\"v-scr__p v-scr__p--3\">Nikola Malivojevic, Pablo Fern\u00e1ndez Rodriguez, Iker Elola Aranguren (6), Imanol Nuin Fern\u00e1ndez (4), Ander Mart\u00edn Jaurrieta, Xabier Isturiz Fern\u00e1ndez (6), Andoni Beraza Figueroa (1), Pablo Itoiz Nicolas, Alin Cozmaciuc, Unai Elizondo Fuentes (2), Adri\u00e1n Ort\u00edz Echavarri (1), Oleg Kisselev Kisseleva (1), Julen Elustondo Mart\u00edn, Iker Aguilera Mart\u00ednez (1), Ibai Etxarte Mart\u00ednez (7), Jose Paulo Pereira e Silva (6). <\/p>\n<p class=\"v-scr__n-c v-scr__n-c--1 \">\n 35\n<\/p>\n<p class=\"v-scr__n-c v-scr__n-c--2\">\n&#8211;\n<\/p>\n<p class=\"v-scr__n-c v-scr__n-c--3 \">\n 33\n<\/p>\n<p class=\"v-scr__t\">UBU San Pablo Burgos 2031<\/p>\n<p class=\"v-scr__p v-scr__p--3\">Joao Furtado (5), Nassim Bellahcene (2), Javier Espinosa, Pablo G\u00f3mez (1), Tom\u00e1s Moreira, Jaime Fern\u00e1ndez (3), Marcos Garc\u00eda, Jaime Gonz\u00e1lez (5), Fabrizio Casanova, Miguel Malo (6), Pedro Martins (2), Gerard Forns, Daniel Santamar\u00eda, Brian Est\u00e9banez, Adri\u00e1n S\u00e1nchez (5), Asier Pedroarena (4). <\/p>\n<ul class=\"v-u\">\n<li class=\"v-u__l\">\n<p class=\"v-p\">\nParciales:<br \/>\n1-4 \/ 2-4 \/ 6-9 \/ 9-11 \/ 12-14 \/ 18-16 \/ 21-19 \/ 24-21 \/ 29-25 \/ 33-28 \/ 34-30 \/ 35-33\n<\/p>\n<\/li>\n<li class=\"v-u__l\">\n<p class=\"v-p\">\n\u00c1rbitros:<br \/>\n\u00c1lvaro L\u00f3pez Novoa y Roberto Argiz Varela. Exclusiones de Unai Elizondo Fuentes (Min. 42:52), Adri\u00e1n Ort\u00edz Echavarri (M\u00edn. 07:53), Oleg Kisselev Kisseleva (Min.15:16; 46:42), Julen Elustondo Mart\u00edn (Min. 12:39; 29:56) por parte de Anaitasuna y de Nassim Bellahcene (Min. 44:29), Javier Espinosa (Min. 15:55), Miguel Malo (Min. 19:36; 52:17), Pedro Martins (Min. 01:29) por parte de UBU San Pablo Burgos 2031.\n<\/p>\n<\/li>\n<li class=\"v-u__l\">\n<p class=\"v-p\">\nIncidencias:<br \/>\nPartido correspondiente a la jornada 6 en el Pabell\u00f3n Anaitasuna.\n<\/p>\n<\/li>\n<\/ul>\n<p class=\"v-p\">El partido dio comienzo de forma positiva para los de Jorge Berzosa, que impusieron su ritmo de juego desde el primer minuto del encuentro, y gracias a los goles de Joao Furtado y Adri\u00e1n S\u00e1nchez, se colocaron en un prometedor 1-4 en apenas cinco minutos.<\/p>\n<p class=\"v-p\">El ataque burgal\u00e9s mostraba fluidez, mientras que Gerard Forns, bajo palos, manten\u00eda firme al equipo con varias intervenciones clave. La primera ventaja clara lleg\u00f3 con el 5-9 gracias a un gol de Jaime Gonz\u00e1lez desde los siete metros.<\/p>\n<p class=\"v-p\">A pesar del dominio inicial, el conjunto navarro no tard\u00f3 en reaccionar. Con una defensa m\u00e1s agresiva, y aprovechando algunas exclusiones y errores puntuales de los cidianos, los locales comenzaron a recortar distancias. Esto no fren\u00f3 a los de orillas del Arlanz\u00f3n, que lucharon por mantenerse por delante en el electr\u00f3nico.<\/p>\n<p class=\"v-p\">Sin embargo, el empuje de los de Pamplona les permiti\u00f3 igualar el duelo a 15 tantos en el minuto 26 del primer tiempo, aunque Joao Furtado respondi\u00f3 de inmediato para devolver la ventaja a los rojinegros. El tramo final de los primeros treinta minutos fue el\u00e9ctrico, con ambos contendientes dispuestos a darlo todo por llegar al descanso con una ligera ventaja, que finalmente fue para los anfitriones (18-16).<\/p>\n<p class=\"v-p\">En el arranque del segundo tiempo, el t\u00e9cnico burgal\u00e9s introdujo un cambio en la porter\u00eda, con la entrada de Daniel Santamar\u00eda, y los cidianos saltaron al 40&#215;20 dispuestos a remontar el partido. Jugadores como Joao Furtado, Miguel Malo y Jaime Gonz\u00e1lez fueron fundamentales para lograr recortar distancias, especialmente gracias a los goles de siete metros, sin embargo, Anaitasuna respondi\u00f3 golpe por golpe, manteniendo rentas de dos o tres goles.<\/p>\n<p class=\"v-p\">A partir del minuto 10 del segundo tiempo, los navarros apretaron el acelerador, y aprovechando p\u00e9rdidas de bal\u00f3n y errores defensivos, lograron alcanzar su m\u00e1xima ventaja (31-26). Los de Burgos no bajaron los brazos, y en el tramo final del duelo lograron reducir la diferencia y llegar al final del encuentro con solo dos goles de diferencia (35-33).<\/p>\n<p class=\"v-p\">A pesar del resultado, el UBU San Pablo se marcha de Pamplona con el orgullo intacto y el respaldo de una afici\u00f3n ejemplar, que no dud\u00f3 en desplazarse para alentar al equipo desde la grada. El calor del p\u00fablico burgal\u00e9s se hizo notar en cada acci\u00f3n, demostrando una vez m\u00e1s su compromiso incondicional.<\/p>\n<p class=\"v-p\">El equipo burgal\u00e9s tiene ya la vista puesta en el pr\u00f3ximo compromiso contra el Fertiberia Puerto Sagunto, que se celebrar\u00e1 el domingo 26 de octubre en El Plant\u00edo. Un reto que les servir\u00e1 para corregir errores y seguir aprendiendo y creciendo.<\/p>\n<p>Reporta un error<\/p>\n","protected":false},"excerpt":{"rendered":"Domingo, 19 de octubre 2025, 17:28 El UBU San Pablo Burgos 2031 no pudo culminar son \u00e9xito su&hellip;\n","protected":false},"author":2,"featured_media":187541,"comment_status":"","ping_status":"","sticky":false,"template":"","format":"standard","meta":{"footnotes":""},"categories":[278],"tags":[376,168,25,24,375,4461,4460,618,1358,2228,23,167,2227],"class_list":{"0":"post-187540","1":"post","2":"type-post","3":"status-publish","4":"format-standard","5":"has-post-thumbnail","7":"category-balonmano","8":"tag-balonmano","9":"tag-deportes","10":"tag-es","11":"tag-espana","12":"tag-handball","13":"tag-labios","14":"tag-miel","15":"tag-pablo","16":"tag-pamplona","17":"tag-san","18":"tag-spain","19":"tag-sports","20":"tag-ubu"},"share_on_mastodon":{"url":"","error":""},"_links":{"self":[{"href":"https:\/\/www.europesays.com\/es\/wp-json\/wp\/v2\/posts\/187540","targetHints":{"allow":["GET"]}}],"collection":[{"href":"https:\/\/www.europesays.com\/es\/wp-json\/wp\/v2\/posts"}],"about":[{"href":"https:\/\/www.europesays.com\/es\/wp-json\/wp\/v2\/types\/post"}],"author":[{"embeddable":true,"href":"https:\/\/www.europesays.com\/es\/wp-json\/wp\/v2\/users\/2"}],"replies":[{"embeddable":true,"href":"https:\/\/www.europesays.com\/es\/wp-json\/wp\/v2\/comments?post=187540"}],"version-history":[{"count":0,"href":"https:\/\/www.europesays.com\/es\/wp-json\/wp\/v2\/posts\/187540\/revisions"}],"wp:featuredmedia":[{"embeddable":true,"href":"https:\/\/www.europesays.com\/es\/wp-json\/wp\/v2\/media\/187541"}],"wp:attachment":[{"href":"https:\/\/www.europesays.com\/es\/wp-json\/wp\/v2\/media?parent=187540"}],"wp:term":[{"taxonomy":"category","embeddable":true,"href":"https:\/\/www.europesays.com\/es\/wp-json\/wp\/v2\/categories?post=187540"},{"taxonomy":"post_tag","embeddable":true,"href":"https:\/\/www.europesays.com\/es\/wp-json\/wp\/v2\/tags?post=187540"}],"curies":[{"name":"wp","href":"https:\/\/api.w.org\/{rel}","templated":true}]}}