{"id":187542,"date":"2025-10-19T17:01:08","date_gmt":"2025-10-19T17:01:08","guid":{"rendered":"https:\/\/www.europesays.com\/es\/187542\/"},"modified":"2025-10-19T17:01:08","modified_gmt":"2025-10-19T17:01:08","slug":"pasion-por-el-toro-avance-taurino-3","status":"publish","type":"post","link":"https:\/\/www.europesays.com\/es\/187542\/","title":{"rendered":"Pasi\u00f3n por el Toro\u201d \u2013 Avance Taurino"},"content":{"rendered":"<p>Una obra producida \u00edntegramente por Impulsa.tv y dirigida por Jos\u00e9 Pardo Ventura.<\/p>\n<p>\u00a0<\/p>\n<p>Ayer se estren\u00f3 en los cines Palacio de Hielo de Madrid el documental \u201cDolores Aguirre: Pasi\u00f3n por el Toro\u201d es un recorrido visual y narrativo por el coraz\u00f3n de la Tauromaquia, que rinde homenaje a una ganadera irrepetible y a su legado humano, cultural y profesional. La obra combina testimonio, arte, m\u00fasica y memoria para ofrecer una mirada profunda y sincera al mundo del toro, sin t\u00f3picos ni concesiones, a trav\u00e9s de quienes vivieron de cerca la autenticidad de\u00a0Dolores Aguirre.<\/p>\n<p>Al acto asistieron algunos de los protagonistas: Jos\u00e9 Antonio Campuzano, Cayetano Rivera, Dami\u00e1n Casta\u00f1o y Jos\u00e9 Pacheco \u201cEl Califa\u201d. Tambi\u00e9n el bi\u00f3grafo y l\u00edder del PSE de Euskadi Eneko Andueza, la ganadera Isabel Lipperheide, el pintor Antonio Santana, autor de las im\u00e1genes de la cabecera; Mat\u00edas Gonz\u00e1lez, presidente del palco de la Plaza de Bilbao; Gonzalo G\u00f3mez Guadalupe; el presidente de la Uni\u00f3n de Criadores de Toros de Lidia, Antonio Ba\u00f1uelos; el ganadero Ricardo del R\u00edo<\/p>\n<p>El acto fue muy emotivo, ante una sala llena de p\u00fablico, que respondi\u00f3 con entusiasmo.<\/p>\n<p>Al finalizar la proyecci\u00f3n, tuvo lugar un coloquio presentado por el periodista Andr\u00e9s Prieto, que cont\u00f3 con las intervenciones de Isabel Lipperheide, Jos\u00e9 Pardo y Eneko Andueza, quienes compartieron su visi\u00f3n sobre la figura de Dolores Aguirre y la importancia de mantener vivo su legado.<\/p>\n","protected":false},"excerpt":{"rendered":"Una obra producida \u00edntegramente por Impulsa.tv y dirigida por Jos\u00e9 Pardo Ventura. \u00a0 Ayer se estren\u00f3 en los&hellip;\n","protected":false},"author":2,"featured_media":187543,"comment_status":"","ping_status":"","sticky":false,"template":"","format":"standard","meta":{"footnotes":""},"categories":[277],"tags":[373,168,25,24,23,167,374],"class_list":{"0":"post-187542","1":"post","2":"type-post","3":"status-publish","4":"format-standard","5":"has-post-thumbnail","7":"category-toreo","8":"tag-bullfighting","9":"tag-deportes","10":"tag-es","11":"tag-espana","12":"tag-spain","13":"tag-sports","14":"tag-toreo"},"share_on_mastodon":{"url":"","error":""},"_links":{"self":[{"href":"https:\/\/www.europesays.com\/es\/wp-json\/wp\/v2\/posts\/187542","targetHints":{"allow":["GET"]}}],"collection":[{"href":"https:\/\/www.europesays.com\/es\/wp-json\/wp\/v2\/posts"}],"about":[{"href":"https:\/\/www.europesays.com\/es\/wp-json\/wp\/v2\/types\/post"}],"author":[{"embeddable":true,"href":"https:\/\/www.europesays.com\/es\/wp-json\/wp\/v2\/users\/2"}],"replies":[{"embeddable":true,"href":"https:\/\/www.europesays.com\/es\/wp-json\/wp\/v2\/comments?post=187542"}],"version-history":[{"count":0,"href":"https:\/\/www.europesays.com\/es\/wp-json\/wp\/v2\/posts\/187542\/revisions"}],"wp:featuredmedia":[{"embeddable":true,"href":"https:\/\/www.europesays.com\/es\/wp-json\/wp\/v2\/media\/187543"}],"wp:attachment":[{"href":"https:\/\/www.europesays.com\/es\/wp-json\/wp\/v2\/media?parent=187542"}],"wp:term":[{"taxonomy":"category","embeddable":true,"href":"https:\/\/www.europesays.com\/es\/wp-json\/wp\/v2\/categories?post=187542"},{"taxonomy":"post_tag","embeddable":true,"href":"https:\/\/www.europesays.com\/es\/wp-json\/wp\/v2\/tags?post=187542"}],"curies":[{"name":"wp","href":"https:\/\/api.w.org\/{rel}","templated":true}]}}