{"id":187569,"date":"2025-10-19T17:17:08","date_gmt":"2025-10-19T17:17:08","guid":{"rendered":"https:\/\/www.europesays.com\/es\/187569\/"},"modified":"2025-10-19T17:17:08","modified_gmt":"2025-10-19T17:17:08","slug":"apoyo-social-e-institucional-en-graus-en-el-dia-del-cancer-de-mama","status":"publish","type":"post","link":"https:\/\/www.europesays.com\/es\/187569\/","title":{"rendered":"Apoyo social e institucional en Graus en el D\u00eda del C\u00e1ncer de Mama"},"content":{"rendered":"<p class=\"paragraph\">La junta local de la Asociaci\u00f3n Contra el C\u00e1ncer Graus-Ribagorza ha salido a la calle con gran apoyo institucional este domingo, coincidiendo con el <b>D\u00eda Mundial del C\u00e1ncer de Mama<\/b>, y sum\u00e1ndose al lema \u00abNos tomamos a pecho los programas de cribado\u00bb.<\/p>\n<p class=\"paragraph\">En la mesa informativa instalada en la calle Salamero durante la ma\u00f1ana, desde la junta local <b>han informado sobre la labor de la asociaci\u00f3n<\/b> y han recaudado fondos, en estas fechas, tambi\u00e9n a trav\u00e9s de la venta de loter\u00eda.<\/p>\n<p class=\"paragraph\">Buena parte de la Corporaci\u00f3n grausina, con su alcalde, Jos\u00e9 Antonio Lag\u00fcen, a la cabeza y del presidente de la Comarca de Ribagorza, Roque Vicente, han acompa\u00f1ado a la presidenta, Mar\u00eda Jos\u00e9 Melgarejo, quien <b>ha recordado los 70 a\u00f1os de vida de la asociaci\u00f3n<\/b> y su trabajo, este tiempo, en \u00ab<b>impulsar la detecci\u00f3n precoz<\/b>\u00ab.<\/p>\n<p class=\"paragraph\">Los programas de cribado <b>son \u00abuna pieza fundamental\u00bb para salvar vidas<\/b> y mejorar la supervivencia, por lo que desde la asociaci\u00f3n <b>solicitan: un sistema transparente de datos<\/b> de los programas de cribado que garantice la calidad y el alcance a toda la poblaci\u00f3n, la evaluaci\u00f3n de dichos programas por parte de la OMS y \u00abcompromiso y consenso\u00bb en torno a la prevenci\u00f3n y la detecci\u00f3n precoz del c\u00e1ncer.<\/p>\n","protected":false},"excerpt":{"rendered":"La junta local de la Asociaci\u00f3n Contra el C\u00e1ncer Graus-Ribagorza ha salido a la calle con gran apoyo&hellip;\n","protected":false},"author":2,"featured_media":187570,"comment_status":"","ping_status":"","sticky":false,"template":"","format":"standard","meta":{"footnotes":""},"categories":[92],"tags":[6635,1066,25,24,52677,165,4567,166,2930,23],"class_list":{"0":"post-187569","1":"post","2":"type-post","3":"status-publish","4":"format-standard","5":"has-post-thumbnail","7":"category-salud","8":"tag-apoyo","9":"tag-cancer","10":"tag-es","11":"tag-espana","12":"tag-graus","13":"tag-health","14":"tag-institucional","15":"tag-salud","16":"tag-social","17":"tag-spain"},"share_on_mastodon":{"url":"","error":""},"_links":{"self":[{"href":"https:\/\/www.europesays.com\/es\/wp-json\/wp\/v2\/posts\/187569","targetHints":{"allow":["GET"]}}],"collection":[{"href":"https:\/\/www.europesays.com\/es\/wp-json\/wp\/v2\/posts"}],"about":[{"href":"https:\/\/www.europesays.com\/es\/wp-json\/wp\/v2\/types\/post"}],"author":[{"embeddable":true,"href":"https:\/\/www.europesays.com\/es\/wp-json\/wp\/v2\/users\/2"}],"replies":[{"embeddable":true,"href":"https:\/\/www.europesays.com\/es\/wp-json\/wp\/v2\/comments?post=187569"}],"version-history":[{"count":0,"href":"https:\/\/www.europesays.com\/es\/wp-json\/wp\/v2\/posts\/187569\/revisions"}],"wp:featuredmedia":[{"embeddable":true,"href":"https:\/\/www.europesays.com\/es\/wp-json\/wp\/v2\/media\/187570"}],"wp:attachment":[{"href":"https:\/\/www.europesays.com\/es\/wp-json\/wp\/v2\/media?parent=187569"}],"wp:term":[{"taxonomy":"category","embeddable":true,"href":"https:\/\/www.europesays.com\/es\/wp-json\/wp\/v2\/categories?post=187569"},{"taxonomy":"post_tag","embeddable":true,"href":"https:\/\/www.europesays.com\/es\/wp-json\/wp\/v2\/tags?post=187569"}],"curies":[{"name":"wp","href":"https:\/\/api.w.org\/{rel}","templated":true}]}}