{"id":187578,"date":"2025-10-19T17:22:08","date_gmt":"2025-10-19T17:22:08","guid":{"rendered":"https:\/\/www.europesays.com\/es\/187578\/"},"modified":"2025-10-19T17:22:08","modified_gmt":"2025-10-19T17:22:08","slug":"luto-grupo-covadonga-fallece-victoria-zaragozi-esposa-del-expresidente-del-grupo-covadonga-enrique-tamargo","status":"publish","type":"post","link":"https:\/\/www.europesays.com\/es\/187578\/","title":{"rendered":"LUTO GRUPO COVADONGA | Fallece Victoria Zaragoz\u00ed, esposa del expresidente del Grupo Covadonga Enrique Tamargo"},"content":{"rendered":"<p class=\"ft-text\">La docente Victoria Zaragoz\u00ed, que ejerci\u00f3 durante a\u00f1os en el IES Universidad Laboral y en el Padre Feijoo, ha fallecido esta madrugada tras una larga enfermedad. Nacida en Elda, Alicante, se traslad\u00f3 a vivir a Gij\u00f3n despu\u00e9s de conocer y contraer matrimonio con Enrique Tamargo, presidente de Grupo de Cultura Covadonga entre los a\u00f1os 2008 y 2016.<\/p>\n<p class=\"ft-text\">Victoria Zaragoz\u00ed S\u00e1nchez naci\u00f3 en Elda en 1957. Estudi\u00f3 en Valencia, donde conoci\u00f3 a Enrique Tamargo, que se encontraba en la capital del Turia como jugador de Balonmano. El matrimonio se estableci\u00f3 en Gij\u00f3n, donde tuvieron tres hijos: Enrique, Eduardo y Victoria. \u00abEra muy buena persona, una luchadora\u00bb, se\u00f1alaban este domingo desde su entorno familiar.<\/p>\n<p class=\"ft-text\">Las condolencias pronto comenzaron a sucederse. Desde el Grupo Covadonga se sumaron al p\u00e9same a los familiares de Victoria Zaragoz\u00ed, socia de m\u00e9rito de la entidad sociodeportiva. \u00abEl Real Grupo de Cultura Covadonga desea trasladar a Enrique Tamargo, a sus hijos, familia y amigos, su m\u00e1s sincero y profundo pesar por tan dolorosa p\u00e9rdida\u00bb, se\u00f1al\u00f3 la direcci\u00f3n grupista en un comunicado. Adem\u00e1s, desde la entidad quisieron \u00abreconocer y agradecer la estrecha vinculaci\u00f3n y el compromiso que Victoria mantuvo siempre con esta instituci\u00f3n, cuyo recuerdo permanecer\u00e1 siempre entre nosotros\u00bb.<\/p>\n<p class=\"ft-text\">El velatorio est\u00e1 instalado en el tanatorio de Cabue\u00f1es, en la sala 2, a partir de las 16.00 horas de hoy domingo. El funeral tendr\u00e1 lugar ma\u00f1ana lunes, a las cinco de la tarde, en la iglesia de San Juli\u00e1n.<\/p>\n","protected":false},"excerpt":{"rendered":"La docente Victoria Zaragoz\u00ed, que ejerci\u00f3 durante a\u00f1os en el IES Universidad Laboral y en el Padre Feijoo,&hellip;\n","protected":false},"author":2,"featured_media":187579,"comment_status":"","ping_status":"","sticky":false,"template":"","format":"standard","meta":{"footnotes":""},"categories":[8],"tags":[17,18,22185,25,24,2394,5992,13,14,35591,52680,11,19,20,6019,9,10,15,16,52679,23,12,21,22,1261,52678],"class_list":{"0":"post-187578","1":"post","2":"type-post","3":"status-publish","4":"format-standard","5":"has-post-thumbnail","7":"category-espana","8":"tag-breaking-news","9":"tag-breakingnews","10":"tag-elda","11":"tag-es","12":"tag-espana","13":"tag-esposa","14":"tag-fallece","15":"tag-featured-news","16":"tag-featurednews","17":"tag-grupo-covadonga","18":"tag-grupo-de-cultura-covadonga","19":"tag-headlines","20":"tag-latest-news","21":"tag-latestnews","22":"tag-matrimonio","23":"tag-news","24":"tag-noticias","25":"tag-noticias-destacadas","26":"tag-noticiasdestacadas","27":"tag-profesora","28":"tag-spain","29":"tag-titulares","30":"tag-ultimas-noticias","31":"tag-ultimasnoticias","32":"tag-victoria","33":"tag-zaragozi"},"share_on_mastodon":{"url":"","error":""},"_links":{"self":[{"href":"https:\/\/www.europesays.com\/es\/wp-json\/wp\/v2\/posts\/187578","targetHints":{"allow":["GET"]}}],"collection":[{"href":"https:\/\/www.europesays.com\/es\/wp-json\/wp\/v2\/posts"}],"about":[{"href":"https:\/\/www.europesays.com\/es\/wp-json\/wp\/v2\/types\/post"}],"author":[{"embeddable":true,"href":"https:\/\/www.europesays.com\/es\/wp-json\/wp\/v2\/users\/2"}],"replies":[{"embeddable":true,"href":"https:\/\/www.europesays.com\/es\/wp-json\/wp\/v2\/comments?post=187578"}],"version-history":[{"count":0,"href":"https:\/\/www.europesays.com\/es\/wp-json\/wp\/v2\/posts\/187578\/revisions"}],"wp:featuredmedia":[{"embeddable":true,"href":"https:\/\/www.europesays.com\/es\/wp-json\/wp\/v2\/media\/187579"}],"wp:attachment":[{"href":"https:\/\/www.europesays.com\/es\/wp-json\/wp\/v2\/media?parent=187578"}],"wp:term":[{"taxonomy":"category","embeddable":true,"href":"https:\/\/www.europesays.com\/es\/wp-json\/wp\/v2\/categories?post=187578"},{"taxonomy":"post_tag","embeddable":true,"href":"https:\/\/www.europesays.com\/es\/wp-json\/wp\/v2\/tags?post=187578"}],"curies":[{"name":"wp","href":"https:\/\/api.w.org\/{rel}","templated":true}]}}