{"id":187659,"date":"2025-10-19T18:11:08","date_gmt":"2025-10-19T18:11:08","guid":{"rendered":"https:\/\/www.europesays.com\/es\/187659\/"},"modified":"2025-10-19T18:11:08","modified_gmt":"2025-10-19T18:11:08","slug":"el-catalan-mario-vilau-gana-el-circuito-nacional-de-novilladas","status":"publish","type":"post","link":"https:\/\/www.europesays.com\/es\/187659\/","title":{"rendered":"El catal\u00e1n Mario Vilau gana el Circuito Nacional de Novilladas"},"content":{"rendered":"<p data-gtm-element-container=\"modulo-texto-link\" class=\"paragraph\">Mario Vilau, nacido hace 18 a\u00f1os en l&#8217;Hospitalet de Llobregat, alumno de ese milagro que es la Escola Taurina de Catalunya, dirigida por el matador de toros catal\u00e1n Enrique Guill\u00e9n,  sin subvenci\u00f3n alguna y con todas las dificultades, se ha proclamado triunfador del Circuito Nacional de Novilladas en el festejo final celebrado la tarde de este domingo en Sanl\u00facar de Barrameda, en competencia con otros cuatro j\u00f3venes novilleros de distintas comunidades aut\u00f3nomas y escuelas taurinas.<\/p>\n<p data-gtm-element-container=\"modulo-texto-link\" class=\"paragraph\">Con poco m\u00e1s de una docena de novilladas con picadores toreadas desde su debut la temporada anterior, Vilau ha triunfado en \u00e9sta en la mayor\u00eda en las que se ha acartelado, incluidas las distintas eliminatorias del mencionado circuito y la de hoy ha sido la culminaci\u00f3n anhelada.<\/p>\n<p data-gtm-element-container=\"modulo-texto-link\" class=\"paragraph\">Vilau ha completado una actuaci\u00f3n redonda de principio a fin, desde la larga cambiada a portagayola y las templadas ver\u00f3nicas de rodillas al estoconazo final al segundo intento a un bravo y noble novillo de Fuente Ymbro para el que se pidi\u00f3 el indulto, quedando el premio en una vuelta al ruedo.<\/p>\n<p>        Lee tambi\u00e9n<\/p>\n<p>    Paco March<\/p>\n<p>             <img loading=\"lazy\" decoding=\"async\" data-full-src=\"https:\/\/www.lavanguardia.com\/uploads\/2023\/04\/10\/6433918f23588.jpeg\" alt=\"Mario Vilau, Alba Caro y Marcos Adame (falta Hugo Casado), ejercit\u00e1ndose en l\u2019Hospitalet\" width=\"334\" height=\"164\" src=\"https:\/\/www.europesays.com\/es\/wp-content\/uploads\/2025\/10\/6433918f23588.r_d.816-530.jpeg\" class=\"lazy\"\/><\/p>\n<p data-gtm-element-container=\"modulo-texto-link\" class=\"paragraph\">La faena de Mario Vilau  result\u00f3 compacta, redonda, templada, con series por los dos pitones rematadas con largos pases de pecho a la hombrera contraria que pusieron al p\u00fablico en pie. Por eso, cuando dobl\u00f3 el novillo la plaza fue un mar de pa\u00f1uelos blancos.<\/p>\n<p data-gtm-element-container=\"modulo-texto-link\" class=\"paragraph\">El resto de actuantes tambi\u00e9n dej\u00f3 momentos de buen toreo, pero lo de Mario Vilau fue de orden superior. Y por eso nadie discuti\u00f3 que el jurado fallase como ganador al novillero catal\u00e1n, que recogi\u00f3 el premio de manos del ganadero y presidente de la Fundaci\u00f3n Toro de Lidia, Victorino Mart\u00edn.<\/p>\n<p data-gtm-element-container=\"modulo-texto-link\" class=\"paragraph\">Y m\u00e1s de uno pens\u00f3 y celebr\u00f3 que pese a todo y tantos que, si la suerte le acompa\u00f1a, Catalunya tiene un  torero: Mario Vilau. Como lo tuvo hace doscientos a\u00f1os con Pere Aixel\u00e0 Peroy, el primer torero catal\u00e1n;  otro Mario, Cabr\u00e9, que toreaba poes\u00eda; Joaqu\u00edn Bernad\u00f3, de Santa Coloma de Gramanet, o el a\u00fan en activo Seraf\u00edn Mar\u00edn, de Montcada i Reixac.<\/p>\n","protected":false},"excerpt":{"rendered":"Mario Vilau, nacido hace 18 a\u00f1os en l&#8217;Hospitalet de Llobregat, alumno de ese milagro que es la Escola&hellip;\n","protected":false},"author":2,"featured_media":187660,"comment_status":"","ping_status":"","sticky":false,"template":"","format":"standard","meta":{"footnotes":""},"categories":[277],"tags":[373,168,25,24,23,167,374],"class_list":{"0":"post-187659","1":"post","2":"type-post","3":"status-publish","4":"format-standard","5":"has-post-thumbnail","7":"category-toreo","8":"tag-bullfighting","9":"tag-deportes","10":"tag-es","11":"tag-espana","12":"tag-spain","13":"tag-sports","14":"tag-toreo"},"share_on_mastodon":{"url":"","error":""},"_links":{"self":[{"href":"https:\/\/www.europesays.com\/es\/wp-json\/wp\/v2\/posts\/187659","targetHints":{"allow":["GET"]}}],"collection":[{"href":"https:\/\/www.europesays.com\/es\/wp-json\/wp\/v2\/posts"}],"about":[{"href":"https:\/\/www.europesays.com\/es\/wp-json\/wp\/v2\/types\/post"}],"author":[{"embeddable":true,"href":"https:\/\/www.europesays.com\/es\/wp-json\/wp\/v2\/users\/2"}],"replies":[{"embeddable":true,"href":"https:\/\/www.europesays.com\/es\/wp-json\/wp\/v2\/comments?post=187659"}],"version-history":[{"count":0,"href":"https:\/\/www.europesays.com\/es\/wp-json\/wp\/v2\/posts\/187659\/revisions"}],"wp:featuredmedia":[{"embeddable":true,"href":"https:\/\/www.europesays.com\/es\/wp-json\/wp\/v2\/media\/187660"}],"wp:attachment":[{"href":"https:\/\/www.europesays.com\/es\/wp-json\/wp\/v2\/media?parent=187659"}],"wp:term":[{"taxonomy":"category","embeddable":true,"href":"https:\/\/www.europesays.com\/es\/wp-json\/wp\/v2\/categories?post=187659"},{"taxonomy":"post_tag","embeddable":true,"href":"https:\/\/www.europesays.com\/es\/wp-json\/wp\/v2\/tags?post=187659"}],"curies":[{"name":"wp","href":"https:\/\/api.w.org\/{rel}","templated":true}]}}