{"id":187674,"date":"2025-10-19T18:21:08","date_gmt":"2025-10-19T18:21:08","guid":{"rendered":"https:\/\/www.europesays.com\/es\/187674\/"},"modified":"2025-10-19T18:21:08","modified_gmt":"2025-10-19T18:21:08","slug":"karla-suarez-da-una-vuelta-de-tuerca-con-objetos-perdidos","status":"publish","type":"post","link":"https:\/\/www.europesays.com\/es\/187674\/","title":{"rendered":"Karla Su\u00e1rez da una vuelta de tuerca con &#8216;Objetos perdidos&#8217;"},"content":{"rendered":"<p class=\"paragraph-atom A-500-300-700-N A-550-300-700-N--md \">Ciudad de M\u00e9xico\/Despu\u00e9s de cuatro novelas en las que retrat\u00f3 la realidad de Cuba desde diferentes \u00e1ngulos, con su nueva obra, Objetos perdidos, la escritora habanera Karla Su\u00e1rez ha dado un golpe de tuerca a su literatura, al contar una historia de un humanismo casi doloroso.\n    <\/p>\n<p class=\"paragraph-atom A-500-300-700-N A-550-300-700-N--md \">\u00abLlam\u00e9 Sinfon\u00eda habanera al compendio de mis cuatro libros anteriores; con este comienzo una Sinfon\u00eda de las artes. Empec\u00e9 con la danza, le seguir\u00e1 la m\u00fasica y luego veremos\u00bb, asegur\u00f3 este domingo a EFE la autora, residente en Lisboa.\n    <\/p>\n<p class=\"paragraph-atom A-500-300-700-N A-550-300-700-N--md \">Su\u00e1rez (La Habana, 1969) era una l\u00e1mpara en matem\u00e1ticas en sus tiempos de estudiante, pero dio un giro a su vida al estudiar guitarra cl\u00e1sica, lo cual le sirvi\u00f3 muchos a\u00f1os despu\u00e9s al apostar a la escritura.\n    <\/p>\n<p class=\"paragraph-atom A-500-300-700-N A-550-300-700-N--md \">\u00abLa m\u00fasica la llevo dentro. Para m\u00ed es importante saber primero qu\u00e9 m\u00fasica escuchan mis personajes. El sonido es prioridad porque la vida suena. Cada uno de mis libros tiene su banda sonora y \u00e9ste no es la excepci\u00f3n\u00bb, cuenta la narradora.\n    <\/p>\n<blockquote class=\"blockquote-atom \">\n<p>                \u00abLa m\u00fasica la llevo dentro. Para m\u00ed es importante saber primero qu\u00e9 m\u00fasica escuchan mis personajes\u00bb<\/p>\n<\/blockquote>\n<p class=\"paragraph-atom A-500-300-700-N A-550-300-700-N--md \">En 1994 public\u00f3 su primer cuento y, a partir de ah\u00ed, comenz\u00f3 a crecer hasta convertirse en una de las voces m\u00e1s punzantes de la literatura cubana con la tetralog\u00eda formada por Silencios (1999), La viajera (2005), La Habana a\u00f1o cero (2011) y El hijo del h\u00e9roe (2017).\n    <\/p>\n<p class=\"paragraph-atom A-500-300-700-N A-550-300-700-N--md \">En el a\u00f1o 2007 fue seleccionada por el Hay Festival entre los 39 escritores j\u00f3venes m\u00e1s representativos de Am\u00e9rica Latina.\n    <\/p>\n<p class=\"paragraph-atom A-500-300-700-N A-550-300-700-N--md \">Sobre su \u00faltimo trabajo, Objetos perdidos recrea la vida de Giselle, una mujer que se juega la vida por su pasi\u00f3n: el baile. Emigra de un pueblo del centro de Cuba a la capital de la provincia; de ah\u00ed se va a La Habana y luego a Par\u00eds, de donde se mueve a Espa\u00f1a.\n    <\/p>\n<p class=\"paragraph-atom A-500-300-700-N A-550-300-700-N--md \">Tras una discusi\u00f3n con su novio y el robo de su bolso, con objetos de gran valor sentimental, la joven se pierde en Barcelona, donde tiene un amigo, pero no sabe su direcci\u00f3n. Apuesta a encontrarlo y vaga tres d\u00edas alrededor de la Iglesia de La Sagrada familia y en ese tiempo reflexiona sobre su vida.\n    <\/p>\n<blockquote class=\"blockquote-atom \">\n<p>                \u00abGiselle se cuestiona si fue bueno dejar todo por su pasi\u00f3n y si vali\u00f3 la pena apostar la vida por algo\u00bb<\/p>\n<\/blockquote>\n<p class=\"paragraph-atom A-500-300-700-N A-550-300-700-N--md \">\u00abEstamos acostumbrados a ver la historia de las grandes bailarinas, de los grandes escritores o escritoras, pero queda mucha gente en el camino. Giselle se cuestiona si fue bueno dejar todo por su pasi\u00f3n y si vali\u00f3 la pena apostar la vida por algo, aunque luego no saliera bien\u00bb, confiesa Karla.\n    <\/p>\n<p class=\"paragraph-atom A-500-300-700-N A-550-300-700-N--md \">La escritora ha vivido en Roma, Par\u00eds, Lisboa y pasa algo de su tiempo en Espa\u00f1a. Parte de sus vivencias las experiment\u00f3 la protagonista de su libro, que es un canto a la libertad de la mujer, al amor y a la amistad.\n    <\/p>\n<p class=\"paragraph-atom A-500-300-700-N A-550-300-700-N--md \">\u00bfEs madre quien da a luz a una criatura o quien la cr\u00eda? es una pregunta fundamental en la novela.\n    <\/p>\n<p class=\"paragraph-atom A-500-300-700-N A-550-300-700-N--md \">\u00abGiselle no quiere ser madre. Tiene una hija a la que le muestra un amor distinto. No es lo mismo p\u00e9rdida que la renuncia; ella renuncia a cosas porque no quiere; es una posici\u00f3n v\u00e1lida\u00bb, explica la escritora.\n    <\/p>\n<p class=\"paragraph-atom A-500-300-700-N A-550-300-700-N--md \">Los personajes de Objetos perdidos no son buenos ni malos. Siguen su camino; algunos jam\u00e1s crecen, el caso de los padres de la chica; otros lo hacen de manera valiente como Giselle y su novio. El final de libro es de los m\u00e1s contundentes de la obra de Karla Su\u00e1rez, con encuentros inesperados y una sorpresa tras otra.\n    <\/p>\n<blockquote class=\"blockquote-atom \">\n<p>                El final de libro es de los m\u00e1s contundentes de la obra de Karla Su\u00e1rez, con encuentros inesperados y una sorpresa tras otra<\/p>\n<\/blockquote>\n<p class=\"paragraph-atom A-500-300-700-N A-550-300-700-N--md \">\u00abElla dice, soy como soy, al que le guste bien y el que no, da lo mismo. Cambia su actitud al poner las cosas en su lugar. Hace una especie de resumen de noticias de su vida\u00bb, explica la autora.\n    <\/p>\n<p class=\"paragraph-atom A-500-300-700-N A-550-300-700-N--md \">Las \u00faltimas 50 p\u00e1ginas se leen como si uno viera una pel\u00edcula. Es l\u00f3gico. Mientras escrib\u00eda, Karla se meti\u00f3 dentro de la historia como si fuera una actriz.\n    <\/p>\n<p class=\"paragraph-atom A-500-300-700-N A-550-300-700-N--md \">&#8211; \u00bfC\u00f3mo logr\u00f3 eso?\n    <\/p>\n<p class=\"paragraph-atom A-500-300-700-N A-550-300-700-N--md \">&#8211; Cuando escribo, represento los movimientos de los personajes; a veces me siento en el piso, hablo en voz alta como hace alguien del libro; me recuesto para imitarlo o me meto debajo de la mesa. Aunque en muchas cosas no tiene que ver conmigo, a veces me sent\u00ed Giselle.\n    <\/p>\n","protected":false},"excerpt":{"rendered":"Ciudad de M\u00e9xico\/Despu\u00e9s de cuatro novelas en las que retrat\u00f3 la realidad de Cuba desde diferentes \u00e1ngulos, con&hellip;\n","protected":false},"author":2,"featured_media":187675,"comment_status":"","ping_status":"","sticky":false,"template":"","format":"standard","meta":{"footnotes":""},"categories":[172],"tags":[224,146,147,25,24,52733,39673,225,4577,671,48421,23],"class_list":{"0":"post-187674","1":"post","2":"type-post","3":"status-publish","4":"format-standard","5":"has-post-thumbnail","7":"category-libros","8":"tag-books","9":"tag-entertainment","10":"tag-entretenimiento","11":"tag-es","12":"tag-espana","13":"tag-karla-suarez","14":"tag-la-habana","15":"tag-libros","16":"tag-lisboa","17":"tag-literatura","18":"tag-objetos-perdidos","19":"tag-spain"},"share_on_mastodon":{"url":"","error":""},"_links":{"self":[{"href":"https:\/\/www.europesays.com\/es\/wp-json\/wp\/v2\/posts\/187674","targetHints":{"allow":["GET"]}}],"collection":[{"href":"https:\/\/www.europesays.com\/es\/wp-json\/wp\/v2\/posts"}],"about":[{"href":"https:\/\/www.europesays.com\/es\/wp-json\/wp\/v2\/types\/post"}],"author":[{"embeddable":true,"href":"https:\/\/www.europesays.com\/es\/wp-json\/wp\/v2\/users\/2"}],"replies":[{"embeddable":true,"href":"https:\/\/www.europesays.com\/es\/wp-json\/wp\/v2\/comments?post=187674"}],"version-history":[{"count":0,"href":"https:\/\/www.europesays.com\/es\/wp-json\/wp\/v2\/posts\/187674\/revisions"}],"wp:featuredmedia":[{"embeddable":true,"href":"https:\/\/www.europesays.com\/es\/wp-json\/wp\/v2\/media\/187675"}],"wp:attachment":[{"href":"https:\/\/www.europesays.com\/es\/wp-json\/wp\/v2\/media?parent=187674"}],"wp:term":[{"taxonomy":"category","embeddable":true,"href":"https:\/\/www.europesays.com\/es\/wp-json\/wp\/v2\/categories?post=187674"},{"taxonomy":"post_tag","embeddable":true,"href":"https:\/\/www.europesays.com\/es\/wp-json\/wp\/v2\/tags?post=187674"}],"curies":[{"name":"wp","href":"https:\/\/api.w.org\/{rel}","templated":true}]}}