{"id":187681,"date":"2025-10-19T18:26:11","date_gmt":"2025-10-19T18:26:11","guid":{"rendered":"https:\/\/www.europesays.com\/es\/187681\/"},"modified":"2025-10-19T18:26:11","modified_gmt":"2025-10-19T18:26:11","slug":"el-centro-de-cartagena-se-tine-de-rosa-para-visibilizar-el-cancer-de-mama","status":"publish","type":"post","link":"https:\/\/www.europesays.com\/es\/187681\/","title":{"rendered":"El centro de Cartagena se ti\u00f1e de rosa para visibilizar el c\u00e1ncer de mama"},"content":{"rendered":"<p class=\"v-mdl-ath__p v-mdl-ath__p--6\">\nDomingo, 19 de octubre 2025, 20:01<\/p>\n<p class=\"v-p\">Marcha senderista, taller de maquillaje y artesan\u00eda, dragon boat, baile y otras muchas actividades ti\u00f1eron de rosa este domingo la plaza del Ayuntamiento con motivo del D\u00eda Mundial del <a href=\"https:\/\/www.laverdad.es\/murcia\/cancer-color-rosa-guerrera-20251019071050-nt.html\" data-voc-vtm-id=\"in-text-traffic\" title=\"C\u00e1ncer de Mama\" data-mrf-link=\"www.laverdad.es\" rel=\"nofollow noopener\" target=\"_blank\">C\u00e1ncer de Mama<\/a>.<\/p>\n<p class=\"v-p\">Dar visibilidad a la enfermedad, recaudar fondos para la investigaci\u00f3n e informar sobre su cartera de servicios son los objetivos que se marc\u00f3 la Asociaci\u00f3n Contra el C\u00e1ncer de Cartagena (AECC), liderada por el onc\u00f3logo Pablo Cerezuela, para organizar una jornada en la que la mujer fuera el centro. <\/p>\n<p class=\"v-p\">\u00abPretendemos dar visibilidad a las pacientes con c\u00e1ncer de mama y a la asociaci\u00f3n, ya que una parte de nuestro trabajo est\u00e1 enfocado a ellas\u00bb, afirm\u00f3 Cerezuela. \u00abPor eso hemos dise\u00f1ado actividades que tienen relaci\u00f3n con la mujer, como el dragon boat, el taller de maquillaje especial para mujeres en tratamiento oncol\u00f3gico o el senderismo. De esta forma generamos unos beneficios que van directamente a investigaci\u00f3n, que es lo \u00fanico que puede mejorar los resultados\u00bb.<\/p>\n<p class=\"v-p\">La jornada comenz\u00f3 con una marcha senderista en la que participaron m\u00e1s de doscientas personas, que pusieron rumbo a La Algameca Chica. En el stand se sumaron tambi\u00e9n miembros de Moto Club Cartagena, festeros de Carthagineses y Romanos o la Asociaci\u00f3n de Mujeres de Molinos Marfagones. <\/p>\n<p><img decoding=\"async\" loading=\"lazy\" src=\"https:\/\/www.europesays.com\/es\/wp-content\/uploads\/2025\/10\/cancerctg-jmr (3)-kznG-U2303426258504R7B-650x455@La Verdad.jpg\" class=\"v-a-img\" width=\"650\" height=\"455\" alt=\"Voluntarias de la AECC, junto a la carpa.\" data-voc-vtm-id=\"in-text-traffic\"\/><\/p>\n<p>Voluntarias de la AECC, junto a la carpa.<\/p>\n<p>Jos\u00e9 Mar\u00eda Rodr\u00edguez\/ AGM<\/p>\n<p><img loading=\"lazy\" decoding=\"async\" src=\"https:\/\/www.europesays.com\/es\/wp-content\/uploads\/2025\/10\/cancerctg-jmr (3)-kznG-U2303426258504vrF-1920x1344@La Verdad.jpg\" class=\"v-mdl__img-z\" width=\"1920\" height=\"1344\" alt=\"\"\/><\/p>\n<p class=\"v-p\">Tambi\u00e9n Mary Kay aport\u00f3 su experiencia en el embellecimiento y cuidado de la piel. \u00abNosotros tenemos un programa con la Fundaci\u00f3n Stanpa que es &#8216;Ponte guapa y te sentir\u00e1s mejor&#8217;, que est\u00e1 centrado en pacientes con c\u00e1ncer. A veces la gente frivoliza con lo relativo a la belleza, pero verte bien ayuda a sentirte mejor\u00bb, indic\u00f3 la responsable, Rebeca Ros.<\/p>\n<p class=\"v-p\">Una de las voluntarias, Adelina Garrido, comenz\u00f3 a colaborar tras detectarle un c\u00e1ncer de mama en 2008. \u00abYo empec\u00e9 con el dragon boat, porque es muy bueno cuando te han quitado un ganglio y para el linfedema. Tienen unos botes especiales para nosotras y ayuda mucho a mejorar los m\u00fasculos. Desde entonces estoy en la asociaci\u00f3n y participo en las actividades para concienciar y recaudar fondos\u00bb. De hecho, el equipo de dragon boat &#8216;Vientos de Cartagena&#8217;, que han llegado a campeonas de Espa\u00f1a, se organiz\u00f3 en 2018 a ra\u00edz de un proyecto de la asociaci\u00f3n, hasta que se independiz\u00f3 para poder competir. <\/p>\n<p class=\"v-p\">M\u00e1s del 90% de los beneficios que recauda la asociaci\u00f3n se destinan a la investigaci\u00f3n, priorizando el criterio de que sea con investigadores de la misma comunidad. En Cartagena cuentan con una psicoonc\u00f3loga y dos trabajadores sociales que atienden tanto a pacientes como a sus familias. \u00abHace tiempo que nos hemos dado cuenta de que, adem\u00e1s de la enfermedad, est\u00e1 la pobreza o la falta de recursos y la soledad. Hay muchas personas que no pueden o no saben gestionar las ayudas a las que pueden optar y nosotros prestamos este servicio para ayudarles en cuanto necesiten\u00bb, explic\u00f3 Nazarena Balaguer, miembro de la Junta Local de la AECC. <\/p>\n<p class=\"v-p\">Cuentan adem\u00e1s con un servicio para ceder pelucas o camas articuladas a los pacientes que lo necesitan y que se pueden solicitar llamando a Infoc\u00e1ncer en el 900 100 036, que est\u00e1 operativo las 24 horas del d\u00eda. <\/p>\n<p class=\"v-p\">Atra\u00eddos por la m\u00fasica y el buen ambiente, hasta el stand se acercaron tambi\u00e9n numerosos turistas, de los cerca de 7.000 que llegaron este domingo a bordo de los cruceros &#8216;Star Princess&#8217; y &#8216;Azamara Pursuit&#8217;. <\/p>\n<p>Reporta un error<\/p>\n","protected":false},"excerpt":{"rendered":"Domingo, 19 de octubre 2025, 20:01 Marcha senderista, taller de maquillaje y artesan\u00eda, dragon boat, baile y otras&hellip;\n","protected":false},"author":2,"featured_media":187682,"comment_status":"","ping_status":"","sticky":false,"template":"","format":"standard","meta":{"footnotes":""},"categories":[92],"tags":[1066,4995,245,25,24,165,4917,2465,166,23,23710,52734],"class_list":{"0":"post-187681","1":"post","2":"type-post","3":"status-publish","4":"format-standard","5":"has-post-thumbnail","7":"category-salud","8":"tag-cancer","9":"tag-cartagena","10":"tag-centro","11":"tag-es","12":"tag-espana","13":"tag-health","14":"tag-mama","15":"tag-rosa","16":"tag-salud","17":"tag-spain","18":"tag-tine","19":"tag-visibilizar"},"share_on_mastodon":{"url":"","error":""},"_links":{"self":[{"href":"https:\/\/www.europesays.com\/es\/wp-json\/wp\/v2\/posts\/187681","targetHints":{"allow":["GET"]}}],"collection":[{"href":"https:\/\/www.europesays.com\/es\/wp-json\/wp\/v2\/posts"}],"about":[{"href":"https:\/\/www.europesays.com\/es\/wp-json\/wp\/v2\/types\/post"}],"author":[{"embeddable":true,"href":"https:\/\/www.europesays.com\/es\/wp-json\/wp\/v2\/users\/2"}],"replies":[{"embeddable":true,"href":"https:\/\/www.europesays.com\/es\/wp-json\/wp\/v2\/comments?post=187681"}],"version-history":[{"count":0,"href":"https:\/\/www.europesays.com\/es\/wp-json\/wp\/v2\/posts\/187681\/revisions"}],"wp:featuredmedia":[{"embeddable":true,"href":"https:\/\/www.europesays.com\/es\/wp-json\/wp\/v2\/media\/187682"}],"wp:attachment":[{"href":"https:\/\/www.europesays.com\/es\/wp-json\/wp\/v2\/media?parent=187681"}],"wp:term":[{"taxonomy":"category","embeddable":true,"href":"https:\/\/www.europesays.com\/es\/wp-json\/wp\/v2\/categories?post=187681"},{"taxonomy":"post_tag","embeddable":true,"href":"https:\/\/www.europesays.com\/es\/wp-json\/wp\/v2\/tags?post=187681"}],"curies":[{"name":"wp","href":"https:\/\/api.w.org\/{rel}","templated":true}]}}