{"id":187689,"date":"2025-10-19T18:30:14","date_gmt":"2025-10-19T18:30:14","guid":{"rendered":"https:\/\/www.europesays.com\/es\/187689\/"},"modified":"2025-10-19T18:30:14","modified_gmt":"2025-10-19T18:30:14","slug":"eeuu-advirtio-sobre-informacion-creible-de-un-posible-ataque-de-hamas-a-civiles-en-gaza-que-podria-romper-el-alto-el-fuego","status":"publish","type":"post","link":"https:\/\/www.europesays.com\/es\/187689\/","title":{"rendered":"EEUU advirti\u00f3 sobre \u201cinformaci\u00f3n cre\u00edble\u201d de un posible ataque de Hamas a civiles en Gaza que podr\u00eda romper el alto el fuego"},"content":{"rendered":"<p><img alt=\"El presidente de Estados Unidos,\" class=\"global-image\" decoding=\"async\" fetchpriority=\"high\" height=\"3639\" loading=\"eager\" src=\"https:\/\/www.europesays.com\/es\/wp-content\/uploads\/2025\/10\/GZIHK72Z4RFRZFRH625YZBFRFQ.JPG\" width=\"5500\"\/>El presidente de Estados Unidos, Donald Trump, y el secretario de Defensa, Pete Hegseth, escuchan al secretario de Estado, Marco Rubio, durante una reuni\u00f3n del gabinete en la Casa Blanca el 9 de octubre de 2025 (REUTERS\/Evelyn Hockstein)<\/p>\n<p class=\"paragraph\">El Departamento de Estado de<b> <\/b><a href=\"https:\/\/www.infobae.com\/estados-unidos\/\" target=\"_blank\" rel=\"noreferrer nofollow noopener\" title=\"https:\/\/www.infobae.com\/estados-unidos\/\"><b>Estados Unidos<\/b><\/a> advirti\u00f3 este s\u00e1bado sobre <b>\u201cinformes cre\u00edbles\u201d que apuntan a que el grupo terrorista palestino <\/b><a href=\"https:\/\/www.infobae.com\/tag\/hamas\/\" target=\"_blank\" rel=\"noreferrer nofollow noopener\" title=\"https:\/\/www.infobae.com\/tag\/hamas\/\"><b>Hamas<\/b><\/a><b> prepara un ataque inminente contra civiles en Gaza, lo que podr\u00eda constituir una \u201cviolaci\u00f3n directa y grave\u201d del alto el fuego vigente. <\/b>La comunicaci\u00f3n, emitida por el Gobierno de <b>Donald Trump<\/b>, se\u00f1al\u00f3 que la posible acci\u00f3n no solo romper\u00eda los t\u00e9rminos del acuerdo de cese de hostilidades, sino que \u201csocavar\u00eda los importantes avances logrados mediante la mediaci\u00f3n internacional\u201d.<\/p>\n<p class=\"paragraph\">En su declaraci\u00f3n, el Departamento de Estado subray\u00f3 que<b> en caso de que Hamas lleve adelante el ataque, \u201cse adoptar\u00e1n medidas para proteger a la poblaci\u00f3n de Gaza y preservar la integridad del alto el fuego\u201d.<\/b> Fuentes diplom\u00e1ticas estadounidenses confirmaron, adem\u00e1s, que la advertencia fue transmitida a los pa\u00edses que fungen como garantes de la tregua y advirtieron que se mantendr\u00e1n atentos a cualquier desarrollo que altere la estabilidad relativa lograda en la regi\u00f3n desde la firma de la tregua, el pasado 9 de octubre.<\/p>\n<p class=\"paragraph\">El cese al fuego, aceptado por <b>Israel<\/b> el jueves de la semana pasada, puso fin a casi dos a\u00f1os de <b>intensos bombardeos sobre la Franja de Gaza<\/b>, los cuales dejaron al menos <b>67.967 muertos<\/b>, seg\u00fan cifras del Ministerio de Salud local respaldadas por la <b>Organizaci\u00f3n de las Naciones Unidas (ONU)<\/b>. El acuerdo, rubricado por Hamas e Israel, estableci\u00f3 la liberaci\u00f3n de todos los rehenes por parte del grupo palestino y el retiro del ej\u00e9rcito israel\u00ed hasta la denominada \u201cl\u00ednea amarilla\u201d, aunque la vigencia del alto el fuego se extiende a todas las zonas de Gaza.<\/p>\n<p class=\"paragraph\">La <b>Oficina de la ONU para la Coordinaci\u00f3n de Asuntos Humanitarios (OCHA)<\/b> inform\u00f3 que hasta el mi\u00e9rcoles pasado hab\u00eda <b>190.000 toneladas de ayuda<\/b> en proceso de autorizaci\u00f3n para ingresar a Gaza bajo supervisi\u00f3n israel\u00ed. Sin embargo, los habitantes de la Franja siguen a la espera de la apertura del cruce fronterizo de <b>Rafah<\/b>, que conecta Gaza con Egipto y es considerado vital para el acceso de asistencia y la salida de personas. Seg\u00fan reportes recogidos por la prensa israel\u00ed, la demora est\u00e1 asociada a la negativa de Hamas de entregar inmediatamente los cuerpos de los rehenes israel\u00edes fallecidos.<\/p>\n<p><img alt=\"Un miliciano de Hamas vigila\" class=\"global-image\" decoding=\"async\" fetchpriority=\"low\" height=\"3585\" loading=\"lazy\" src=\"https:\/\/www.europesays.com\/es\/wp-content\/uploads\/2025\/10\/ZLIBTLKM2JDXTDIBNKE22VH2KU.JPG\" width=\"5425\"\/>Un miliciano de Hamas vigila la llegada de veh\u00edculos de la Cruz Roja para la entrega de cuerpos de los rehenes fallecidos, en la ciudad de Gaza el 14 de octubre de 2025 (REUTERS\/Dawoud Abu Alkas)<\/p>\n<p class=\"paragraph\">En declaraciones a Channel 14, <b>el primer ministro israel\u00ed Benjamin Netanyahu advirti\u00f3 este s\u00e1bado que la guerra concluir\u00e1 una vez se logre la \u201cdesmilitarizaci\u00f3n de la Franja de Gaza\u201d, lo que implica el desarme total de Hamas. <\/b>\u201cLa fase B tambi\u00e9n implica el desarme de Hamas, o m\u00e1s precisamente, la confiscaci\u00f3n de armas de Hamas. Cuando esto se haya logrado, entonces la guerra terminar\u00e1\u201d, asegur\u00f3 Netanyahu, en referencia a las negociaciones en curso y la entrega progresiva de los restos de rehenes.<\/p>\n<p class=\"paragraph\">El director de operaciones humanitarias de la ONU, <b>Tom Fletcher<\/b>, visit\u00f3 Ciudad de Gaza y describi\u00f3 el escenario como una \u201ctarea monumental\u201d para las agencias de ayuda internacional, que aspiran a distribuir un mill\u00f3n de comidas diarias y restablecer servicios b\u00e1sicos en los pr\u00f3ximos 60 d\u00edas. Fletcher declar\u00f3 a AFP que amplias zonas de la ciudad se han transformado en \u201cun terreno bald\u00edo\u201d tras los ataques.<\/p>\n<p class=\"paragraph\">Las partes enfrentadas se acusan mutuamente de incumplir los t\u00e9rminos del alto el fuego. Israel advirti\u00f3 que no reabrir\u00e1 el cruce de Rafah hasta que reciba los restos de todos los cautivos fallecidos, mientras Hamas sostiene que los cierres fronterizos dificultan la entrega de los cuerpos.<\/p>\n<p class=\"paragraph\">El saldo del conflicto iniciado el 7 de octubre de 2023, tras el ataque de Hamas sobre territorio israel\u00ed, deja 1.221 muertos en Israel \u2014la mayor\u00eda civiles\u2014 y cerca de 68.000 v\u00edctimas mortales en Gaza, donde la cifra incluye tambi\u00e9n a numerosos civiles. Las autoridades estiman, adem\u00e1s, que cerca de 10.000 cuerpos permanecen a\u00fan entre los escombros, mientras la comunidad internacional presiona por la implementaci\u00f3n total de los acuerdos de paz impulsados desde Washington.<\/p>\n<p class=\"paragraph\">(Con informaci\u00f3n de AFP y EFE)<\/p>\n","protected":false},"excerpt":{"rendered":"El presidente de Estados Unidos, Donald Trump, y el secretario de Defensa, Pete Hegseth, escuchan al secretario de&hellip;\n","protected":false},"author":2,"featured_media":187690,"comment_status":"","ping_status":"","sticky":false,"template":"","format":"standard","meta":{"footnotes":""},"categories":[42],"tags":[17,18,46519,13,14,5638,11,61,62,63,64,19,20,9,3119,10,15,16,88,12,21,22,65,66,67],"class_list":{"0":"post-187689","1":"post","2":"type-post","3":"status-publish","4":"format-standard","5":"has-post-thumbnail","7":"category-internacional","8":"tag-breaking-news","9":"tag-breakingnews","10":"tag-domestic","11":"tag-featured-news","12":"tag-featurednews","13":"tag-government-politics","14":"tag-headlines","15":"tag-internacional","16":"tag-international","17":"tag-international-news","18":"tag-internationalnews","19":"tag-latest-news","20":"tag-latestnews","21":"tag-news","22":"tag-north-america","23":"tag-noticias","24":"tag-noticias-destacadas","25":"tag-noticiasdestacadas","26":"tag-politics","27":"tag-titulares","28":"tag-ultimas-noticias","29":"tag-ultimasnoticias","30":"tag-world","31":"tag-world-news","32":"tag-worldnews"},"share_on_mastodon":{"url":"","error":""},"_links":{"self":[{"href":"https:\/\/www.europesays.com\/es\/wp-json\/wp\/v2\/posts\/187689","targetHints":{"allow":["GET"]}}],"collection":[{"href":"https:\/\/www.europesays.com\/es\/wp-json\/wp\/v2\/posts"}],"about":[{"href":"https:\/\/www.europesays.com\/es\/wp-json\/wp\/v2\/types\/post"}],"author":[{"embeddable":true,"href":"https:\/\/www.europesays.com\/es\/wp-json\/wp\/v2\/users\/2"}],"replies":[{"embeddable":true,"href":"https:\/\/www.europesays.com\/es\/wp-json\/wp\/v2\/comments?post=187689"}],"version-history":[{"count":0,"href":"https:\/\/www.europesays.com\/es\/wp-json\/wp\/v2\/posts\/187689\/revisions"}],"wp:featuredmedia":[{"embeddable":true,"href":"https:\/\/www.europesays.com\/es\/wp-json\/wp\/v2\/media\/187690"}],"wp:attachment":[{"href":"https:\/\/www.europesays.com\/es\/wp-json\/wp\/v2\/media?parent=187689"}],"wp:term":[{"taxonomy":"category","embeddable":true,"href":"https:\/\/www.europesays.com\/es\/wp-json\/wp\/v2\/categories?post=187689"},{"taxonomy":"post_tag","embeddable":true,"href":"https:\/\/www.europesays.com\/es\/wp-json\/wp\/v2\/tags?post=187689"}],"curies":[{"name":"wp","href":"https:\/\/api.w.org\/{rel}","templated":true}]}}