{"id":187691,"date":"2025-10-19T18:31:11","date_gmt":"2025-10-19T18:31:11","guid":{"rendered":"https:\/\/www.europesays.com\/es\/187691\/"},"modified":"2025-10-19T18:31:11","modified_gmt":"2025-10-19T18:31:11","slug":"crimen-dos-hermanas-detenidos-el-presunto-autor-del-crimen-de-dos-hermanas-y-el-hermano-de-la-victima-por-salir-con-una-katana-pidiendo-justicia","status":"publish","type":"post","link":"https:\/\/www.europesays.com\/es\/187691\/","title":{"rendered":"CRIMEN DOS HERMANAS | Detenidos el presunto autor del crimen de Dos Hermanas y el hermano de la v\u00edctima por salir con una katana \u00abpidiendo justicia\u00bb"},"content":{"rendered":"<p class=\"ft-text\">La <a class=\"ft-link ft-link--decoration\" href=\"https:\/\/www.elcorreoweb.es\/tags\/policia-nacional\/\" target=\"_blank\" rel=\"nofollow noopener\">Polic\u00eda Nacional <\/a>ha detenido a una persona como presunto del <a class=\"ft-link ft-link--decoration\" href=\"https:\/\/www.elcorreoweb.es\/sevilla\/2025\/10\/18\/policia-investiga-grave-agresion-hermanas-122755877.html\" target=\"_blank\" rel=\"nofollow noopener\">autor del disparo que cost\u00f3 la vida a una hombre en Dos Hermanas. <\/a>La investigaci\u00f3n, en cualquier caso, sigue abierta y no se descarta que en las pr\u00f3ximas horas se puedan producir nuevos arrestos por este crimen que tuvo lugar en la calle Real de Utrera el s\u00e1bado 18 de octubre.<\/p>\n<p class=\"ft-text\">Horas despu\u00e9s, se ha <strong>arrestado tambi\u00e9n al hermano de la v\u00edctima<\/strong> tras salir a la calle con una <strong>katana \u00abpidiendo justicia\u00bb <\/strong>por el crimen, seg\u00fan han confirmado fuentes policiales a Europa Press.<\/p>\n<p class=\"ft-text\">La Polic\u00eda Nacional se person\u00f3 en el lugar de los hechos en torno a las dos de la tarde alertada <strong>por varios avisos al servicio de Emergencias 112 que denunciaron una agresi\u00f3n y disparos en el interior de una vivienda de esta calle de Dos Hermanas<\/strong>. La v\u00edctima, una persona de 39 a\u00f1os, falleci\u00f3 poco despu\u00e9s.<\/p>\n<p class=\"ft-text\">La investigaci\u00f3n policial ha permitido una detenci\u00f3n <strong>aunque est\u00e1 abierta <\/strong>y no se descarta que se puedan producir nuevas actuaciones policiales en Dos Hermanas por este crimen en los pr\u00f3ximos d\u00edas.<\/p>\n<p class=\"ft-text\">A\u00fan no ha trascendido la identidad de la v\u00edctima, aunque sus vecinos han indicado a EFE que se trata de un \u00abportero de discoteca\u00bb muy conocido en la zona. Seg\u00fan estos testimonios recogidos por la agencia, la v\u00edctima habr\u00eda ocupado la casa en la que se ha producido el suceso, en la que hab\u00eda \u00abmucho trasiego\u00bb por las noches, y la persona que lo ha matado, seg\u00fan estos testimonios de un disparo, ha huido hacia u<strong>n aparcamiento situado en la Plaza de Abastos<\/strong>, un camino en el que se observa un reguero de sangre.<\/p>\n<p class=\"ft-text\">La <strong>vivienda est\u00e1 ubicada en el centro de la localidad<\/strong>, cerca de la Iglesia del Gran Poder, donde estos d\u00edas transitan muchas personas preparando la Romer\u00eda de la Virgen de Valme, que se celebra este domingo.<\/p>\n<p>Tiroteos de Carmona y Padre P\u00edo<\/p>\n<p class=\"ft-text\">El \u00faltimo tiroteo de gravedad registrado en la provincia de Sevilla tuvo lugar en el municipio de Carmona e<a class=\"ft-link ft-link--decoration\" href=\"https:\/\/www.elcorreoweb.es\/sucesos\/2025\/10\/06\/muere-tercer-herido-tiroteo-carmona-122318867.html\" target=\"_blank\" rel=\"nofollow noopener\">l pasado mes de septiembre. Dos personas fueron asesinadas en un bar de la Urbanizaci\u00f3n de Los Nietos por las heridas por arma de fuego.<\/a> Una tercera persona, que hab\u00eda sufrido heridas de gravedad muri\u00f3 d\u00edas despu\u00e9s.<\/p>\n<p class=\"ft-text\">En Sevilla capital, este mismo mes de octubre <a class=\"ft-link ft-link--decoration\" href=\"https:\/\/www.elcorreoweb.es\/sucesos\/2025\/10\/01\/matan-hombre-paliza-palmete-122146220.html\" target=\"_blank\" rel=\"nofollow noopener\">unos encapuchados entraron el domicilio de una persona en el barrio de Padre P\u00edo y le dispararon<\/a>. Su cuerpo fue encontrado sin vida por la Polic\u00eda.<\/p>\n","protected":false},"excerpt":{"rendered":"La Polic\u00eda Nacional ha detenido a una persona como presunto del autor del disparo que cost\u00f3 la vida&hellip;\n","protected":false},"author":2,"featured_media":187692,"comment_status":"","ping_status":"","sticky":false,"template":"","format":"standard","meta":{"footnotes":""},"categories":[8],"tags":[17,18,3718,18476,52735,25,24,13,14,11,3553,19,20,9,10,15,16,3638,586,23,257,12,21,22],"class_list":{"0":"post-187691","1":"post","2":"type-post","3":"status-publish","4":"format-standard","5":"has-post-thumbnail","7":"category-espana","8":"tag-breaking-news","9":"tag-breakingnews","10":"tag-crimen","11":"tag-detiene","12":"tag-dos-hermanas","13":"tag-es","14":"tag-espana","15":"tag-featured-news","16":"tag-featurednews","17":"tag-headlines","18":"tag-hermanas","19":"tag-latest-news","20":"tag-latestnews","21":"tag-news","22":"tag-noticias","23":"tag-noticias-destacadas","24":"tag-noticiasdestacadas","25":"tag-persona","26":"tag-policia","27":"tag-spain","28":"tag-sucesos","29":"tag-titulares","30":"tag-ultimas-noticias","31":"tag-ultimasnoticias"},"share_on_mastodon":{"url":"","error":""},"_links":{"self":[{"href":"https:\/\/www.europesays.com\/es\/wp-json\/wp\/v2\/posts\/187691","targetHints":{"allow":["GET"]}}],"collection":[{"href":"https:\/\/www.europesays.com\/es\/wp-json\/wp\/v2\/posts"}],"about":[{"href":"https:\/\/www.europesays.com\/es\/wp-json\/wp\/v2\/types\/post"}],"author":[{"embeddable":true,"href":"https:\/\/www.europesays.com\/es\/wp-json\/wp\/v2\/users\/2"}],"replies":[{"embeddable":true,"href":"https:\/\/www.europesays.com\/es\/wp-json\/wp\/v2\/comments?post=187691"}],"version-history":[{"count":0,"href":"https:\/\/www.europesays.com\/es\/wp-json\/wp\/v2\/posts\/187691\/revisions"}],"wp:featuredmedia":[{"embeddable":true,"href":"https:\/\/www.europesays.com\/es\/wp-json\/wp\/v2\/media\/187692"}],"wp:attachment":[{"href":"https:\/\/www.europesays.com\/es\/wp-json\/wp\/v2\/media?parent=187691"}],"wp:term":[{"taxonomy":"category","embeddable":true,"href":"https:\/\/www.europesays.com\/es\/wp-json\/wp\/v2\/categories?post=187691"},{"taxonomy":"post_tag","embeddable":true,"href":"https:\/\/www.europesays.com\/es\/wp-json\/wp\/v2\/tags?post=187691"}],"curies":[{"name":"wp","href":"https:\/\/api.w.org\/{rel}","templated":true}]}}