{"id":18770,"date":"2025-08-01T15:20:08","date_gmt":"2025-08-01T15:20:08","guid":{"rendered":"https:\/\/www.europesays.com\/es\/18770\/"},"modified":"2025-08-01T15:20:08","modified_gmt":"2025-08-01T15:20:08","slug":"cartelera-ufc-fight-night-orden-de-combates-donde-ver-y-horario-de-la-pelea-estelar-de-taira-vs-park","status":"publish","type":"post","link":"https:\/\/www.europesays.com\/es\/18770\/","title":{"rendered":"Cartelera UFC Fight Night: orden de combates, d\u00f3nde ver y horario de la pelea estelar de Taira vs Park"},"content":{"rendered":"<p>\n                Publicado <b>1 agosto, 2025<\/b> por <b style=\"text-transform:capitalize;\">Leonardo M\u00e9ndez<\/b>            <\/p>\n<blockquote class=\"wp-block-quote has-medium-font-size is-layout-flow wp-block-quote-is-layout-flow\">\n<p>Vive toda la emoci\u00f3n de UFC Vegas 108 este s\u00e1bado 2 de agosto: descubre los detalles de la cartelera, horarios y transmisi\u00f3n<\/p>\n<\/blockquote>\n<p><img fetchpriority=\"high\" decoding=\"async\" width=\"1024\" height=\"576\" src=\"https:\/\/www.europesays.com\/es\/wp-content\/uploads\/2025\/08\/arena-y-logo-de-ufc-x-ufc-084129-1024x576.jpg\" alt=\"Arena y logo de UFC | X:@UFC\" class=\"wp-image-1037282\"  \/>Arena y logo de UFC | X:@UFC<\/p>\n<p><strong>UFC Vegas 108<\/strong> promete quedarse en el recuerdo de los aficionados de las <strong>artes marciales mixtas<\/strong> con una<strong> cartelera que protagonizar\u00e1n en el APEX <\/strong><a href=\"https:\/\/www.clarosports.com\/ufc\/reinier-de-ridder-da-un-golpe-de-autoridad-en-ufc-tras-vencer-a-robert-whittaker-por-decision-dividida\/\" rel=\"nofollow noopener\" target=\"_blank\"><strong>Tatsuro Taira<\/strong> y <strong>HyunSung Park<\/strong><\/a>, en un combate que definir\u00e1 el futuro de los <strong>pesos ligeros<\/strong>. Los dos asi\u00e1ticos buscan irrumpir en una de las categor\u00edas con mayor incertidumbre en la <strong>MMA<\/strong>.<\/p>\n<p><strong>Tatsuro Taira viene de una derrota por decisi\u00f3n dividida frente a Brandon Royval <\/strong>y ahora deber\u00e1 demostrar que su ca\u00edda fue una casualidad ante <strong>HyunSung Park<\/strong>, el surcoreano que lleva <strong><a href=\"https:\/\/www.clarosports.com\/ufc\/steven-nguyen-hace-historia-en-ufc-abu-dhabi-record-de-caidas-y-brutal-lesion-a-mohammad-yahya\/\" rel=\"nofollow noopener\" target=\"_blank\">tres finalizaciones desde su estreno<\/a><\/strong> en la empresa que dirige <strong>Dana White<\/strong>. El combate de este <strong>s\u00e1bado 2 de agosto desde la Ciudad del Pecado<\/strong> pinta para ser uno de los m\u00e1s interesantes en esta segunda mitad del a\u00f1o.<\/p>\n<p><strong>Cartelera estelar UFC Fight Night: Tatsuro Taira vs HyunSung Park<\/strong><br \/><strong>Tatsuro Taira <\/strong>(16-1-0)<strong> vs HyunSung Park<\/strong> (10-0-0) <strong>|<\/strong> Peso ligero<br \/><strong>Mateusz R\u0119becki<\/strong> (20-2-0) <strong>vs Chris Duncan<\/strong> (13-2-0) <strong>|<\/strong> Peso ligero<br \/><strong>Elves Brener <\/strong>(16-5-0)<strong> vs Esteban Ribovics <\/strong>(14-2-0) <strong>|<\/strong> Peso ligero<br \/><strong>Karol Rosa <\/strong>(18-7-0)<strong> vs Nora Cornolle <\/strong>(9-2-0) <strong>|<\/strong> Peso gallo femenil<br \/><strong>Neil Magny<\/strong> (29-14-0)<strong> vs Elizeu Zaleski dos Santos<\/strong> (25-9-1) <strong>|<\/strong> Peso welter<br \/><strong>Danny Silva <\/strong>(10-1-0) <strong>vs Kevin Vallejos <\/strong>(15-1-0)<strong> |<\/strong> Peso pluma<\/p>\n<p>Preliminares<\/p>\n<p><strong>Rinya Nakamura <\/strong>(9-1-0) <strong>vs Nathan Fletcher <\/strong>(9-2-0)<strong> | <\/strong>Peso gallo<br \/><strong>Rodolfo Vieira<\/strong> (10-3-0)<strong> vs Tresean Gore <\/strong>(6-3-0)<strong> |<\/strong> Peso mediano<br \/><strong>Nick Klein<\/strong> (6-2-0) <strong>vs Andrey Pulyaev<\/strong> (9-3-0) <strong>|<\/strong> Peso mediano<br \/><strong>Austin Bashi <\/strong>(13-1-0) <strong>vs John Yannis<\/strong> (9-3-0)<strong> |<\/strong> Peso pluma<br \/><strong>Rafael Estevam <\/strong>(13-0-0)<strong> vs Felipe Bunes <\/strong>(14-7-0) <strong>|<\/strong> Peso mosca<br \/><strong>Piera Rodriguez <\/strong>(10-2-0) <strong>vs Ketlen Souza <\/strong>(15-5-0) <strong>|<\/strong> Peso paja femenil<\/p>\n<p><strong>\u00bfA qu\u00e9 hora empieza la cartelera estelar UFC Fight Night: Robert Whittaker vs Reinier de Ridder y d\u00f3nde ver en vivo todas las peleas de este s\u00e1bado?<\/strong><\/p>\n<p>Horarios aproximados por regi\u00f3n:<\/p>\n<ul class=\"wp-block-list\">\n<li><strong>M\u00e9xico:<\/strong> principal <strong>19:00 horas (CDMX)<\/strong> | preliminares <strong>16:00 horas (CDMX)<\/strong><\/li>\n<li><strong>Estados Unidos:<\/strong> principal <strong>21:00 horas (ET)<\/strong> | preliminares <strong>18:00 horas (ET)<\/strong><\/li>\n<li><strong>Centroam\u00e9rica:<\/strong> principal <strong>19:00 horas<\/strong> | preliminares <strong>16:00 horas<\/strong><\/li>\n<li><strong>Colombia:<\/strong> principal <strong>20:00 horas<\/strong> | preliminares <strong>17:00 horas<\/strong><\/li>\n<li><strong>Argentina:<\/strong> principal <strong>22:00 horas<\/strong> | preliminares <strong>19:00 horas<\/strong><\/li>\n<\/ul>\n<p><strong><a href=\"https:\/\/www.clarosports.com\/ufc\/ufc-confiesa-sorpresa-por-la-propuesta-de-donald-trump-de-realizar-una-cartelera-en-la-casa-blanca\/\" rel=\"nofollow noopener\" target=\"_blank\">Claro Sports te pone en el centro de la acci\u00f3n con una cobertura vibrante<\/a>:<\/strong> reacciones al instante, an\u00e1lisis experto y los momentos m\u00e1s intensos de la noche, todo desde nuestra multiplataforma. En <strong>M\u00e9xico<\/strong>, los aficionados podr\u00e1n seguir cada asalto por Fox Sports o UFC Fight Pass. En <strong>Estados Unidos<\/strong>, la transmisi\u00f3n estar\u00e1 disponible en exclusiva por ESPN+ PPV y Disney+. En <strong>Argentina<\/strong>, la pelea se ver\u00e1 a trav\u00e9s de Fox Sports, mientras que en <strong>Colombia<\/strong> y <strong>Centroam\u00e9rica<\/strong>, los combates estar\u00e1n disponibles por UFC Fight Pass, Disney+ y ESPN.<\/p>\n<p>Te puede interesar:<\/p>\n","protected":false},"excerpt":{"rendered":"Publicado 1 agosto, 2025 por Leonardo M\u00e9ndez Vive toda la emoci\u00f3n de UFC Vegas 108 este s\u00e1bado 2&hellip;\n","protected":false},"author":2,"featured_media":18771,"comment_status":"","ping_status":"","sticky":false,"template":"","format":"standard","meta":{"footnotes":""},"categories":[276],"tags":[168,25,24,23,167,343],"class_list":{"0":"post-18770","1":"post","2":"type-post","3":"status-publish","4":"format-standard","5":"has-post-thumbnail","7":"category-ufc","8":"tag-deportes","9":"tag-es","10":"tag-espana","11":"tag-spain","12":"tag-sports","13":"tag-ufc"},"share_on_mastodon":{"url":"","error":""},"_links":{"self":[{"href":"https:\/\/www.europesays.com\/es\/wp-json\/wp\/v2\/posts\/18770","targetHints":{"allow":["GET"]}}],"collection":[{"href":"https:\/\/www.europesays.com\/es\/wp-json\/wp\/v2\/posts"}],"about":[{"href":"https:\/\/www.europesays.com\/es\/wp-json\/wp\/v2\/types\/post"}],"author":[{"embeddable":true,"href":"https:\/\/www.europesays.com\/es\/wp-json\/wp\/v2\/users\/2"}],"replies":[{"embeddable":true,"href":"https:\/\/www.europesays.com\/es\/wp-json\/wp\/v2\/comments?post=18770"}],"version-history":[{"count":0,"href":"https:\/\/www.europesays.com\/es\/wp-json\/wp\/v2\/posts\/18770\/revisions"}],"wp:featuredmedia":[{"embeddable":true,"href":"https:\/\/www.europesays.com\/es\/wp-json\/wp\/v2\/media\/18771"}],"wp:attachment":[{"href":"https:\/\/www.europesays.com\/es\/wp-json\/wp\/v2\/media?parent=18770"}],"wp:term":[{"taxonomy":"category","embeddable":true,"href":"https:\/\/www.europesays.com\/es\/wp-json\/wp\/v2\/categories?post=18770"},{"taxonomy":"post_tag","embeddable":true,"href":"https:\/\/www.europesays.com\/es\/wp-json\/wp\/v2\/tags?post=18770"}],"curies":[{"name":"wp","href":"https:\/\/api.w.org\/{rel}","templated":true}]}}