{"id":187709,"date":"2025-10-19T18:43:08","date_gmt":"2025-10-19T18:43:08","guid":{"rendered":"https:\/\/www.europesays.com\/es\/187709\/"},"modified":"2025-10-19T18:43:08","modified_gmt":"2025-10-19T18:43:08","slug":"asi-ha-sido-la-evacuacion-del-louvre-tras-el-atraco-de-cuatro-personas-a-varias-salas-internacional","status":"publish","type":"post","link":"https:\/\/www.europesays.com\/es\/187709\/","title":{"rendered":"As\u00ed ha sido la evacuaci\u00f3n del Louvre tras el atraco de cuatro personas a varias salas | Internacional"},"content":{"rendered":"<p class=\"loc\">Madrid<\/p>\n<p>Cientos de personas, entre ellos una mayor\u00eda de turistas se han encontrado en la ma\u00f1ana con la sorpresa de que el Louvre cerraba sus puertas todo el d\u00eda, algo que el museo no hac\u00eda desde el a\u00f1o 2023. El motivo: un atraco al recinto, uno de los museos de arte m\u00e1s importantes del mundo, llevado a cabo por cuatro personas que han accedido a varias salas para robar joyas. <\/p>\n<p>El atraco se ha producido tras la apertura habitual del museo por la ma\u00f1ana, momento en el que las autoridades han evacuado el recinto. Miembros del Gobierno franc\u00e9s han confirmado m\u00e1s tarde que el robo se ha producido en siete minutos y que ha afectado a las salas de Napole\u00f3n y la Emperatriz, donde ha aparecido una corona da\u00f1ada por los ladrones.<\/p>\n","protected":false},"excerpt":{"rendered":"Madrid Cientos de personas, entre ellos una mayor\u00eda de turistas se han encontrado en la ma\u00f1ana con la&hellip;\n","protected":false},"author":2,"featured_media":187710,"comment_status":"","ping_status":"","sticky":false,"template":"","format":"standard","meta":{"footnotes":""},"categories":[173],"tags":[229,233,231,230,5797,232,234,146,147,25,24,52737,52738,23],"class_list":{"0":"post-187709","1":"post","2":"type-post","3":"status-publish","4":"format-standard","5":"has-post-thumbnail","7":"category-arte-y-diseno","8":"tag-arte","9":"tag-arte-y-diseno","10":"tag-arts","11":"tag-arts-and-design","12":"tag-culture","13":"tag-design","14":"tag-diseno","15":"tag-entertainment","16":"tag-entretenimiento","17":"tag-es","18":"tag-espana","19":"tag-heritage-site","20":"tag-louvre-museum","21":"tag-spain"},"share_on_mastodon":{"url":"","error":""},"_links":{"self":[{"href":"https:\/\/www.europesays.com\/es\/wp-json\/wp\/v2\/posts\/187709","targetHints":{"allow":["GET"]}}],"collection":[{"href":"https:\/\/www.europesays.com\/es\/wp-json\/wp\/v2\/posts"}],"about":[{"href":"https:\/\/www.europesays.com\/es\/wp-json\/wp\/v2\/types\/post"}],"author":[{"embeddable":true,"href":"https:\/\/www.europesays.com\/es\/wp-json\/wp\/v2\/users\/2"}],"replies":[{"embeddable":true,"href":"https:\/\/www.europesays.com\/es\/wp-json\/wp\/v2\/comments?post=187709"}],"version-history":[{"count":0,"href":"https:\/\/www.europesays.com\/es\/wp-json\/wp\/v2\/posts\/187709\/revisions"}],"wp:featuredmedia":[{"embeddable":true,"href":"https:\/\/www.europesays.com\/es\/wp-json\/wp\/v2\/media\/187710"}],"wp:attachment":[{"href":"https:\/\/www.europesays.com\/es\/wp-json\/wp\/v2\/media?parent=187709"}],"wp:term":[{"taxonomy":"category","embeddable":true,"href":"https:\/\/www.europesays.com\/es\/wp-json\/wp\/v2\/categories?post=187709"},{"taxonomy":"post_tag","embeddable":true,"href":"https:\/\/www.europesays.com\/es\/wp-json\/wp\/v2\/tags?post=187709"}],"curies":[{"name":"wp","href":"https:\/\/api.w.org\/{rel}","templated":true}]}}