{"id":187719,"date":"2025-10-19T18:49:09","date_gmt":"2025-10-19T18:49:09","guid":{"rendered":"https:\/\/www.europesays.com\/es\/187719\/"},"modified":"2025-10-19T18:49:09","modified_gmt":"2025-10-19T18:49:09","slug":"manana-un-dialogo-de-servimedia-aborda-la-prevencion-diagnostico-y-tratamiento-de-la-osteoporosis-lider-en-informacion-social","status":"publish","type":"post","link":"https:\/\/www.europesays.com\/es\/187719\/","title":{"rendered":"Ma\u00f1ana un di\u00e1logo de Servimedia aborda la prevenci\u00f3n, diagn\u00f3stico y tratamiento de la osteoporosis | L\u00edder en Informaci\u00f3n Social"},"content":{"rendered":"<p>\n      La agencia de noticias Servimedia emitir\u00e1 ma\u00f1ana lunes a las 11.00 horas un di\u00e1logo sobre &#8216;La Osteoporosis puede pasar fractura: prevenci\u00f3n, diagn\u00f3stico y tratamiento&#8217; con motivo del D\u00eda Mundial de esta enfermedad.\n    <\/p>\n<p>El director general de Servimedia, Jos\u00e9 Manuel Gonz\u00e1lez Huesa, moderar\u00e1 la conversaci\u00f3n con cuatro expertos gracias al apoyo de Gr\u00fcnenthal.<\/p>\n<p>En concreto, participar\u00e1n Cristina Carbonell, m\u00e9dica de familia y presidenta electa de SEIOMM; Pilar Aguado, reumat\u00f3loga adjunta y coordinadora de la Unidad Metab\u00f3lica \u00d3sea del Servicio de Reumatolog\u00eda del Hospital Universitario La Paz de Madrid; Jose Luis Baquero, de Responsabilidad Social Corporativa de OAFI; y Raquel S\u00e1nchez, presidenta de AECOS.<\/p>\n<p>Este acto tendr\u00e1 lugar de manera presencial en el estudio de televisi\u00f3n de Servimedia y podr\u00e1 verse en directo a trav\u00e9s de Servimedia TV en el canal de YouTube de esta agencia de noticias.<\/p>\n<p>Las personas interesadas en verlo en directo deben inscribirse a trav\u00e9s del formulario de la web &#8216;<a href=\"https:\/\/www.servimedia.es\/dialogos\/osteoporosis\" rel=\"nofollow noopener\" target=\"_blank\">https:\/\/www.servimedia.es\/dialogos\/osteoporosis<\/a>&#8216; para recibir el enlace a la emisi\u00f3n.<\/p>\n","protected":false},"excerpt":{"rendered":"La agencia de noticias Servimedia emitir\u00e1 ma\u00f1ana lunes a las 11.00 horas un di\u00e1logo sobre &#8216;La Osteoporosis puede&hellip;\n","protected":false},"author":2,"featured_media":187720,"comment_status":"","ping_status":"","sticky":false,"template":"","format":"standard","meta":{"footnotes":""},"categories":[92],"tags":[25,14858,24,165,166,492,23],"class_list":{"0":"post-187719","1":"post","2":"type-post","3":"status-publish","4":"format-standard","5":"has-post-thumbnail","7":"category-salud","8":"tag-es","9":"tag-esg-rsc","10":"tag-espana","11":"tag-health","12":"tag-salud","13":"tag-sociedad","14":"tag-spain"},"share_on_mastodon":{"url":"","error":""},"_links":{"self":[{"href":"https:\/\/www.europesays.com\/es\/wp-json\/wp\/v2\/posts\/187719","targetHints":{"allow":["GET"]}}],"collection":[{"href":"https:\/\/www.europesays.com\/es\/wp-json\/wp\/v2\/posts"}],"about":[{"href":"https:\/\/www.europesays.com\/es\/wp-json\/wp\/v2\/types\/post"}],"author":[{"embeddable":true,"href":"https:\/\/www.europesays.com\/es\/wp-json\/wp\/v2\/users\/2"}],"replies":[{"embeddable":true,"href":"https:\/\/www.europesays.com\/es\/wp-json\/wp\/v2\/comments?post=187719"}],"version-history":[{"count":0,"href":"https:\/\/www.europesays.com\/es\/wp-json\/wp\/v2\/posts\/187719\/revisions"}],"wp:featuredmedia":[{"embeddable":true,"href":"https:\/\/www.europesays.com\/es\/wp-json\/wp\/v2\/media\/187720"}],"wp:attachment":[{"href":"https:\/\/www.europesays.com\/es\/wp-json\/wp\/v2\/media?parent=187719"}],"wp:term":[{"taxonomy":"category","embeddable":true,"href":"https:\/\/www.europesays.com\/es\/wp-json\/wp\/v2\/categories?post=187719"},{"taxonomy":"post_tag","embeddable":true,"href":"https:\/\/www.europesays.com\/es\/wp-json\/wp\/v2\/tags?post=187719"}],"curies":[{"name":"wp","href":"https:\/\/api.w.org\/{rel}","templated":true}]}}