{"id":187742,"date":"2025-10-19T19:04:09","date_gmt":"2025-10-19T19:04:09","guid":{"rendered":"https:\/\/www.europesays.com\/es\/187742\/"},"modified":"2025-10-19T19:04:09","modified_gmt":"2025-10-19T19:04:09","slug":"goles-resumen-y-resultado-celta-de-vigo-real-sociedad","status":"publish","type":"post","link":"https:\/\/www.europesays.com\/es\/187742\/","title":{"rendered":"Goles, resumen y resultado Celta de Vigo &#8211; Real Sociedad"},"content":{"rendered":"<p class=\"ft-text\">No hay manera. <strong>El Celta contin\u00faa sin ganar en liga tras nueve partidos disputados.<\/strong> Esta lluviosa tarde de domingo parec\u00eda que Bala\u00eddos iba a celebrar la tan ansiada victoria, pero un gol de la Real Sociedad -que llegaba a Vigo de colista- en el 89 agu\u00f3 la fiesta (1-1). Al filo del descanso, cuando los celestes ya iban ganando con un tanto de Pablo Dur\u00e1n endulzado con una buena dosis de f\u00fatbol colectivo, Starfelt -hoy capit\u00e1n- vio la segunda tarjeta amarilla tras un empuj\u00f3n a Yangel Herrera. Desde entonces, los de Gir\u00e1ldez le cedieron el cuero a los &#8216;txuri-urdines&#8217; en un ejercicio de resistencia que se resquebraj\u00f3 en el \u00faltimo suspiro con un testarazo de Carlos Soler.<\/p>\n<p class=\"ft-text\">Claudio Gir\u00e1ldez confi\u00f3 desde el inicio en ataque en un Pablo Dur\u00e1n que un a\u00f1o atr\u00e1s le hab\u00eda endosado dos tantos a la Real Sociedad en Bala\u00eddos. Y acert\u00f3. <strong>El porri\u00f1\u00e9s rubric\u00f3 el tanto local en el minuto 20 tras una jugada de combinaci\u00f3n exquisita de los celestes entre Jutgl\u00e0, Borja Iglesias y Mingueza<\/strong> que acab\u00f3 rematando el ariete dentro del \u00e1rea cruzando el disparo ante Remiro <a class=\"ft-link ft-link--decoration\" href=\"https:\/\/www.farodevigo.es\/deportes\/futbol\/primera-division\/2025-2026\/celta-de-vigo-real-sociedad-232025_01_09_2025176_2025188.html\" target=\"_blank\" rel=\"nofollow noopener\">-en lo que supuso el \u00fanico disparo local a puerta en el choque-<\/a>. Con todo, fueron los donostiarras quienes golpearon primero, aunque sin \u00e9xito: ya en el 7, Oyarzabal pudo mover el electr\u00f3nico de haber conectado correctamente un testarazo posterior a un centro milimetrado de Sergio G\u00f3mez desde la banda izquierda. El delantero de la selecci\u00f3n goz\u00f3 de otra ocasi\u00f3n clara con la cabeza, sin \u00e9xito.<\/p>\n<p class=\"ft-text\">Los vigueses, aunque sin oportunidades manifiestas, supieron controlar bien el duelo tras la diana de Dur\u00e1n. Se plantaron correctamente en defensa para frenar las ansias del farolillo rojo y se libraron de un empate que roz\u00f3 Yangel Herrera en el 40 a la salida de un c\u00f3rner. El guion del encuentro marchaba correctamente, pero una acci\u00f3n inexplicable de Starfelt al borde del tiempo de refresco lo rompi\u00f3 por completo. <strong>A la espera de un saque de esquina, el sueco, que ya hab\u00eda visto cartulina amarilla por una fuerte entrada a Oyarzabal, empuj\u00f3 a Herrera a un metro del colegiado y sin el bal\u00f3n en juego. <\/strong>Segunda y a la calle. El venezolano lo hab\u00eda provocado instantes antes abalanz\u00e1ndose de forma violenta contra \u00e9l y el n\u00f3rdico, que hoy ejerc\u00eda de capit\u00e1n, cay\u00f3 en su trampa.<\/p>\n<p class=\"ft-text\">Para afrontar la segunda mitad, Claudio dio entrada a Carlos Dom\u00ednguez por Hugo Sotelo y el equipo se ech\u00f3 atr\u00e1s. Cuando todav\u00eda hab\u00eda aficionados buscando su sitio de nuevo tras la reanudaci\u00f3n, gol de la Real Sociedad. Una combinaci\u00f3n de fallos calamitosos con un despeje defectuoso de Mingueza y un pase atr\u00e1s de Moriba acabaron a la postre en las botas de Oyarzabal, que empuj\u00f3 la pelota hacia las mallas. Con todo, el 10 visitante estaba en fuera de juego -muy ajustado-, determinado por la sala VOR. Respiraba la parroquia celeste, que ve\u00eda a los suyos atrincherados rezando \u00fanicamente por que volase el cron\u00f3metro ante las embestidas vascas, que fue frenando un Radu de sobresaliente hoy. <a class=\"ft-link ft-link--decoration\" href=\"https:\/\/x.com\/MovistarFutbol\/status\/1979941242914918751\" target=\"_blank\" rel=\"nofollow\">El rumano despej\u00f3 primero un intento de Barrenetxea y, poco despu\u00e9s, firm\u00f3 una doble intervenci\u00f3n salvadora ante las amenazas de Karrikaburu y Oyarz\u00e1bal. <\/a><\/p>\n<p class=\"ft-text\">Sin embargo, contra todo pron\u00f3stico, Jones El-Abdellaoui tuvo la sentencia en el minuto 84. Lo busc\u00f3 Moriba en profundidad y el noruego enfil\u00f3 la porter\u00eda rival con su caracter\u00edstica velocidad, se plant\u00f3 delante de Remiro y, de tanto que quiso ajustarla, la envi\u00f3 a las vallas publicitarias. Se cumpli\u00f3 entonces la m\u00e1xima del f\u00fatbol, quien perdona lo paga: <strong>en el minuto 89, Carlos Soler conect\u00f3 de cabeza en el \u00e1rea un bal\u00f3n enviado por Gon\u00e7alo Guedes colocando, as\u00ed, las tablas.<\/strong><\/p>\n<p class=\"ft-text\">Los de Sergio Francisco procuraron incluso llevarse los tres puntos ante una escuadra viguesa ya naufragada en medio del diluvio en Bala\u00eddos, pero no le dio tiempo a m\u00e1s.<\/p>\n<p class=\"ft-text\">Con este empate con sabor a derrota,<strong> el Celta contin\u00faa siendo el \u00fanico equipo de primera divisi\u00f3n sin ganar ni un solo duelo<\/strong>: dormir\u00e1, a pesar de ello, fuera de los puestos de descenso, en la casilla 17, con 7 puntos. El jueves recibir\u00e1 al Niza en casa en el tercer partido de Europa League y visitar\u00e1 a domicilio al Osasuna el pr\u00f3ximo domingo en el torneo dom\u00e9stico.<\/p>\n","protected":false},"excerpt":{"rendered":"No hay manera. El Celta contin\u00faa sin ganar en liga tras nueve partidos disputados. Esta lluviosa tarde de&hellip;\n","protected":false},"author":2,"featured_media":187743,"comment_status":"","ping_status":"","sticky":false,"template":"","format":"standard","meta":{"footnotes":""},"categories":[268],"tags":[29334,290,1727,168,25,24,280,282,5815,2918,288,1044,798,7209,5814,11967,281,492,23,167,1274],"class_list":{"0":"post-187742","1":"post","2":"type-post","3":"status-publish","4":"format-standard","5":"has-post-thumbnail","7":"category-futbol","8":"tag-balaidos","9":"tag-celta","10":"tag-celta-de-vigo","11":"tag-deportes","12":"tag-es","13":"tag-espana","14":"tag-football","15":"tag-futbol","16":"tag-goles","17":"tag-la-liga","18":"tag-laliga","19":"tag-liga","20":"tag-real","21":"tag-real-sociedad","22":"tag-resultado","23":"tag-resumen","24":"tag-soccer","25":"tag-sociedad","26":"tag-spain","27":"tag-sports","28":"tag-vigo"},"share_on_mastodon":{"url":"","error":""},"_links":{"self":[{"href":"https:\/\/www.europesays.com\/es\/wp-json\/wp\/v2\/posts\/187742","targetHints":{"allow":["GET"]}}],"collection":[{"href":"https:\/\/www.europesays.com\/es\/wp-json\/wp\/v2\/posts"}],"about":[{"href":"https:\/\/www.europesays.com\/es\/wp-json\/wp\/v2\/types\/post"}],"author":[{"embeddable":true,"href":"https:\/\/www.europesays.com\/es\/wp-json\/wp\/v2\/users\/2"}],"replies":[{"embeddable":true,"href":"https:\/\/www.europesays.com\/es\/wp-json\/wp\/v2\/comments?post=187742"}],"version-history":[{"count":0,"href":"https:\/\/www.europesays.com\/es\/wp-json\/wp\/v2\/posts\/187742\/revisions"}],"wp:featuredmedia":[{"embeddable":true,"href":"https:\/\/www.europesays.com\/es\/wp-json\/wp\/v2\/media\/187743"}],"wp:attachment":[{"href":"https:\/\/www.europesays.com\/es\/wp-json\/wp\/v2\/media?parent=187742"}],"wp:term":[{"taxonomy":"category","embeddable":true,"href":"https:\/\/www.europesays.com\/es\/wp-json\/wp\/v2\/categories?post=187742"},{"taxonomy":"post_tag","embeddable":true,"href":"https:\/\/www.europesays.com\/es\/wp-json\/wp\/v2\/tags?post=187742"}],"curies":[{"name":"wp","href":"https:\/\/api.w.org\/{rel}","templated":true}]}}