{"id":187780,"date":"2025-10-19T19:25:08","date_gmt":"2025-10-19T19:25:08","guid":{"rendered":"https:\/\/www.europesays.com\/es\/187780\/"},"modified":"2025-10-19T19:25:08","modified_gmt":"2025-10-19T19:25:08","slug":"ayuso-avanza-desde-texas-que-el-asfaltado-del-circuito-de-formula-1-de-madrid-comenzara-en-unos-dias","status":"publish","type":"post","link":"https:\/\/www.europesays.com\/es\/187780\/","title":{"rendered":"Ayuso avanza desde Texas que el asfaltado del circuito de F\u00f3rmula 1 de Madrid comenzar\u00e1 en unos d\u00edas"},"content":{"rendered":"<p class=\"c-paragraph\">El asfaltado del circuito que albergar\u00e1<b> <a href=\"https:\/\/www.20minutos.es\/deportes\/con-22-curvas-mas-5-km-velocidad-maxima-que-se-podra-alcanzar-circuito-formula-1-madring_6515147_0.html\" title=\"Con 22 curvas y m\u00e1s de 5 km, esta es la velocidad m\u00e1xima que se podr\u00e1 alcanzar en el circuito de F\u00f3rmula 1 &#039;Madring&#039;\" rel=\"nofollow noopener\" target=\"_blank\">el Gran Premio (GP) de F\u00f3rmula 1 en Madrid en septiembre de 2026<\/a><\/b>, situado en el recinto ferial de Ifema, iniciar\u00e1 su asfaltado en los pr\u00f3ximos d\u00edas. As\u00ed lo ha avanzado este domingo Isabel D\u00edaz Ayuso desde el recinto de Las Am\u00e9ricas de Austin (Texas, Estados Unidos). La presidenta de la Comunidad de Madrid <a href=\"https:\/\/www.20minutos.es\/madrid\/madrid-amazon-se-alian-para-mejorar-formacion-insercion-laboral-50-000-alumnos-fp-traves-ia_6530065_0.html\" title=\"Madrid y Amazon se al\u00edan para mejorar la formaci\u00f3n y la inserci\u00f3n laboral de 50.000 alumnos de FP a trav\u00e9s de la IA\" rel=\"nofollow noopener\" target=\"_blank\">se encuentra en la capital tejana de viaje oficial desde el pasado viernes<\/a>\u00a0y su agenda\u00a0inclu\u00eda la visita a las instalaciones que acogen el GP de Estados Unidos de cara a conocer detalles sobre la operativa interna de la cita que puedan ayudar en la organizaci\u00f3n de la prueba madrile\u00f1a.<\/p>\n<p class=\"c-paragraph\">\u00ab<b>Las obras van bien, de hecho, van m\u00e1s r\u00e1pido de lo esperado&#8230;<\/b> ya en los pr\u00f3ximos d\u00edas empezaremos con el asfaltado\u00bb, ha se\u00f1alado D\u00edaz Ayuso en los micr\u00f3fonos de DAZN tras ser preguntada por la marcha de la construcci\u00f3n del circuito que lleva por nombre &#8216;Madring&#8217;. Desde el paddock, la presidenta ha asegurado que la pr\u00f3xima celebraci\u00f3n del GP de Espa\u00f1a en la capital ha levantado mucho inter\u00e9s en la F\u00f3rmula 1. \u00abVemos que hay mucha ilusi\u00f3n, todo el mundo nos ha hablado de \u00e9l\u00bb, ha se\u00f1alado sobre la carrera que\u00a0<a href=\"https:\/\/www.20minutos.es\/deportes\/noticia\/5720569\/0\/ya-hay-fecha-para-gran-premio-f1-madrid-se-celebrara-11-13-septiembre-2026\/\" title=\"Ya hay fecha para el Gran Premio de Madrid de F1: se celebrar\u00e1 del 11 al 13 de septiembre de 2026\" rel=\"nofollow noopener\" target=\"_blank\">se celebrar\u00e1 del 11 al 13 de septiembre de 2026<\/a>\u00a0tras m\u00e1s de cuatro d\u00e9cadas sin una prueba similar en la capital.<\/p>\n<p class=\"c-paragraph\">La dirigente madrile\u00f1a ha mantenido a lo largo del fin de semana varios encuentros destinados a profundizar en el conocimiento de las instalaciones y la organizaci\u00f3n de la prueba. Este s\u00e1bado, tambi\u00e9n en el circuito de Las Am\u00e9ricas,<b> se vio con\u00a0Stefano Domenicali, presidente y CEO de F\u00f3rmula 1<\/b>, durante los entrenamientos libres. Este domingo, en la previa de la carrera tambi\u00e9n ha visitado la escuder\u00eda Williams y se ha visto con el piloto espa\u00f1ol Carlos Sainz y con su equipo t\u00e9cnico.<\/p>\n<p class=\"c-paragraph\">\u00abEs impresionante lo que mueve en toda la ciudad&#8230; es algo que hay que ver desde dentro para <b>darse cuenta de la magnitud de un evento como este<\/b>\u00ab, ha aseverado D\u00edaz Ayuso sobre el Gran Premio. Preguntada por los aspectos de los que ha tomado nota, la presidenta madrile\u00f1o ha citado los accesos al circuito. \u00abHemos visto c\u00f3mo aqu\u00ed es todo dif\u00edcil para acceder, nos encantar\u00eda que en nuestro caso fuera m\u00e1s\u00a0\u00e1gil, hay que verlo con mucho tiempo\u00bb, ha reconocido.\u00a0<\/p>\n<p class=\"c-paragraph\">De acuerdo con la jefa del Ejecutivo regional, los organizadores del Gran Premio que acoger\u00e1 Madrid ya estar\u00edan dise\u00f1ando la organizaci\u00f3n de los accesos al circuito \u00abpara\u00a0intentar que sean\u00a0lo m\u00e1s c\u00f3modos\u00a0posibles\u00bb. \u00abNo dejan de ser cientos de miles\u00a0las\u00a0personas que se dan\u00a0cita a la vez en el mismo lugar\u00bb, ha valorado la presidenta. Del circuito de &#8216;Madring&#8217; ya ha trascendido que tendr\u00e1\u00a05,4 kil\u00f3metros de longitud y 22 curvas entre las que\u00a0se\u00a0hallar\u00e1\u00a0<a href=\"https:\/\/www.20minutos.es\/deportes\/asi-monumental-curva-peraltada-madring-mas-larga-mundial-mundial-f1_6401933_0.html\" rel=\"nofollow noopener\" target=\"_blank\">una curva singular bautizada como\u00a0\u2018La Monumental\u2019<\/a>, con un peralte dise\u00f1ado para desafiar a los pilotos. Tambi\u00e9n habr\u00e1 rectas para que los monoplazas se pongan al l\u00edmite.\u00a0<\/p>\n","protected":false},"excerpt":{"rendered":"El asfaltado del circuito que albergar\u00e1 el Gran Premio (GP) de F\u00f3rmula 1 en Madrid en septiembre de&hellip;\n","protected":false},"author":2,"featured_media":187781,"comment_status":"","ping_status":"","sticky":false,"template":"","format":"standard","meta":{"footnotes":""},"categories":[270],"tags":[8866,6984,168,11956,25,24,306,271,272,2074,23,167,6583],"class_list":{"0":"post-187780","1":"post","2":"type-post","3":"status-publish","4":"format-standard","5":"has-post-thumbnail","7":"category-formula-1","8":"tag-avanza","9":"tag-ayuso","10":"tag-deportes","11":"tag-desde","12":"tag-es","13":"tag-espana","14":"tag-f1","15":"tag-formula-1","16":"tag-formula1","17":"tag-que","18":"tag-spain","19":"tag-sports","20":"tag-texas"},"share_on_mastodon":{"url":"","error":""},"_links":{"self":[{"href":"https:\/\/www.europesays.com\/es\/wp-json\/wp\/v2\/posts\/187780","targetHints":{"allow":["GET"]}}],"collection":[{"href":"https:\/\/www.europesays.com\/es\/wp-json\/wp\/v2\/posts"}],"about":[{"href":"https:\/\/www.europesays.com\/es\/wp-json\/wp\/v2\/types\/post"}],"author":[{"embeddable":true,"href":"https:\/\/www.europesays.com\/es\/wp-json\/wp\/v2\/users\/2"}],"replies":[{"embeddable":true,"href":"https:\/\/www.europesays.com\/es\/wp-json\/wp\/v2\/comments?post=187780"}],"version-history":[{"count":0,"href":"https:\/\/www.europesays.com\/es\/wp-json\/wp\/v2\/posts\/187780\/revisions"}],"wp:featuredmedia":[{"embeddable":true,"href":"https:\/\/www.europesays.com\/es\/wp-json\/wp\/v2\/media\/187781"}],"wp:attachment":[{"href":"https:\/\/www.europesays.com\/es\/wp-json\/wp\/v2\/media?parent=187780"}],"wp:term":[{"taxonomy":"category","embeddable":true,"href":"https:\/\/www.europesays.com\/es\/wp-json\/wp\/v2\/categories?post=187780"},{"taxonomy":"post_tag","embeddable":true,"href":"https:\/\/www.europesays.com\/es\/wp-json\/wp\/v2\/tags?post=187780"}],"curies":[{"name":"wp","href":"https:\/\/api.w.org\/{rel}","templated":true}]}}