{"id":187814,"date":"2025-10-19T19:42:16","date_gmt":"2025-10-19T19:42:16","guid":{"rendered":"https:\/\/www.europesays.com\/es\/187814\/"},"modified":"2025-10-19T19:42:16","modified_gmt":"2025-10-19T19:42:16","slug":"tras-el-fin-de-semana-deportivo-ix-guadalajaradiario-es","status":"publish","type":"post","link":"https:\/\/www.europesays.com\/es\/187814\/","title":{"rendered":"Tras el fin de semana deportivo (IX) &#8211; GuadalajaraDiario.es"},"content":{"rendered":"<p><img loading=\"lazy\" decoding=\"async\" src=\"https:\/\/www.europesays.com\/es\/wp-content\/uploads\/2025\/10\/Diallo_el_mejor_jugador_de_Lujisa_en_la_derrota_ante_Tres_Cantos-220x220.jpg\" width=\"220\" height=\"220\" alt=\"Diallo el mejor jugador de Lujisa en la derrota ante Tres Cantos\" title=\"Diallo el mejor jugador de Lujisa en la derrota ante Tres Cantos.\" style=\" margin:0;\" \/>Diallo el mejor jugador de Lujisa en la derrota ante Tres Cantos.Comentarios, resultados y clasificaciones<\/p>\n<p>Enrique Largacha<\/p>\n<p>Sexto partido, tercero ante su p\u00fablico, de Sanicentro BM Guadalajara, quien, tras obtener el primer triunfo del campeonato en Cangas de Morrazo, recib\u00eda en el polideportivo David Santamar\u00eda, a BM. Granollers, ante el que llegaba al final de la contienda con el resultado de 29-32, despu\u00e9s de un buen partido de los morados, en el que pagaron sus diez minutos de \u201capag\u00f3n\u201d deportivo.<\/p>\n<p>El Deportivo Guadalajara, en un comienzo de campeonato realmente espectacular, recib\u00eda en el Pedro Escart\u00edn, tarde del s\u00e1bado, al Barakaldo C.F., todo un cl\u00e1sico en la categor\u00eda, ante el que llegaba al t\u00e9rmino del tiempo reglamentario con el resultado de empate, 1-1.<br \/>Por su parte, en Tercera RFEF, el Marchamalo, tras su derrota en Albacete, recib\u00eda en su feudo al C.P. Villarrobledo, con el que llegaba al final del partido con el resultado de empate, 1-1.<\/p>\n<p>Por su lado el Azuqueca, con nueve puntos en su casillero, en octava posici\u00f3n de la clasificaci\u00f3n, recib\u00eda en el San Miguel, ma\u00f1ana del domingo, al Manchego Ciudad Real, con el que llegaba al final de la contienda con del resultado de 1-4.<\/p>\n<p>Por \u00faltimo, el Guadalajara Promesas recib\u00eda en Fuente de la Ni\u00f1a, ma\u00f1ana del domingo, al At. Albacete B al que derrotaba por 2-0, y se coloca en primera posici\u00f3n de la clasificaci\u00f3n.<\/p>\n<p>Esto y el resto de competiciones, sus resultados y las clasificaciones, es lo que pueden ver a continuaci\u00f3n.<\/p>\n<p><img loading=\"lazy\" decoding=\"async\" src=\"https:\/\/www.europesays.com\/es\/wp-content\/uploads\/2025\/10\/Manu_Falcn_se_eleva_por_encima_de_la_defensa_rival_para_lanzar_sobre_el_portal_cataln._Foto_Oscar_Gr.jpeg\" width=\"625\" height=\"422\" alt=\"Manu Falc\u00f3n se eleva por encima de la defensa rival para lanzar sobre el portal catal\u00e1n. Foto Oscar Gronard\" title=\"Manu Falc\u00f3n se eleva por encima de la defensa rival para lanzar sobre el portal catal\u00e1n. Foto: Oscar Gronard.\" style=\" margin:0;\" \/>Manu Falc\u00f3n se eleva por encima de la defensa rival para lanzar sobre el portal catal\u00e1n. Foto: Oscar Gronard.BALONMANOLiga NEXUS ENERGIA ASOBAL.<\/p>\n<p>SANICENTRO BM. GUADALAJARA-BM. GRANOLLERS<br \/>El comienzo del encuentro, para los locales, fue distinto a todos los anteriores, compitiendo desde el minuto uno con un rival superior, pero estando en todo momento dentro del partido, aunque los catalanes abrieron el marcador peligrosamente hasta el 7-11 del minuto 20, si bien los de Requena volvieron a acercarse en el marcador hasta el 11-12 del minuto 26 y al empate, 12-12 del 27.<\/p>\n<p>Los tres \u00faltimos minutos son de gran emoci\u00f3n con un Guadalajara muy acertado en defensa y ataque, terminando el primer tiempo con 14-13 en el marcador, ante un Granollers que por momentos se vio superado claramente, con un Gorostidi tirando el carro (6 goles en este periodo) y una defensa mucho m\u00e1s contundente y fiable que en jornadas anteriores.<\/p>\n<p>De salida, en el segundo tiempo, intercambio de goles, 17-17, en el minuto 35, igualdad sobre la cancha, con un Granollers que abre diferencias en el marcador paulatinamente, 18-20 en el 40 y un Guadalajara que, por momentos, no puede detener el buen juego visitante.<\/p>\n<p>En el minuto 43 tenemos 19-24 y tiempo muerto de Requena para tratar de frenar la sangr\u00eda realizada por los forasteros, ante un ataque local fall\u00f3n e impreciso.<br \/>El marcador sigue abri\u00e9ndose, con un Guadalajara que empieza a decir adi\u00f3s a la victoria y un Granollers que funciona como una apisonadora, muy superior en todas las facetas del juego.<\/p>\n<p>En un abrir y cerrar de ojos los catalanes consiguen un parcial de 2-9, para llegar al 19-26, que deja pr\u00e1cticamente sentenciada la contienda, pese a que los morados siguieron poniendo todo el coraz\u00f3n en la confrontaci\u00f3n y con una estupenda reacci\u00f3n se colocaban en 24-29 en el minuto 53 y en 26-29 a falta de cinco minutos para el final.<\/p>\n<p>La magn\u00edfica actuaci\u00f3n de Jorge Blanco bajo palos (50% de acierto) facilita el 28-30 del 57, con el p\u00fablico puesto en pie y llevando en volandas a su equipo, si bien la reacci\u00f3n no termina de completarse y la victoria vuela finalmente para Granollers, 29-32.<br \/>Buen partido de BM. Guadalajara que pag\u00f3 caros sus diez minutos de \u201capag\u00f3n\u201d en el segundo tiempo, para permitir a Granollers imponer la l\u00f3gica y sumar dos puntos m\u00e1s en su casillero.<\/p>\n<p>La pr\u00f3xima jornada Sanicentro BM. Guadalajara se desplaza hasta Ir\u00fan para enfrentarse a BM. Bidasoa, el s\u00e1bado d\u00eda 25, a partir de las 19\u201930 horas<\/p>\n<p>Resultados: BM. Guadalajara, 29-32, BM. Granollers. Barcelona, 33-31, Bidasoa. Eon Alicante, 25-27, At. Valladolid. Ademar, 29-28, BM. Cuenca. BM. Torrelavega, 28-30, Frigor\u00edficos del Morrazo. BM. Nava, 24-30, \u00c1ngel Xim\u00e9nez. BM. Logro\u00f1o, 42-30, Villa de Aranda. BM. Huesca, 29-29, Caser\u00edo Ciudad Real.<\/p>\n<p><a href=\"https:\/\/asobal.es\/liga\/clasificacion\/\" target=\"_blank\" rel=\"nofollow noopener\">Clasificaci\u00f3n pinchando el siguiente enlace<\/a><\/p>\n<p><img loading=\"lazy\" decoding=\"async\" src=\"https:\/\/www.europesays.com\/es\/wp-content\/uploads\/2025\/10\/El_Deportivo_Guadalajara_cede_un_empate_1-1_ante_el_Barakaldo._Foto_Ismael_Andrs-370x278.jpeg\" width=\"370\" height=\"278\" alt=\"El Deportivo Guadalajara cede un empate 1-1 ante el Barakaldo. Foto Ismael Andr\u00e9s\" title=\"El Deportivo Guadalajara cede un empate 1-1 ante el Barakaldo. Foto: Ismael Andr\u00e9s.\" style=\" margin:0;\" \/>El Deportivo Guadalajara cede un empate 1-1 ante el Barakaldo. Foto: Ismael Andr\u00e9s.F\u00daTBOLPRIMERA RFEF<\/p>\n<p>C.D. GUADALAJARA-BARAKALDO C.F.<br \/>El conjunto deportivista, tras el empate obtenido en terreno del Arenteiro, recib\u00eda en el Pedro Escart\u00edn, tarde del s\u00e1bado, al Barakaldo C.F., todo un cl\u00e1sico en la categor\u00eda, ante el que llegaba al t\u00e9rmino del tiempo reglamentario con el resultado de empate, 1-1.<\/p>\n<p>El Deportivo Guadalajara, que hizo un buen partido y mereci\u00f3 un mejor resultado, cedi\u00f3 un empate ante el Barakaldo, que se adelant\u00f3 en el marcador, gracias a una m\u00e1xima pena muy dudosa, anotada por su jugador Oier L\u00f3pez, teniendo que remar contra corriente, a continuaci\u00f3n, hasta conseguir la igualada en el minuto 87, cuando la contienda tocaba a su fin, por mediaci\u00f3n de Alejandro Ca\u00f1izo.<\/p>\n<p>A\u00fan tuvo tiempo para, en el a\u00f1adido, contar con un par de ocasiones claras para haber ganado el encuentro, pero la suerte le fue esquiva al Guadalajara que tuvo que conformare con el empate citado.<\/p>\n<p>En todo caso, los de Pere Mart\u00ed suman un punto m\u00e1s, en su tercera jornada consecutiva sin ganar y se mantienen en las posiciones de privilegio del grupo I de Primera RFEF.<br \/>La pr\u00f3xima jornada, el conjunto deportivista viaja a terreno del Arenas Club, para v\u00e9rselas con el titular de la localidad el s\u00e1bado d\u00eda 25, a partir de las 16\u201915 horas.<\/p>\n<p>Por otro lado, comentar que el Club Deportivo Guadalajara informa que ya est\u00e1n disponibles los precios y condiciones de venta de las entradas para el encuentro correspondiente a la primera eliminatoria de la Copa del Rey, que enfrentar\u00e1 al C.D. Guadalajara y al CP Cacere\u00f1o, el pr\u00f3ximo martes 28 de octubre a las 20:00 horas en el Estadio Pedro Escart\u00edn.<\/p>\n<p>Este partido no entra en el abono de liga 2025\/26, por lo que todas las personas deber\u00e1n acceder al estadio con su correspondiente entrada.<\/p>\n<p><a href=\"https:\/\/marcadores.rfef.es\/pnfg\/NPcd\/NFG_CmpJornada?cod_primaria=1000120&amp;CodTemporada=21&amp;CodGrupo=23289296&amp;CodCompeticion=23289295&amp;CodJornada=8\" target=\"_blank\" rel=\"nofollow noopener\">Resultados y clasificaci\u00f3n, pinchando el siguiente enlace<\/a><\/p>\n<p><img loading=\"lazy\" decoding=\"async\" src=\"https:\/\/www.europesays.com\/es\/wp-content\/uploads\/2025\/10\/El_Azuqueca_cay_en_el_San_Miguel_ante_el_Manchego-370x239.jpeg\" width=\"370\" height=\"239\" alt=\"El Azuqueca cay\u00f3 en el San Miguel ante el Manchego\" title=\"El Azuqueca cay\u00f3 en el San Miguel ante el Manchego.\" style=\" margin:0;\" \/>El Azuqueca cay\u00f3 en el San Miguel ante el Manchego.TERCERA RFEF<\/p>\n<p>C.D. AZUQUECA-MANCHEGO CIUDAD REAL<br \/>El cuadro rojinegro, que llegaba a la cita tras su derrota en Villarrobledo, se enfrentaba a un Manchego que se desplazaba al San Miguel con la intenci\u00f3n de conseguir un resultado positivo.<\/p>\n<p>Al final de la contienda se llegaba con el resultado de 1-4, para los visitantes, que se llevaron los puntos en juego de forma inesperada, toda vez que el cuadro de Juani, tras adelantarse en el marcador en el minuto 12, por mediaci\u00f3n de, Christian, dio todo un curso de buen f\u00fatbol, dominando al rival y creando hasta cuatro ocasiones claras de gol que no supieron o pudieron materializar.<\/p>\n<p>Pese a todo ello, inesperadamente, era el cuadro visitante quien consegu\u00eda anotar, por mediaci\u00f3n de Pliego, en el minuto 28, al trasformar una m\u00e1xima pena con que fue castigado el cuadro azudense.<\/p>\n<p>Despu\u00e9s de un primer tiempo de gran juego local, los contendientes se retiraban a vestuarios con un injusto empate, que no evit\u00f3 que los rojinegros salieran motivados para adelantarse en el marcador en el segundo periodo, en el que volv\u00edan a marrar dos nuevas ocasiones de gol.<\/p>\n<p>Para colmo de desgracias, llegaba en el minuto 60 el segundo tanto de los forasteros, obra de Jos\u00e9 Ram\u00f3n, lo que oblig\u00f3 a los de casa a ir con todo en busca del empate, algo que aprovech\u00f3 el Manchego para conseguir, a la contra, dos goles m\u00e1s, por mediaci\u00f3n de Flores (83\u2019 y 90\u2019), completando un marcador excesivamente abultado e inmerecido a la vista de los merecimientos de unos y otros, si bien el Manchego supo aprovechar a la perfecci\u00f3n sus oportunidades, algo que no supo hacer el Azuqueca.<\/p>\n<p>La pr\u00f3xima jornada, el cuadro rojinegro visita al C.D. Illescas<\/p>\n<p><img loading=\"lazy\" decoding=\"async\" src=\"https:\/\/www.europesays.com\/es\/wp-content\/uploads\/2025\/10\/Tras_la_victoria_ante_el_At._Albacete_el_Guadalajara_de_Javier_Ablanque_se_coloca_en_cabeza_de_la_cl.jpeg\" width=\"370\" height=\"493\" alt=\"Tras la victoria ante el At. Albacete el Guadalajara de Javier Ablanque se coloca en cabeza de la clasificaci\u00f3n. Foto Luis Polo-Mariano Viejo 1\" title=\"Tras la victoria ante el At. Albacete el Guadalajara de Javier Ablanque se coloca en cabeza de la clasificaci\u00f3n. Foto: Luis Polo-Mariano Viejo.\" style=\" margin:0;\" \/>Tras la victoria ante el At. Albacete el Guadalajara de Javier Ablanque se coloca en cabeza de la clasificaci\u00f3n. Foto: Luis Polo-Mariano Viejo.GUADALAJARA B-AT. ALBACETE<\/p>\n<p>El Guadalajara Promesas, que sigue sin conocer la derrota, disputadas las siete primeras jornadas del campeonato, se ha encaramado a la primera posici\u00f3n de la tabla tras su triunfo, 2-0, ante el Atl\u00e9tico Albacete B.<\/p>\n<p>En todo caso, el partido estuvo muy igualado en los primeros minutos de juego siendo el conjunto morado el que m\u00e1s propuso sobre la cancha del municipal, Fuente de la Ni\u00f1a.<\/p>\n<p>En el minuto 38 llegaba el primer tanto de la ma\u00f1ana del domingo, obra de Diego Moral, lo que anim\u00f3 a los morados a buscar un segundo gol antes del descanso, que no lleg\u00f3 por verdadera mala fortuna.<\/p>\n<p>En el segundo periodo, el encuentro sigui\u00f3 igualado, aunque los albacete\u00f1os dieron un paso adelante y buscaron con el tanto de la igualada hasta que sufri\u00f3 la expulsi\u00f3n de su jugador, Chilleron (52\u2019) y la posterior de David Salas, por doble amonestaci\u00f3n (60\u2019), lo que rest\u00f3 vistosidad a una contienda bien disputada por los protagonistas.<\/p>\n<p>El Guadalajara aprovech\u00f3 la situaci\u00f3n y busc\u00f3 el segundo tanto del encuentro, ante un rival completamente cerrado en su \u00e1rea y aunque cont\u00f3 con varias oportunidades, no llegar\u00eda hasta el minuto 90, por mediaci\u00f3n de Marcos, quedando los puntos en casa y asaltando el liderato del grupo.<\/p>\n<p>La pr\u00f3xima jornada el conjunto morado visita al C.P. Villarrobledo<\/p>\n<p><img loading=\"lazy\" decoding=\"async\" src=\"https:\/\/www.europesays.com\/es\/wp-content\/uploads\/2025\/10\/El_Marchamalo_empat_con_el_Villarrobledo_1-1_en_La_Solana_1-370x270.jpg\" width=\"370\" height=\"270\" alt=\"El Marchamalo empat\u00f3 con el Villarrobledo 1-1 en La Solana 1\" style=\"margin-right: 20px; float: left;\" \/>C.D. MARCHAMALO-C.P. VILLARROBLEDO<br \/>Los locales se presentaban a la cita despu\u00e9s de tres jornadas sin ganar y con muchas dudas en su juego, llegando al final de la contienda con el resultado de empate, 1-1.<\/p>\n<p>Muy mala primera parte del Marchamalo, sin ideas, sin esquema de juego e inofensivo. S\u00f3lo puso pundonor. Y eso no basta.<\/p>\n<p>El Villarrobledo se adelant\u00f3 en el marcador a bal\u00f3n parado con un lanzamiento de falta que entr\u00f3 por la escuadra y poco m\u00e1s, aunque los visitantes estuvieron m\u00e1s y mejor ordenados y apenas concedi\u00f3 opciones a los verdillos.<\/p>\n<p>En el segundo periodo, un penalti dudoso met\u00eda al Marchamalo en el partido, pocos minutos despu\u00e9s del descanso, aunque los muchos errores e imprecisiones de los gallardos, a la hora de fabricar juego ofensivo, impidieron que llegara el segundo gol al marcador, m\u00e1xime cuando los visitantes defend\u00edan con gran intensidad el empate.<\/p>\n<p>Los de L\u00f3pez Amado atacaron con m\u00e1s coraz\u00f3n que cabeza y finalmente ara\u00f1aban un empate que sabe a poco, dada la situaci\u00f3n de los verdes en la clasificaci\u00f3n.<\/p>\n<p>La pr\u00f3xima jornada los verdillos juegan ante el Manchego Ciudad Real.<\/p>\n<p><a href=\"https:\/\/www.ffcm.es\/pnfg\/NPcd\/NFG_VisClasificacion?cod_primaria=1000120&amp;codjornada=7&amp;codcompeticion=22201339&amp;codgrupo=22223112&amp;codjornada=7\" target=\"_blank\" rel=\"nofollow noopener\">Resultados y clasificaci\u00f3n, pinchando el siguiente enlace<\/a><\/p>\n<p><img loading=\"lazy\" decoding=\"async\" src=\"https:\/\/www.europesays.com\/es\/wp-content\/uploads\/2025\/10\/El_Alovera_muy_superior_al_Azuqueca_B_se_llev_el_derbi__Foto_Luis_Blasco-370x208.jpeg\" width=\"370\" height=\"208\" alt=\"El Alovera muy superior al Azuqueca B se llev\u00f3 el derbi  Foto Luis Blasco\" title=\"El Alovera muy superior al Azuqueca B se llev\u00f3 el derbi. Foto: Luis Blasco.\" style=\" margin:0;\" \/>El Alovera muy superior al Azuqueca B se llev\u00f3 el derbi. Foto: Luis Blasco.REGIONAL PREFERENTE<\/p>\n<p>ALOVERA-AZUQUECA<br \/>No fue un encuentro vistoso para el p\u00fablico, el derbi que disputaron, en la tarde del s\u00e1bado, Alovera y Azuqueca B, que concluy\u00f3 con el resultado de 2-0, para el equipo de casa.<br \/>Ser\u00edan los de Rubi quienes llevasen el peso del partido durante el primer tiempo, en el que tuvieron un par de ocasiones claras para haberse adelantado en el marcador, ante un Azuqueca que defend\u00eda con todo y trataba de salir a la contra.<\/p>\n<p>El primer tiempo concluy\u00f3 sin goles, dando paso a un segundo en el que el Alovera se adelantaba pronto en el marcador, minuto 54, gracias a una m\u00e1xima pena que anot\u00f3, Dani Peinado.<\/p>\n<p>El partido, a partir de ese momento, decay\u00f3 notoriamente, se jugaba en el centro del campo sin mucho criterio y sin grandes ocasiones, hasta que, finalmente, en el minuto 90, llegaba el segundo y definitivo gol del Alovera, que cerraba el marcador, por mediaci\u00f3n de Alejandro Mart\u00ednez.<\/p>\n<p>En resumen, partido flojo y resultado justo que deja los puntos en el nuevo Tomillar y al cuadro rojinegro sin conseguir su primera victoria.<\/p>\n<p>Cabe destacar, que disputadas siete jornadas, el Alovera es el equipo menos goleado del grupo con 5 tantos encajados.<\/p>\n<p>Destacar, por \u00faltimo, que en los proleg\u00f3menos del partido se realiz\u00f3 un cari\u00f1oso homenaje al capit\u00e1n del Alovera, Borja de la Cal, al haber disputado su partido 100 con la el\u00e1stica rojilla.<\/p>\n<p>La pr\u00f3xima jornada, el Alovera visita el municipal de Cebolla para v\u00e9rselas con el Torpedo 66, en tanto que los azudenses jugar\u00e1n en casa ante el C.D. Noblejas.<\/p>\n<p><img loading=\"lazy\" decoding=\"async\" src=\"https:\/\/www.europesays.com\/es\/wp-content\/uploads\/2025\/10\/El_Cabanillas_vuelve_a_la_senda_de_las_victorias_2-1_ante_el_Fuensalida-370x278.jpeg\" width=\"370\" height=\"278\" alt=\"El Cabanillas vuelve a la senda de las victorias 2-1 ante el Fuensalida\" title=\"El Cabanillas vuelve a la senda de las victorias 2-1 ante el Fuensalida.\" style=\" margin:0;\" \/>El Cabanillas vuelve a la senda de las victorias 2-1 ante el Fuensalida.<\/p>\n<p>CABANILLAS-FUENSALIDA<\/p>\n<p>El conjunto local, rompi\u00f3 la racha negativa de cinco jornadas sin vencer y derrot\u00f3 a un Fuensalida, muy pobre, que plant\u00f3 cara en el Ramiro Almendros al cuadro de Alfonso Guti\u00e9rrez, especialmente cuando logr\u00f3 acortar distancias en el electr\u00f3nico, tras haberse adelantado los locales con un 2-0 en el marcador.<\/p>\n<p>El conjunto blanquillo sali\u00f3 en tromba en el primer tiempo y en el minuto 14 consegu\u00eda adelantarse en el marcador por mediaci\u00f3n de Migui, al anotar de libre directo de muy bella factura.<\/p>\n<p>El gol le dio alas al Cabanillas, que cinco minutos despu\u00e9s anotaba el segundo, por mediaci\u00f3n de Palero y a\u00fan pudo haber anotado un tercero, en un primer tiempo que fue absolutamente favorable a sus colores.<\/p>\n<p>En el segundo tiempo vari\u00f3 ligeramente el guion y fue el Fuensalida, quien dando un paso adelante trat\u00f3 de acortar distancias en el marcador, lo que conseguir\u00eda en el minuto 56 por mediaci\u00f3n de Prada.<\/p>\n<p>A partir de ah\u00ed el dominio es mayor y el Fuensalida pone cerco al Cabanillas que defiende bien y trata de hacer da\u00f1o con balones largos, si bien el portero de casa, Jorge Calvo, tiene que intervenir con acierto para salvar el empate.<\/p>\n<p>Al final, el marcador no se mover\u00eda y los puntos quedan en casa para un Cabanillas que da un ligero salto en la clasificaci\u00f3n.<\/p>\n<p>La pr\u00f3xima jornada, el Cabanillas visita el municipal del Socorro (Orgaz), para v\u00e9rselas con el Orgace\u00f1o C.F.<\/p>\n<p><a href=\"https:\/\/www.ffcm.es\/pnfg\/NPcd\/NFG_VisClasificacion?cod_primaria=1000120&amp;codjornada=7&amp;codcompeticion=22224111&amp;codgrupo=22224115&amp;codjornada=7\" target=\"_blank\" rel=\"nofollow noopener\">Resultados y clasificaci\u00f3n, pinchando el siguiente enlace<\/a><\/p>\n<p><img loading=\"lazy\" decoding=\"async\" src=\"https:\/\/www.europesays.com\/es\/wp-content\/uploads\/2025\/10\/Sorteo_de_campos_en_el_derbi_Yunquera-Hogar_Alcarreo_que_termin_en_empate_1-625x270.jpeg\" width=\"625\" height=\"270\" alt=\"Sorteo de campos en el derbi Yunquera-Hogar Alcarre\u00f1o que termin\u00f3 en empate 1\" title=\"Sorteo de campos en el derbi Yunquera-Hogar Alcarre\u00f1o que termin\u00f3 en empate.\" style=\" margin:0;\" \/>Sorteo de campos en el derbi Yunquera-Hogar Alcarre\u00f1o que termin\u00f3 en empate.PRIMERA AUTON\u00d3MICA<\/p>\n<p>El derbi que enfrentaba a Yunquera y Hogar Alcarre\u00f1o en el municipal de El Jaenal, en la tarde del s\u00e1bado, lleg\u00f3 al final del tiempo reglamentario con el resultado de empate, 1-1, despu\u00e9s de un partido jugado con mucha intensidad por ambas escuadras, que estuvieron fallones de cara al gol, desaprovechando infinidad de oportunidades.<\/p>\n<p>El gol de los locales fue obra de Alberto L\u00f3pez en el minuto 3, pasando, a partir de ese momento, los azulones a jugar con el marcador, defender el resultado y tratar de sorprender al rival a la contra.<\/p>\n<p>El Hogar toma el mando del partido sin crear verdadero peligro ante un Yunquera veterano y experto, llegando al descanso con el resultado citado de 1-0 para los de casa y con su mejor jugador, Promise, lesionado (minuto 32).<\/p>\n<p>En el segundo periodo sigue el Hogar atacando y fruto de ello llega el tanto del empate, en el minuto 71, obra de Jes\u00fas Saez.<\/p>\n<p>En el minuto 85 fue expulsado, por doble amonestaci\u00f3n, el jugador local, C\u00e9sar Caravaca, exjugador del cuadro blanquiazul.<\/p>\n<p>El partido se nivela a parir de ese momento y parece que cualquiera de los equipos puede ganar el encuentro, si bien, termina con el justo empate ya mencionado.<\/p>\n<p>Por su parte, el Fontanar sufri\u00f3 una derrota de esc\u00e1ndalo, 7-0, en terreno del Ugena<\/p>\n<p><a href=\"https:\/\/www.ffcm.es\/pnfg\/NPcd\/NFG_VisClasificacion?cod_primaria=1000120&amp;codgrupo=22229516&amp;codcompeticion=22229394&amp;codjornada=6\" target=\"_blank\" rel=\"nofollow noopener\">Resultados y clasificaci\u00f3n, pinchando el siguiente enlace<\/a><\/p>\n<p>SEGUNDA AUTON\u00d3MICA<\/p>\n<p>GRUPO VI \u201cA\u201d: El Atl\u00e9tico Guadalajara, que ha empezado renqueante, ced\u00eda un empate, 2-2, en terreno del Usanos, despu\u00e9s de remontar un 2-0 del equipo de casa, en los minutos postreros del partido, con goles de Elizalde y \u00c1lvarez.<\/p>\n<p>Por otra parte, el Almoguera venc\u00eda con claridad, 0-3, en el feudo del Ciudad Valdeluz, en un partido que tuvo dos expulsados en el bando local.<\/p>\n<p>El Villanueva de la Torre, por su parte, derrotaba, 0-2, al Marchamalo B, con goles de Alberto y Alejandro y el Yebra ca\u00eda, 6-1 en terreno del Ibero Sport, que se coloca l\u00edder.<\/p>\n<p><a href=\"https:\/\/www.ffcm.es\/pnfg\/NPcd\/NFG_VisClasificacion?cod_primaria=1000120&amp;codgrupo=22268409&amp;codcompeticion=22260300&amp;codjornada=4\" target=\"_blank\" rel=\"nofollow noopener\">Resultados y clasificaci\u00f3n, pinchando el siguiente enlace<\/a><\/p>\n<p>GRUPO VI \u201cB\u201d: Partido de poder a poder el que disputaron en el municipal, La Alameda, el tercer clasificado, T\u00f3rtola y el l\u00edder, Dinamo que concluy\u00f3 con la victoria del equipo de casa por 2-1.<\/p>\n<p>Se adelantaban los verdinegros al comienzo de la segunda parte, por mediaci\u00f3n de Borges, teniendo que hacer un esfuerzo \u00edmprobo el equipo de Sergio Fern\u00e1ndez para, primero igualar, en el minuto 80 por mediaci\u00f3n de Rodero y despu\u00e9s para remontar, en el minuto 91, con un gol, obra de Palomino.<\/p>\n<p>De este modo, el conjunto amarillo se coloca l\u00edder del grupo cuando se llevan disputadas tres jornadas del campeonato.<\/p>\n<p>Por otro lado, el Mandayona igualaba, 1-1, en terreno del Am\u00e9rica y el Haro venc\u00eda, 1-2, en terreno del Espinosa, en tanto que Guadalajara C.F. y Cifontino igualaban, 1-1, en terreno del Guadalajara.<\/p>\n<p><a href=\"https:\/\/www.ffcm.es\/pnfg\/NPcd\/NFG_VisClasificacion?cod_primaria=1000120&amp;codgrupo=22268410&amp;codcompeticion=22260300&amp;codjornada=3#google_vignette\" target=\"_blank\" rel=\"nofollow noopener\">Resultados y clasificaci\u00f3n, pinchando el siguiente enlace<\/a><\/p>\n<p><img loading=\"lazy\" decoding=\"async\" src=\"https:\/\/www.europesays.com\/es\/wp-content\/uploads\/2025\/10\/El_Dinamo_cay_4-0_en_Huesca-370x493.jpg\" width=\"370\" height=\"493\" alt=\"El Dinamo cay\u00f3 4-0 en Huesca\" title=\"El Dinamo cay\u00f3 4-0 en Huesca.\" style=\" margin:0;\" \/>El Dinamo cay\u00f3 4-0 en Huesca.F\u00daTBOL FEMENINOSEGUNDA RFEF<\/p>\n<p>S.D. HUESCA-C.D. DINAMO GUADALAJARA<br \/>El Dinamo, tras su derrota ante Levante B, viajaba a Huesca para intentar resarcirse de la misma y conseguir alguno de los puntos en juego. Sin embargo, se vieron sorprendidos por un buen rival que termin\u00f3 venciendo por 4-0, si bien el resultado se nos antoja demasiado abultado, a la vista de los merecimientos de unas y otras sobre el terreno de juego.<\/p>\n<p>De inicio, el cuadro local sale con ganas en busca de abrir el marcador, siendo Daniela D\u00edaz quien adelantase a su equipo en el minuto 23, aprovechando un error en defensa y Fabiana quien anotase el segundo en el minuto 31.<\/p>\n<p>El primer tiempo, en todo caso, era m\u00e1s igualado que lo reflejaba el marcador, pero al descanso se retiraban las contendientes con el 2-0 citado.<\/p>\n<p>En la reanudaci\u00f3n, el Dinamo da un paso adelante y trata de acortar diferencias en el marcador, pero en el minuto 75, es castigado con un penalti, despu\u00e9s que el esf\u00e9rico golpease el brazo de una jugadora verdinegra, subiendo al marcador el tercero de la tarde, obra de Laura Royo y cuando mejor lo hac\u00eda el Dinamo, llega el cuarto y definitivo tanto, obra, tambi\u00e9n, de Laura Royo, en el minuto 90, completando un tanteador que se nos antoja excesivamente abultado, m\u00e1s all\u00e1 que la victoria pueda considerarse justa.<\/p>\n<p>Toca redoblar el esfuerzo, levantar el \u00e1nimo y revertir las tres derrotas consecutivas obtenidas.<\/p>\n<p>La pr\u00f3xima jornada, no hay competici\u00f3n en la categor\u00eda, en tanto que las verdinegras reciben, en el municipal Jer\u00f3nimo de la Morena al C.D. Samper, el s\u00e1bado d\u00eda 1, a partir de las 19\u201900 horas, en el municipal Jer\u00f3nimo de la Morena.<\/p>\n<p><a href=\"https:\/\/marcadores.rfef.es\/pnfg\/NPcd\/NFG_CmpJornada?cod_primaria=1000120&amp;CodTemporada=21&amp;CodGrupo=23289353&amp;CodCompeticion=23289351&amp;CodJornada=7\" target=\"_blank\" rel=\"nofollow noopener\">Resultados y clasificaci\u00f3n, pinchando el siguiente enlace<\/a><\/p>\n<p><img loading=\"lazy\" decoding=\"async\" src=\"https:\/\/www.europesays.com\/es\/wp-content\/uploads\/2025\/10\/Nerea_Mrquez_autora_del_priner_gol_del_Guadalajara_ante_el_Toledo_Foto_Futboleras-370x370.jpg\" width=\"370\" height=\"370\" alt=\"Nerea M\u00e1rquez autora del priner gol del Guadalajara ante el Toledo Foto Futboleras\" title=\"Nerea M\u00e1rquez autora del primer gol del Guadalajara ante el Toledo. Foto: Futboleras.\" style=\" margin:0;\" \/>Nerea M\u00e1rquez autora del primer gol del Guadalajara ante el Toledo. Foto: Futboleras.TERCERA RFEF<\/p>\n<p>C.D. GUADALAJARA FEM-C.D. TOLEDO<br \/>Buen partido de las disc\u00edpulas de Alberto Mendoza que superaron y doblegaron al Toledo, endos\u00e1ndole un claro 3-0, resultado que deja bien a las claras quien fue el equipo que mand\u00f3 sobre el terreno de juego del municipal, Fuente de la Ni\u00f1a.<\/p>\n<p>Inicialmente, las moradas salieron con mucha intensidad, llevando el ritmo del partido y superando a un rival que defend\u00eda en bloque bajo. As\u00ed llegaba el primer tanto, en el minuto 35, obra de Nerea M\u00e1rquez, resultado con el que se llegaba al descanso.<\/p>\n<p>En la reanudaci\u00f3n, fruto del dominio local, llegaba el segundo de las moradas, anotado en propia puerta por la visitante, Lara L\u00f3pez, en el minuto 56.<\/p>\n<p>Aunque las toledanas intentaron reducir distancias en el marcador, el que llegaba fue el tercero para las de casa, obtenido por Sara Moreno, cerrando un partido de gran superioridad de las locales.<\/p>\n<p>Tras este resultado, el Guadalajara Femenino se coloca en tercera posici\u00f3n con 7 puntos, los mismos que los dos equipos que le anteceden, Fuensalida e Isport Albacete.<\/p>\n<p>La pr\u00f3xima jornada las moradas visitan al C.F. Femenino Albacete, el domingo d\u00eda 26, a partir de las 12\u201900 horas, en el municipal Jos\u00e9 Copete.<\/p>\n<p><a href=\"https:\/\/www.ffcm.es\/pnfg\/NPcd\/NFG_VisClasificacion?cod_primaria=1000120&amp;codjornada=3&amp;codcompeticion=22233001&amp;codgrupo=22233002&amp;codjornada=3\" target=\"_blank\" rel=\"nofollow noopener\">Resultados y clasificaci\u00f3n, pinchando el siguiente enlace<\/a><\/p>\n<p><img loading=\"lazy\" decoding=\"async\" src=\"https:\/\/www.europesays.com\/es\/wp-content\/uploads\/2025\/10\/Diallo_el_mejor_jugador_de_Lujisa_en_la_derrota_ante_Tres_Cantos-370x370.jpg\" width=\"370\" height=\"370\" alt=\"Diallo el mejor jugador de Lujisa en la derrota ante Tres Cantos\" title=\"Diallo el mejor jugador de Lujisa en la derrota ante Tres Cantos.\" style=\" margin:0;\" \/>Diallo el mejor jugador de Lujisa en la derrota ante Tres Cantos.BALONCESTO MASCULINOTERCERA FEB<\/p>\n<p>C.B. TRESCANTOS-LUJISA GUADALAJARA<br \/>El \u00faltimo cuarto fue decisivo para el triunfo local, despu\u00e9s de un partido sumamente igualado en el que los morados arrancaron llevando la iniciativa en el marcador, con buena defensa y buena selecci\u00f3n de tiro, para llegar al final del primer cuarto con victoria, 17-22, que se convert\u00eda en 34-37 en el descanso.<\/p>\n<p>En el tercer cuarto se mantuvo la igualdad, concluyendo con un 51-48 y todo por decidir en el \u00faltimo cuarto.<\/p>\n<p>Es aqu\u00ed, cuando Lujisa se hunde en un profundo bache que permite a los madrile\u00f1os abrir diferencias en el electr\u00f3nico y con un parcial de 29-12, llega al final de la confrontaci\u00f3n con un claro 80-60, que deja los puntos en casa y al conjunto alcarre\u00f1o con su primera derrota del campeonato.<\/p>\n<p>A destacar el partido de Diallo, con 17 puntos de valoraci\u00f3n (14 puntos, 7 rebotes, 2 asistencias)<\/p>\n<p>La pr\u00f3xima jornada, Lujisa recibe en su feudo a Baloncesto Telde, el s\u00e1bado d\u00eda 25, a partir de las 13\u201900 horas, en el Palacio Multiusos.<\/p>\n<p><img loading=\"lazy\" decoding=\"async\" src=\"https:\/\/www.europesays.com\/es\/wp-content\/uploads\/2025\/10\/Luis_Mu\u00f1oz_entrenador_de_Bazu_azudense_cada_vez_m\u00e1s_cerca_de_obtener_la_primera_victoria_del_equipo..jpeg\" width=\"200\" height=\"200\" alt=\"Luis Mu\u00f1oz entrenador de Bazu azudense cada vez m\u00e1s cerca de obtener la primera victoria del equipo\" title=\"Luis Mu\u00f1oz entrenador de Bazu azudense cada vez m\u00e1s cerca de obtener la primera victoria del equipo.\" style=\" margin:0;\" \/>Luis Mu\u00f1oz entrenador de Bazu azudense cada vez m\u00e1s cerca de obtener la primera victoria del equipo.E.B. FELIPE ANT\u00d3N- RECUCYM BAZU<\/p>\n<p>Partido igualad\u00edsimo el disputado en Santa Cruz de Tenerife, que finalmente se decant\u00f3 del lado local, 72-69, por m\u00ednimos detalles.<\/p>\n<p>El primer cuarto fue favorable al equipo de casa, 20-19 y el segundo tambi\u00e9n, 16-15, lleg\u00e1ndose al descanso con ventaja de dos puntos y todo por decidir en el segundo tiempo.<br \/>La igualdad permaneci\u00f3, con intercambio de canastas, concluyendo el tercer cuarto con 24-20 para los canarios y un final de partido incierto en el que se entraba, a falta de diez minutos con el marcador de 60-54.<\/p>\n<p>Bazu juega sus \u00faltimas bazas y lo hace ajustando su defensa y tratando de acortar el marcador, cosa que conseguir\u00eda, pero solo a medias, ya que cerr\u00f3 el \u00faltimo cuarto con un parcial de 12-15, que no le vali\u00f3 para remontar el marcador.<\/p>\n<p>Al final, el triunfo se quedaba en tierras tinerfe\u00f1as, 72-69, si bien el cuadro azudense va a m\u00e1s paulatinamente y todo indica que su primera victoria est\u00e1 pr\u00f3xima.<\/p>\n<p>La pr\u00f3xima jornada, los rojinegros reciben en el pabell\u00f3n La Paz, a Zentro Basket Madrid, el s\u00e1bado d\u00eda 25, a partir de las 18\u201915 horas.<\/p>\n<p><a href=\"https:\/\/baloncestoenvivo.feb.es\/resultados\/ligaeba\/57\/2025\" target=\"_blank\" rel=\"nofollow noopener\">Resultados y clasificaci\u00f3n, pinchando el siguiente enlace<\/a><\/p>\n<p><img loading=\"lazy\" decoding=\"async\" src=\"https:\/\/www.europesays.com\/es\/wp-content\/uploads\/2025\/10\/Ferial_Plaza_descansaba_esta_jornada_1-625x318.jpeg\" width=\"625\" height=\"318\" alt=\"Ferial Plaza descansaba esta jornada 1\" title=\"Ferial Plaza descansaba esta jornada.\" class=\".\" style=\" margin:0;\" \/>Ferial Plaza descansaba esta jornada.BALONCESTO FEMENINO<\/p>\n<p>El partido que deb\u00eda jugar este fin de semana, Ferial Plaza ante C.B. Badajoz, est\u00e1 aplazado hasta el d\u00eda 8 de noviembre, a partir de las 18\u201900 horas en el pabell\u00f3n, Las Palmeras (Badajoz), en tanto que la pr\u00f3xima jornada recibe en el palacio Multiusos al C.B. San Antonio, el domingo d\u00eda 26, a partir de las 19\u201930 horas.<\/p>\n<p><a href=\"https:\/\/fbclm.net\/pagina-de-grupo\/?id=941\" target=\"_blank\" rel=\"nofollow noopener\">Resultados y clasificaci\u00f3n, pinchando el siguiente enlace<\/a><\/p>\n","protected":false},"excerpt":{"rendered":"Diallo el mejor jugador de Lujisa en la derrota ante Tres Cantos.Comentarios, resultados y clasificaciones Enrique Largacha Sexto&hellip;\n","protected":false},"author":2,"featured_media":187815,"comment_status":"","ping_status":"","sticky":false,"template":"","format":"standard","meta":{"footnotes":""},"categories":[278],"tags":[380,376,6577,168,25,24,439,375,25760,14499,1045,23,167],"class_list":{"0":"post-187814","1":"post","2":"type-post","3":"status-publish","4":"format-standard","5":"has-post-thumbnail","7":"category-balonmano","8":"tag-al","9":"tag-balonmano","10":"tag-c","11":"tag-deportes","12":"tag-es","13":"tag-espana","14":"tag-guadalajara","15":"tag-handball","16":"tag-marcador","17":"tag-minuto","18":"tag-partido","19":"tag-spain","20":"tag-sports"},"share_on_mastodon":{"url":"","error":""},"_links":{"self":[{"href":"https:\/\/www.europesays.com\/es\/wp-json\/wp\/v2\/posts\/187814","targetHints":{"allow":["GET"]}}],"collection":[{"href":"https:\/\/www.europesays.com\/es\/wp-json\/wp\/v2\/posts"}],"about":[{"href":"https:\/\/www.europesays.com\/es\/wp-json\/wp\/v2\/types\/post"}],"author":[{"embeddable":true,"href":"https:\/\/www.europesays.com\/es\/wp-json\/wp\/v2\/users\/2"}],"replies":[{"embeddable":true,"href":"https:\/\/www.europesays.com\/es\/wp-json\/wp\/v2\/comments?post=187814"}],"version-history":[{"count":0,"href":"https:\/\/www.europesays.com\/es\/wp-json\/wp\/v2\/posts\/187814\/revisions"}],"wp:featuredmedia":[{"embeddable":true,"href":"https:\/\/www.europesays.com\/es\/wp-json\/wp\/v2\/media\/187815"}],"wp:attachment":[{"href":"https:\/\/www.europesays.com\/es\/wp-json\/wp\/v2\/media?parent=187814"}],"wp:term":[{"taxonomy":"category","embeddable":true,"href":"https:\/\/www.europesays.com\/es\/wp-json\/wp\/v2\/categories?post=187814"},{"taxonomy":"post_tag","embeddable":true,"href":"https:\/\/www.europesays.com\/es\/wp-json\/wp\/v2\/tags?post=187814"}],"curies":[{"name":"wp","href":"https:\/\/api.w.org\/{rel}","templated":true}]}}