{"id":187818,"date":"2025-10-19T19:46:09","date_gmt":"2025-10-19T19:46:09","guid":{"rendered":"https:\/\/www.europesays.com\/es\/187818\/"},"modified":"2025-10-19T19:46:09","modified_gmt":"2025-10-19T19:46:09","slug":"rune-baja-de-larga-duracion-tras-confirmarse-la-rotura-del-tendon-de-aquiles","status":"publish","type":"post","link":"https:\/\/www.europesays.com\/es\/187818\/","title":{"rendered":"Rune, baja de larga duraci\u00f3n tras confirmarse la rotura del tend\u00f3n de Aquiles"},"content":{"rendered":"<p>Holger Rune ha confirmado la noticia que nadie del circuito ATP quer\u00eda escuchar. El tenista dan\u00e9s, de 22 a\u00f1os, anunci\u00f3 a trav\u00e9s de sus redes  &#8230; sociales que sufre una rotura completa del tend\u00f3n de Aquiles izquierdo, lesi\u00f3n que le obligar\u00e1 a operarse la pr\u00f3xima semana y a afrontar una larga rahabilitaci\u00f3n. Se trata de la peor consecuencia posible de la dolencia que le oblig\u00f3 a retirarse en las semifinales del ATP 250 de Estocolmo, cuando dominaba el marcador frente a Ugo Humbert por 6-4 y 2-2.<\/p>\n<p class=\"v-p\">\u00abPasar\u00e1 un tiempo antes de que pueda volver a pisar la cancha. Es duro. Disfrut\u00e9 much\u00edsimo en Estocolmo y es insoportable pensar que no sentir\u00e9 esta energ\u00eda por un tiempo\u00bb, expres\u00f3 Rune en su comunicado. Poco despu\u00e9s, confirm\u00f3 el diagn\u00f3stico m\u00e9dico: \u00abTengo el tend\u00f3n de Aquiles completamente roto en la parte proximal. Necesito una operaci\u00f3n la semana que viene y, a partir de ahora, rehabilitaci\u00f3n. Gracias por todo su apoyo ahora y siempre. Sin ustedes, nada ser\u00eda igual\u00bb.<\/p>\n<p class=\"v-p\">Las primeras estimaciones hablan de un per\u00edodo de baja de entre cinco y siete meses. De cumplirse los plazos m\u00e1s pesimistas, el regreso de Rune no se producir\u00eda hasta despu\u00e9s del pr\u00f3ximo Roland Garros. Esta ausencia prolongada tambi\u00e9n tendr\u00e1 consecuencias sobre su clasificaci\u00f3n: podr\u00eda perder hasta 1.730 puntos, lo que le desplazar\u00eda pr\u00e1cticamente fuera del top 40 del ranking mundial.<\/p>\n<p class=\"v-p\">La lesi\u00f3n recuerda a la que sufri\u00f3 Alexander Zverev en Roland Garros en 2022, cuando se rompi\u00f3 varios ligamentos del tobillo durante las semifinales contra Rafa Nadal. El alem\u00e1n estuvo fuera de las pistas hasta comienzos de 2023, tras pasar por una cirug\u00eda y un exigente proceso de recuperaci\u00f3n.<\/p>\n<p class=\"v-p\">Para Rune, actual n\u00famero 11 del ranking ATP y considerado una de las grandes promesas de tenias mundial, comienza ahora su desafio m\u00e1s complejo. No solo deber\u00e1 recuperarse fisicamente, sino tambi\u00e9n mantener la confianza y nivel competitivo que requiere este circuito para poder mantenerse entre los mejores del mundo. Su ausencia deja un vac\u00edo en la lucha por las ATP Finals de Tur\u00edn, lo que abrir\u00eda las puertas para otros tenias con un ranking m\u00e1s bajo que ya descartaban la posibilidad de jugar en tierras italianas.<\/p>\n","protected":false},"excerpt":{"rendered":"Holger Rune ha confirmado la noticia que nadie del circuito ATP quer\u00eda escuchar. El tenista dan\u00e9s, de 22&hellip;\n","protected":false},"author":2,"featured_media":187819,"comment_status":"","ping_status":"","sticky":false,"template":"","format":"standard","meta":{"footnotes":""},"categories":[274],"tags":[33145,6814,11523,168,16509,25,24,21239,34853,17786,23,167,23005,327,326,575],"class_list":{"0":"post-187818","1":"post","2":"type-post","3":"status-publish","4":"format-standard","5":"has-post-thumbnail","7":"category-tenis","8":"tag-aquiles","9":"tag-baja","10":"tag-confirmarse","11":"tag-deportes","12":"tag-duracion","13":"tag-es","14":"tag-espana","15":"tag-larga","16":"tag-rotura","17":"tag-rune","18":"tag-spain","19":"tag-sports","20":"tag-tendon","21":"tag-tenis","22":"tag-tennis","23":"tag-tras"},"share_on_mastodon":{"url":"","error":""},"_links":{"self":[{"href":"https:\/\/www.europesays.com\/es\/wp-json\/wp\/v2\/posts\/187818","targetHints":{"allow":["GET"]}}],"collection":[{"href":"https:\/\/www.europesays.com\/es\/wp-json\/wp\/v2\/posts"}],"about":[{"href":"https:\/\/www.europesays.com\/es\/wp-json\/wp\/v2\/types\/post"}],"author":[{"embeddable":true,"href":"https:\/\/www.europesays.com\/es\/wp-json\/wp\/v2\/users\/2"}],"replies":[{"embeddable":true,"href":"https:\/\/www.europesays.com\/es\/wp-json\/wp\/v2\/comments?post=187818"}],"version-history":[{"count":0,"href":"https:\/\/www.europesays.com\/es\/wp-json\/wp\/v2\/posts\/187818\/revisions"}],"wp:featuredmedia":[{"embeddable":true,"href":"https:\/\/www.europesays.com\/es\/wp-json\/wp\/v2\/media\/187819"}],"wp:attachment":[{"href":"https:\/\/www.europesays.com\/es\/wp-json\/wp\/v2\/media?parent=187818"}],"wp:term":[{"taxonomy":"category","embeddable":true,"href":"https:\/\/www.europesays.com\/es\/wp-json\/wp\/v2\/categories?post=187818"},{"taxonomy":"post_tag","embeddable":true,"href":"https:\/\/www.europesays.com\/es\/wp-json\/wp\/v2\/tags?post=187818"}],"curies":[{"name":"wp","href":"https:\/\/api.w.org\/{rel}","templated":true}]}}