{"id":187824,"date":"2025-10-19T19:49:13","date_gmt":"2025-10-19T19:49:13","guid":{"rendered":"https:\/\/www.europesays.com\/es\/187824\/"},"modified":"2025-10-19T19:49:13","modified_gmt":"2025-10-19T19:49:13","slug":"cronica-granada-baskonia","status":"publish","type":"post","link":"https:\/\/www.europesays.com\/es\/187824\/","title":{"rendered":"Cr\u00f3nica Granada Baskonia"},"content":{"rendered":"<p>\n        El<strong> <\/strong><a href=\"https:\/\/www.noticiasdealava.eus\/baskonia\/\" title=\"Baskonia\" class=\"link copy\" rel=\"nofollow noopener\" target=\"_blank\"><strong>Baskonia<\/strong><\/a><strong> sum\u00f3 en Granada una meritoria victoria gracias a un gran esfuerzo de los \u00fanicos diez jugadores con los que cont\u00f3 Paolo Galbiati<\/strong> por la ausencia de \u00faltima hora de Luka Samanic que le permite tener un balance positivo en la ACB y olvidarse moment\u00e1neamente del calvario de la Euroliga.<strong> Segundas espadas como Spagnolo y Diakite dieron un paso al frente<\/strong> para compensar la fatiga de compa\u00f1eros m\u00e1s exigidos entre semana y sacaron adelante el encuentro en un ajustado final despu\u00e9s de haber llegado a manejar un colch\u00f3n de 14 puntos en la primera parte.\n<\/p>\n<p class=\"article-body__text \">\n        Pese a todos los condicionantes,<strong> el cuadro vitoriano comenz\u00f3 el encuentro con confianza<\/strong>. Con un quinteto formado por Nowell, Villar, Diallo Frisch y Diakite por la reducida rotaci\u00f3n, <strong>los hombres de Galbiati movieron bien el bal\u00f3n durante los primeros compases<\/strong> e hicieron da\u00f1o a los locales con su alto ritmo de juego y un elevado porcentaje de acierto desde el per\u00edmetro.\n<\/p>\n<p>            <a href=\"https:\/\/www.noticiasdealava.eus\/baskonia\/2025\/10\/19\/luka-samanic-suma-bajas-baskonia-10236862.html\" title=\"Luka Samanic se suma a las bajas del Baskonia en Granada\" class=\"new__media\" rel=\"nofollow noopener\" target=\"_blank\"><\/p>\n<p>                <img alt=\"Luka Samanic se suma a las bajas del Baskonia en Granada\" data-src=\"https:\/\/www.europesays.com\/es\/wp-content\/uploads\/2025\/10\/efb94b58-ffaa-49c9-a0c0-c786eb57f2a4_16-9-aspect-ratio_default_0.jpg\" class=\"lozad\"\/><\/p>\n<p>        <\/a><\/p>\n<p>        <a href=\"https:\/\/www.noticiasdealava.eus\/baskonia\/2025\/10\/19\/luka-samanic-suma-bajas-baskonia-10236862.html\" title=\"Luka Samanic se suma a las bajas del Baskonia en Granada\" class=\"new__headline\" rel=\"nofollow noopener\" target=\"_blank\"><br \/>\n            Luka Samanic se suma a las bajas del Baskonia en Granada<br \/>\n        <\/a><\/p>\n<p class=\"article-body__text \">\n        <strong>Una serie de buenas acciones de Joksimovic<\/strong>, con un tiro libre, un triple y una asistencia a Sedekerskis para otra diana desde la esquina permitieron a los alaveses alcanzar una ventaja de ocho puntos con el 11-19. Alrededor de esa diferencia se movieron los \u00faltimos compases del primer cuarto, en los que el Baskonia sigui\u00f3 jugando <strong>c\u00f3modo y encontrando buenos tiros<\/strong> pese a sufrir por dentro ante los p\u00edvots locales.\n<\/p>\n<p class=\"article-body__text \">\n        <strong>Esa fluidez y acierto se perdi\u00f3 en el segundo cuarto, en el que la anotaci\u00f3n baj\u00f3 considerablemente<\/strong> y en los cinco primeros minutos el parcial fue \u00fanicamente de 6-9 favorable a los de Galbiati, que<strong> llegaron a manejar una renta de 23-37<\/strong>. Mientras el marcador segu\u00eda girando alrededor de los diez tantos de distancia, dos piezas importantes del Granada como Bozic y Rousselle se marcharon al banquillo con tres faltas. Sin embargo, los locales no lo notaron e incluso se crecieron en el tramo final de la primera parte.\n<\/p>\n<blockquote class=\"twitter-tweet\" data-lang=\"es\" wp_automatic_readability=\"2.6960784313725\">\n<p lang=\"es\" dir=\"ltr\">Y OTRO TRIPLAZO DE TIMMMM\ud83d\udd25 <a href=\"https:\/\/t.co\/JTp0egdUWj\" rel=\"nofollow\">pic.twitter.com\/JTp0egdUWj<\/a><\/p>\n<p>\u2014 Baskonia (@Baskonia) <a href=\"https:\/\/twitter.com\/Baskonia\/status\/1979954617401082165?ref_src=twsrc%5Etfw\" rel=\"nofollow noopener\" target=\"_blank\">19 de octubre de 2025<\/a><\/p><\/blockquote>\n<p class=\"article-body__text \">\n        <strong>Los granadinos cerraron filas en defensa y Kljajic hizo el resto en ataque con 9 puntos de los \u00faltimos 11 de su equipo en el segundo cuarto<\/strong> <strong>para reducir la brecha<\/strong> hasta los cuatro tantos, que el Baskonia logr\u00f3 dejar en seis al descanso gracias a su rebote ofensivo, ya que no fue capaz de generar buenos tiros en sus primeras opciones.\n<\/p>\n<p>  Final apretado <\/p>\n<p class=\"article-body__text \">\n        Al regreso del paso por los vestuarios, se mantuvo la tendencia del final del segundo cuarto, con <strong>el Baskonia atascado en ataque y sin la fluidez del inicio del choque y el Granada con cada vez m\u00e1s fe<\/strong> en sus opciones de victoria. Matt Thomas, desaparecido en la primera parte, abri\u00f3 la segunda con un triple y, despu\u00e9s de estar cerca de conseguirlo en varias ocasiones,<strong> el Granada logr\u00f3 finalmente adelantarse<\/strong> en el electr\u00f3nico con un triple de Rousselle en el minuto 25.\n<\/p>\n<blockquote class=\"twitter-tweet\" data-lang=\"es\" wp_automatic_readability=\"9.6\">\n<p lang=\"es\" dir=\"ltr\">Volver a casa siempre es especial.<br \/>Y m\u00e1s si has hecho historia \u2764\ufe0f<\/p>\n<p>Este es el bonito homenaje que le ha hecho <a href=\"https:\/\/twitter.com\/CoviranGranada?ref_src=twsrc%5Etfw\" rel=\"nofollow noopener\" target=\"_blank\">@CoviranGranada<\/a> a su exentrenador Pablo Pin, quien dirigi\u00f3 409 partidos nazar\u00edes, responsable del ascenso a la acb y de hacer so\u00f1ar a la afici\u00f3n.<\/p>\n<p>| \ud83d\udcfa <a href=\"https:\/\/twitter.com\/DAZN_ES?ref_src=twsrc%5Etfw\" rel=\"nofollow noopener\" target=\"_blank\">@DAZN_ES<\/a> <a href=\"https:\/\/t.co\/abVaD3yCDF\" rel=\"nofollow\">pic.twitter.com\/abVaD3yCDF<\/a><\/p>\n<p>\u2014 Liga Endesa (@ACBCOM) <a href=\"https:\/\/twitter.com\/ACBCOM\/status\/1979941659543568417?ref_src=twsrc%5Etfw\" rel=\"nofollow noopener\" target=\"_blank\">19 de octubre de 2025<\/a><\/p><\/blockquote>\n<p class=\"article-body__text \">\n        Con menos ideas en ataque y la fatiga cada vez m\u00e1s presente en sus piernas, <strong>los azulgranas se encomendaron a las acciones individuales de Luwawu-Cabarrot y Spagnolo<\/strong>. Entre los dos lograron mantener a flote a los gasteiztarras, que al menos limitaron sus errores defensivos, protegieron el rebote y lograron<strong> llegar a los diez minutos decisivos con una m\u00ednima ventaja de 60-62<\/strong>.\n<\/p>\n<p class=\"article-body__text \">\n        En el arranque del \u00faltimo cuarto,<strong> el \u00edmpetu de Diallo y los puntos de Spagnolo, que sigui\u00f3 inspirado y asumiendo responsabilidad en ataque<\/strong> permitieron estirar ligeramente la ventaja baskonista hasta el 65-70, aunque <strong>el Granada se agarr\u00f3 al partido<\/strong> y volvi\u00f3 a igualar la cita tras una antideportiva de Diop sobre Olumuyiwa y un triple de Matt Thomas (72-72).\n<\/p>\n<blockquote class=\"twitter-tweet\" data-lang=\"es\" wp_automatic_readability=\"2.7619047619048\">\n<p lang=\"es\" dir=\"ltr\">Roba Matteo y para dentro +2\ud83d\udcaa <a href=\"https:\/\/t.co\/VQ1lZHolsU\" rel=\"nofollow\">pic.twitter.com\/VQ1lZHolsU<\/a><\/p>\n<p>\u2014 Baskonia (@Baskonia) <a href=\"https:\/\/twitter.com\/Baskonia\/status\/1979968586765537674?ref_src=twsrc%5Etfw\" rel=\"nofollow noopener\" target=\"_blank\">19 de octubre de 2025<\/a><\/p><\/blockquote>\n<p class=\"article-body__text \">\n        Spagnolo, el azulgrana que mostr\u00f3 m\u00e1s frescura de piernas en el desenlace, tir\u00f3 del equipo mientras <strong>el Granada insist\u00eda en meter balones al poste con Bozic<\/strong> para castigar el menor peso de los interiores visitantes. Eso s\u00ed, <strong>Diakite, en su mejor actuaci\u00f3n hasta ahora como baskonista, hizo un buen trabajo defensivo<\/strong> al que sum\u00f3 adem\u00e1s una acci\u00f3n de <strong>dos m\u00e1s uno para colocar el 77-79<\/strong> en el electr\u00f3nico, acci\u00f3n a la que le sigui\u00f3 un triple con un arco espectacular de Rousselle con el que los locales recuperaron el mando.\n<\/p>\n<p class=\"article-body__text \">\n        Afortunadamente, las <strong>excelentes defensas sobre Bozic y Hankins, una canasta en transici\u00f3n tras robo de Spagnolo y dos tiros libres de Luwawu-Cabarrot<\/strong> llevaron al Baskonia colocar el 80-83 a siete segundos del final y sellar una <strong>valiosa y sufrida victoria<\/strong> despu\u00e9s de que el \u00faltimo triple de Thomas se quedara corto.\n<\/p>\n<p>            <script async src=\"https:\/\/platform.twitter.com\/widgets.js\" charset=\"utf-8\"><\/script><\/p>\n","protected":false},"excerpt":{"rendered":"El Baskonia sum\u00f3 en Granada una meritoria victoria gracias a un gran esfuerzo de los \u00fanicos diez jugadores&hellip;\n","protected":false},"author":2,"featured_media":187825,"comment_status":"","ping_status":"","sticky":false,"template":"","format":"standard","meta":{"footnotes":""},"categories":[269],"tags":[14670,299,298,4714,168,25,24,494,5602,12850,23,167],"class_list":{"0":"post-187824","1":"post","2":"type-post","3":"status-publish","4":"format-standard","5":"has-post-thumbnail","7":"category-baloncesto","8":"tag-14670","9":"tag-baloncesto","10":"tag-basketball","11":"tag-baskonia","12":"tag-deportes","13":"tag-es","14":"tag-espana","15":"tag-granada","16":"tag-orgullo","17":"tag-saca","18":"tag-spain","19":"tag-sports"},"share_on_mastodon":{"url":"","error":""},"_links":{"self":[{"href":"https:\/\/www.europesays.com\/es\/wp-json\/wp\/v2\/posts\/187824","targetHints":{"allow":["GET"]}}],"collection":[{"href":"https:\/\/www.europesays.com\/es\/wp-json\/wp\/v2\/posts"}],"about":[{"href":"https:\/\/www.europesays.com\/es\/wp-json\/wp\/v2\/types\/post"}],"author":[{"embeddable":true,"href":"https:\/\/www.europesays.com\/es\/wp-json\/wp\/v2\/users\/2"}],"replies":[{"embeddable":true,"href":"https:\/\/www.europesays.com\/es\/wp-json\/wp\/v2\/comments?post=187824"}],"version-history":[{"count":0,"href":"https:\/\/www.europesays.com\/es\/wp-json\/wp\/v2\/posts\/187824\/revisions"}],"wp:featuredmedia":[{"embeddable":true,"href":"https:\/\/www.europesays.com\/es\/wp-json\/wp\/v2\/media\/187825"}],"wp:attachment":[{"href":"https:\/\/www.europesays.com\/es\/wp-json\/wp\/v2\/media?parent=187824"}],"wp:term":[{"taxonomy":"category","embeddable":true,"href":"https:\/\/www.europesays.com\/es\/wp-json\/wp\/v2\/categories?post=187824"},{"taxonomy":"post_tag","embeddable":true,"href":"https:\/\/www.europesays.com\/es\/wp-json\/wp\/v2\/tags?post=187824"}],"curies":[{"name":"wp","href":"https:\/\/api.w.org\/{rel}","templated":true}]}}