{"id":187832,"date":"2025-10-19T19:53:09","date_gmt":"2025-10-19T19:53:09","guid":{"rendered":"https:\/\/www.europesays.com\/es\/187832\/"},"modified":"2025-10-19T19:53:09","modified_gmt":"2025-10-19T19:53:09","slug":"una-luz-sumergida","status":"publish","type":"post","link":"https:\/\/www.europesays.com\/es\/187832\/","title":{"rendered":"Una luz sumergida"},"content":{"rendered":"<p>A veces apetece a\u00f1adirse al consenso para decir, por ejemplo y en este caso, que Marc Cerd\u00f3 ha escrito una magn\u00edfica novela. Hablo deUna luz sumergida, publicada por Club Editor. Marc Cerd\u00f3 hace una reconstrucci\u00f3n de la figura de su madre, la tambi\u00e9n escritora Xesca Ensenyat, quince a\u00f1os despu\u00e9s de su muerte. Y de su relaci\u00f3n \u2013y todav\u00eda tiene, y seguramente tendr\u00e1 toda su vida\u2013 con ella.<\/p>\n<p>Xesca Ensenyat fue una novelista mallorquina, nacida en 1952 en el Port de Pollen\u00e7a, autora de novelas bien notables como Villa Coppola, Una moda fresquita o Cuando ven\u00eda la escuadra. Tambi\u00e9n de narrativa corta, como la del volumen Cambio de peluquer\u00eda y otras miserias. Por edad y por afinidades literarias e ideol\u00f3gicas, es f\u00e1cil situarla al lado, o cerca, de autores como Maria Ant\u00f2nia Oliver o Biel Mesquida. En 2012, tres a\u00f1os despu\u00e9s de la muerte prematura de Xesca Ensenyat, Lleonard Muntaner Editor public\u00f3 una novela p\u00f3stuma importante, Otra vida. Marc Cerd\u00f3 se cuid\u00f3 de la edici\u00f3n de esta novela \u2013y del cuento infantil Babalusa, la medusa\u2013, y es posible (no s\u00e9) que entonces empezara a pensar en lo que ha acabado siendo Una luz sumergida.<\/p>\n<p>Adem\u00e1s de escribir su obra literaria, Xesca Ensenyat fue lo que suele llamarse una mujer avanzada a su tiempo ya su entorno que, entre otras cosas, se atrevi\u00f3 a decidir ser madre soltera en la Barcelona y en la Mallorca \u2013ya que alternaba la vida entre estos dos lugares\u2013 de 1974. Es decir, en un tiempo y un pa\u00eds que eran completamente hostil. Una luz sumergida narra esta decisi\u00f3n y sus consecuencias en la vida de Ensenyat, y tambi\u00e9n la relaci\u00f3n entre madre e hijo a trav\u00e9s de sus dos voces trenzadas, enfrentadas, confundidas, a menudo sobrepasadas de s\u00ed mismas. Es una relaci\u00f3n de amor tan llena como la que pueda ser la de cualquier hijo con su madre, pero tambi\u00e9n una relaci\u00f3n marcada por la precariedad: econ\u00f3mica, art\u00edstica, vital, psicol\u00f3gica, mental. La madre se da cuenta de que el hijo la lastra, y el hijo se da cuenta de que ella se da cuenta. Sin embargo, no hay reproches, subrayados ni sobreactuaciones. No existe la molesta sensaci\u00f3n de que produce un narrador que se cree m\u00e1s inteligente que sus personajes o que sus eventuales lectores.<\/p>\n<p>Al final de lo que cuenta, tan bien contado, Una luz sumergida, hay una pregunta: \u00bfqu\u00e9 hemos venido a hacer en este mundo? Por qu\u00e9 nacemos, por qu\u00e9 vivimos, por qu\u00e9 morimos. Existe la constataci\u00f3n de no acabar de conocer nunca a otra persona, aunque sea la propia madre, aunque sea rascando dentro de sus secretos y dentro de sus papeles \u00edntimos. Hay crueldad, hay llanto, hay sonrisa y melancol\u00eda, una tristeza hermosa y elegante. Hay, al final, una novela que habla de algo que le importa al autor, y consigue que nos importe tambi\u00e9n a nosotros, los lectores. Al fin y al cabo, como dice la voz de Xesca Ensenyat en un momento del libro: \u00abEl lector es una figura creada por los editores, para que puedan sacar adelante su industria; en realidad, el lector no existe\u00bb.<\/p>\n","protected":false},"excerpt":{"rendered":"A veces apetece a\u00f1adirse al consenso para decir, por ejemplo y en este caso, que Marc Cerd\u00f3 ha&hellip;\n","protected":false},"author":2,"featured_media":187833,"comment_status":"","ping_status":"","sticky":false,"template":"","format":"standard","meta":{"footnotes":""},"categories":[172],"tags":[224,146,147,25,24,225,1875,23,52754],"class_list":{"0":"post-187832","1":"post","2":"type-post","3":"status-publish","4":"format-standard","5":"has-post-thumbnail","7":"category-libros","8":"tag-books","9":"tag-entertainment","10":"tag-entretenimiento","11":"tag-es","12":"tag-espana","13":"tag-libros","14":"tag-luz","15":"tag-spain","16":"tag-sumergida"},"share_on_mastodon":{"url":"","error":""},"_links":{"self":[{"href":"https:\/\/www.europesays.com\/es\/wp-json\/wp\/v2\/posts\/187832","targetHints":{"allow":["GET"]}}],"collection":[{"href":"https:\/\/www.europesays.com\/es\/wp-json\/wp\/v2\/posts"}],"about":[{"href":"https:\/\/www.europesays.com\/es\/wp-json\/wp\/v2\/types\/post"}],"author":[{"embeddable":true,"href":"https:\/\/www.europesays.com\/es\/wp-json\/wp\/v2\/users\/2"}],"replies":[{"embeddable":true,"href":"https:\/\/www.europesays.com\/es\/wp-json\/wp\/v2\/comments?post=187832"}],"version-history":[{"count":0,"href":"https:\/\/www.europesays.com\/es\/wp-json\/wp\/v2\/posts\/187832\/revisions"}],"wp:featuredmedia":[{"embeddable":true,"href":"https:\/\/www.europesays.com\/es\/wp-json\/wp\/v2\/media\/187833"}],"wp:attachment":[{"href":"https:\/\/www.europesays.com\/es\/wp-json\/wp\/v2\/media?parent=187832"}],"wp:term":[{"taxonomy":"category","embeddable":true,"href":"https:\/\/www.europesays.com\/es\/wp-json\/wp\/v2\/categories?post=187832"},{"taxonomy":"post_tag","embeddable":true,"href":"https:\/\/www.europesays.com\/es\/wp-json\/wp\/v2\/tags?post=187832"}],"curies":[{"name":"wp","href":"https:\/\/api.w.org\/{rel}","templated":true}]}}