{"id":187846,"date":"2025-10-19T20:03:15","date_gmt":"2025-10-19T20:03:15","guid":{"rendered":"https:\/\/www.europesays.com\/es\/187846\/"},"modified":"2025-10-19T20:03:15","modified_gmt":"2025-10-19T20:03:15","slug":"multitudinario-nafarroa-oinez-en-defensa-del-euskera-y-con-un-canto-a-la-paz","status":"publish","type":"post","link":"https:\/\/www.europesays.com\/es\/187846\/","title":{"rendered":"Multitudinario Nafarroa Oinez en defensa del euskera y con un canto a la paz"},"content":{"rendered":"<p>\n        La ikastola <strong>Paz de Ziganda<\/strong> de Villava-Atarrabia ha acogido este domingo una multitudinaria edici\u00f3n del <a href=\"https:\/\/www.noticiasdenavarra.com\/tags\/nafarroa-oinez-2025\/\" title=\"Nafarroa Oinez\" target=\"_blank\" class=\"link copy\" rel=\"nofollow noopener\">Nafarroa Oinez<\/a>, con miles de personas participando en apoyo y defensa del uso habitual del <strong>euskera<\/strong> y, este a\u00f1o, con un mensaje especial: <strong>un canto a la paz<\/strong>. La cita ha convertido la tradicional fiesta de las <strong>ikastolas<\/strong> en un encuentro por la <strong>convivencia<\/strong>, la <strong>diversidad<\/strong> y la <strong>solidaridad<\/strong>, en el que la lengua y la educaci\u00f3n han unido sus voces a la reivindicaci\u00f3n global contra la violencia.\n<\/p>\n<p class=\"article-body__text \">\n        La jornada ha arrancado con el sonido de la <strong>txalaparta<\/strong>, que han dado paso al izado de un gran <strong>coraz\u00f3n multicolor<\/strong> en la fachada principal del centro, s\u00edmbolo del lema de esta edici\u00f3n: Buruz, Bihotzez, Oinez. Mientras tanto, el coro de alumnos y la cantante <strong>Anne Etchegoyen<\/strong> interpretaban Bake Mina, canci\u00f3n de la artista bajonavarra, un emotivo <strong>canto a la paz<\/strong> que ha servido de hilo conductor a toda la celebraci\u00f3n.\n<\/p>\n<p>  <strong>Mensaje por la paz<\/strong><\/p>\n<p class=\"article-body__text \">\n        \u201cEstamos conmovidos con todo lo que ocurre en el mundo\u201d, ha expresado la presidenta de la ikastola <strong>Maider Nuin<\/strong> en su discurso de bienvenida. \u201cHemos querido traer las palabras y la emoci\u00f3n de Bake Mina para invitar a reflexionar sobre lo importante que es buscar <strong>soluciones pac\u00edficas<\/strong> si queremos construir un mundo m\u00e1s humano y solidario\u201d, ha se\u00f1alado. Nuin ha recordado a las v\u00edctimas de los conflictos, \u201cespecialmente en <a href=\"https:\/\/www.noticiasdenavarra.com\/tags\/palestina\/\" title=\"Palestina\" target=\"_blank\" class=\"link copy\" rel=\"nofollow noopener\">Palestina<\/a>, pero sin olvidarnos de tantas otras\u201d, y ha afirmado que \u201c<strong>la paz est\u00e1 en manos de todos<\/strong>\u201d.\n<\/p>\n<p class=\"article-body__text \">\n        En una segunda parte de su intervenci\u00f3n, la presidenta ha subrayado que \u201ctodav\u00eda queda camino por recorrer en la <strong>normalizaci\u00f3n del euskera<\/strong>\u201d, y ha reivindicado el papel de las <strong>ikastolas<\/strong> como espacios de transformaci\u00f3n social: \u201cSomos ikastola, somos pueblo, somos euskera, somos educaci\u00f3n y somos sociales. Siempre podemos hacer algo, aunque sea peque\u00f1o, para promover el uso del euskera o para crear juntos un modo de vivir en paz\u201d.\n<\/p>\n<p>  <strong>Apoyo social y pol\u00edtico al euskera<\/strong><\/p>\n<p class=\"article-body__text \">\n        A la inauguraci\u00f3n han asistido representantes institucionales y sociales de toda <strong>Euskal Herria<\/strong>, entre ellos la vicepresidenta segunda del Gobierno de Navarra,<strong> Ana Ollo<\/strong>; el presidente del Parlamento foral, <strong>Unai Hualde<\/strong>; la vicelehendakari primera del Gobierno Vasco, <strong>Ibone Bengoetxea<\/strong>; el<strong> <\/strong>consejero de Industria, <strong>Mikel Irujo<\/strong>; la senadora <strong>Uxue Barkos<\/strong>; los alcaldes de Villava-Atarrabia, <strong>Mikel Oteiza<\/strong>; Huarte, <strong>Alfredo Arruiz;<\/strong> y Pamplona, <strong>Joseba Asiron<\/strong>; y el edil de Burlada, <strong>Amaiur Guindeo<\/strong>. Tambi\u00e9n han estado presentes cargos p\u00fablicos de <strong>UPN<\/strong>, <strong>PSN<\/strong>, <strong>EH Bildu<\/strong> y <strong>Geroa Bai<\/strong>, adem\u00e1s del Defensor del Pueblo, <strong>Patxi Vera<\/strong>.\n<\/p>\n<p class=\"article-body__text \">\n        Tambi\u00e9n han participado representantes de la sociedad civil y de distintos \u00e1mbitos como el educativo, deportivo, sociale y el mundo euskaltzale. Entre ellos se encontraban la <strong>UPNA<\/strong>, la <strong>Universidad de Navarra<\/strong>, <strong>Taupa<\/strong>, <strong>Kontseilua<\/strong>, los sindicatos <strong>ELA, LAB y UGT<\/strong>, as\u00ed como entidades como <strong>AEK<\/strong>, <strong>Saray<\/strong>, <strong>Cermin<\/strong>, <strong>Amudisna<\/strong>, la <strong>ONCE<\/strong>, <strong>Eusko Ikaskuntza<\/strong> o <strong>Karikaluze<\/strong>, entre otros. En representaci\u00f3n de la ikastola <strong>Paz de Ziganda<\/strong> han asistido su presidenta, Maider Nuin, y el director, I\u00f1aki Erroz.\n<\/p>\n<p>  Superar la zonificaci\u00f3n<\/p>\n<p class=\"article-body__text \">\n        Durante su intervenci\u00f3n, <a href=\"https:\/\/www.noticiasdenavarra.com\/tags\/ana-ollo\/\" title=\"Ana Ollo\" target=\"_blank\" class=\"link copy\" rel=\"nofollow noopener\">Ana Ollo<\/a> ha reconocido que el <strong>euskera \u201ctodav\u00eda se enfrenta a trabas legales y administrativas\u201d<\/strong>, y ha pedido superar la actual <strong>zonificaci\u00f3n ling\u00fc\u00edstica<\/strong>. \u201cTenemos una <strong>Ley Foral del Euskera<\/strong> cada vez m\u00e1s anacr\u00f3nica, que limita los derechos en funci\u00f3n del c\u00f3digo postal\u201d, ha afirmado. La vicepresidenta ha subrayado que \u201cen un mundo cada vez m\u00e1s uniforme y global, es esencial poner en valor la <strong>diversidad<\/strong> y el <strong>arraigo de lo local<\/strong>\u201d, y ha destacado la aportaci\u00f3n de las <strong>ikastolas<\/strong> \u201ca la recuperaci\u00f3n, supervivencia y expansi\u00f3n del euskera\u201d.\n<\/p>\n<p class=\"article-body__text \">\n        Por su parte, el alcalde de Villava-Atarrabia, <strong>Mikel Oteiza<\/strong>, ha agradecido el trabajo de las personas <strong>voluntarias<\/strong> que han hecho posible la organizaci\u00f3n del evento. \u201cSin vuestro trabajo, este <strong>auzolan gigante<\/strong> no ser\u00eda posible\u201d, ha asegurado. \u201cEl Oinez es mucho m\u00e1s que la fiesta de las ikastolas: es el <strong>auzolan que pone al euskera en el centro<\/strong>, la fiesta que nos une a todos los <strong>euskaldunes<\/strong>, hecha desde el pueblo y para el pueblo\u201d, ha destacado, recordando que \u201cvivir en euskera en <strong>Nafarroa<\/strong> sigue siendo una tarea que requiere esfuerzo y voluntad colectiva\u201d.\n<\/p>\n<p>  C<strong>ompromiso de las ikastolas<\/strong><\/p>\n<p class=\"article-body__text \">\n        Finalmente, el presidente de la Federaci\u00f3n Navarra de Ikastolas,<strong> <\/strong><a href=\"https:\/\/www.noticiasdenavarra.com\/tags\/oier-sanjurjo\/\" title=\"Oier Sanjurjo\" target=\"_blank\" class=\"link copy\" rel=\"nofollow noopener\">Oier Sanjurjo<\/a>, ha recordado los <strong>60 a\u00f1os de historia<\/strong> de <strong>Paz de Ziganda<\/strong> y el compromiso del movimiento de las <strong>ikastolas<\/strong> con la sociedad. \u201cLas ikastolas nacieron para proteger y fomentar el euskera a trav\u00e9s de la educaci\u00f3n, y hoy seguimos dedicadas a ese objetivo\u201d, ha se\u00f1alado. Sanjurjo ha defendido que, aunque sean iniciativas populares, \u201cofrecen un <strong>servicio p\u00fablico<\/strong>, porque se basan en los <strong>derechos humanos<\/strong>, est\u00e1n gobernadas por la ciudadan\u00eda, no tienen \u00e1nimo de lucro y colaboran con numerosos colectivos sociales\u201d.\n<\/p>\n<p class=\"article-body__text \">\n         El exjugador de <strong>Osasuna<\/strong> ha cerrado su intervenci\u00f3n estableciendo un paralelismo entre el club rojillo y las ikastolas: \u201c<strong>Ambos cosen Navarra<\/strong>. Gracias a este esfuerzo, hoy somos una sociedad m\u00e1s <strong>euskaldun, igualitaria, verde, feminista y solidaria<\/strong>\u201d.\n<\/p>\n<p>  El lekuko del Oinez pasa a Viana y Cizur<\/p>\n<p class=\"article-body__text \">\n        En esta edici\u00f3n el <strong>homenaje <\/strong>no se ha dirigido a ninguna persona en concreto, sino que se ha decidido poner en valor el trabajo en auzolan \u00abque tan ligado est\u00e1 a la propia identidad de las ikastolas\u00bb. Con un teatro y las palabras de reconocimiento de Maider Nuin se ha querido rendir homenaje a todas las personas que \u00abtrabajan desinteresadamente como filosof\u00eda de vida\u00bb.\n<\/p>\n<p class=\"article-photo__footer\">\n            La Ikastola Erentzun de Viana y la Ikastola San Ferm\u00edn de Pamplona han recibido el testigo del Nafarroa Oinez.            Miren Mindegia        <\/p>\n<p class=\"article-body__text \">\n        Para finalizar, se ha llevado a cabo la ceremonia de paso del testigo para el pr\u00f3ximo <a href=\"https:\/\/www.noticiasdenavarra.com\/tags\/nafarroa-oinez\/\" title=\"Nafarroa Oinez\" class=\"link copy\" rel=\"nofollow noopener\" target=\"_blank\">Nafarroa Oinez<\/a>, cuya organizaci\u00f3n correr\u00e1 a cargo, de manera conjunta, de las <strong>ikastolas Erentzun y San Ferm\u00edn<\/strong>. En representaci\u00f3n de Erentzun han recogido el testigo su presidenta, <strong>Marta Tejada<\/strong>, y su directora, <strong>Garbi\u00f1e Zulaika<\/strong>. Por San Fermin han subido al estrado la presidenta, Eider Sagastibeltza, y la directora, <strong>Uxue Lazkano<\/strong>.\n<\/p>\n<p>  Valoraci\u00f3n de Paz de Ciganda<\/p>\n<p class=\"article-body__text \">\n        Los responsables de la ikastola <a href=\"https:\/\/www.noticiasdenavarra.com\/sociedad\/2025\/10\/19\/ikastola-paz-ziganda-valora-jornada-nafarroa-oinez-2025-10237179.html\" title=\"Paz de Ziganda de Villava\" target=\"_blank\" class=\"link copy\" rel=\"nofollow noopener\">Paz de Ziganda de Villava<\/a>, encargada de organizar el Nafarroa Oinez 2025, ha considerado hist\u00f3rico el desarrollo este domingo del evento, que ha reunido a miles de personas en la fiesta anual de las ikastolas navarras.\n<\/p>\n<p class=\"article-body__text \">\n        \u00abUn ambiente inmejorable\u00bb ha presidido la jornada, que se ha convertido en \u00ab<strong>una cita para el recuerdo<\/strong>\u00ab, en la que \u00abse han alcanzado los objetivos marcados y se ha hecho frente con \u00e9xito a un reto organizativo de gran envergadura\u00bb, han constatado los organizadores en una nota.\n<\/p>\n<p class=\"article-body__text \">\n        Las temperaturas agradables han acompa\u00f1ado al <strong>disfrute de la m\u00fasica, la danza y la cultura<\/strong> en las tres \u00e1reas festivas habilitadas, que se han llenado de p\u00fablico desde las 10:00 de la ma\u00f1ana con un variado programa de actividades para todas las edades, con conciertos, espect\u00e1culos, danzas, deportes rurales y actividades participativas.\n<\/p>\n<p class=\"article-body__text \">\n        Adem\u00e1s de la m\u00fasica, uno de los momentos m\u00e1s esperados ha sido la competici\u00f3n de <strong>Erronka<\/strong>, que ha contado con una gran participaci\u00f3n de alumnado de diferentes ikastolas de Nafarroa.\n<\/p>\n<p>            <a href=\"https:\/\/www.noticiasdenavarra.com\/sociedad\/2025\/10\/19\/euskara-kalean-bultzatzearen-erronka-10236543.html\" title=\"Euskara kalean bultzatzearen &#039;Erronka&#039;\" class=\"new__media\" rel=\"nofollow noopener\" target=\"_blank\"><\/p>\n<p>                <img alt=\"Euskara kalean bultzatzearen 'Erronka'\" data-src=\"https:\/\/www.europesays.com\/es\/wp-content\/uploads\/2025\/10\/217b1e26-e1f7-4120-b987-4ad290e9c6eb_16-9-aspect-ratio_default_0.jpg\" class=\"lozad\"\/><\/p>\n<p>        <\/a><\/p>\n<p>        <a href=\"https:\/\/www.noticiasdenavarra.com\/sociedad\/2025\/10\/19\/euskara-kalean-bultzatzearen-erronka-10236543.html\" title=\"Euskara kalean bultzatzearen &#039;Erronka&#039;\" class=\"new__headline\" rel=\"nofollow noopener\" target=\"_blank\"><br \/>\n            Euskara kalean bultzatzearen &#8216;Erronka&#8217;<br \/>\n        <\/a><\/p>\n<p class=\"article-body__text \">\n        La organizaci\u00f3n ha valorado de forma muy positiva<strong> tanto la asistencia masiva como el desarrollo fluido de la jornada<\/strong>, \u00absin incidentes destacables\u00bb, y con buen seguimiento de la invitaci\u00f3n a usar la bici y el transporte p\u00fablico para acercarse a la fiesta, ya que se han reunido unas 500 bicis en el aparcamiento y se ha tenido que reforzar la frecuencia de las villavesas.\n<\/p>\n<p class=\"article-body__text \">\n        En su declaraci\u00f3n final, las y los responsables han agradecido la presencia de todas las personas que se han acercado a disfrutar de la fiesta y a apoyar el euskera y las ikastolas.\n<\/p>\n<p class=\"article-body__text \">\n        Asimismo, han vuelto a reclamar \u00abvalent\u00eda\u00bb a los responsables pol\u00edticos para impulsar \u00ab<strong>una pol\u00edtica ling\u00fc\u00edstica valiente, integral y efectiva<\/strong> que supere la actual zonificaci\u00f3n y garantice los derechos ling\u00fc\u00edsticos de toda la ciudadan\u00eda navarra\u00bb.\n<\/p>\n<p class=\"article-body__text \">\n        Adem\u00e1s, han animado a toda la sociedad a seguir implic\u00e1ndose en la promoci\u00f3n del euskera y <strong>ha invitado a participar en el Nafarroa Oinez 2026<\/strong>, que ser\u00e1 organizado por las ikastolas San Fermin, de Zizur Menor, y Erentzun ikastola, en Viana.<\/p>\n","protected":false},"excerpt":{"rendered":"La ikastola Paz de Ziganda de Villava-Atarrabia ha acogido este domingo una multitudinaria edici\u00f3n del Nafarroa Oinez, con&hellip;\n","protected":false},"author":2,"featured_media":187847,"comment_status":"","ping_status":"","sticky":false,"template":"","format":"standard","meta":{"footnotes":""},"categories":[8],"tags":[45,52757,17,18,25,24,13,14,11,19,20,52755,9,10,15,16,52756,23,12,21,22],"class_list":{"0":"post-187846","1":"post","2":"type-post","3":"status-publish","4":"format-standard","5":"has-post-thumbnail","7":"category-espana","8":"tag-45","9":"tag-atarrabia-paz-euskera","10":"tag-breaking-news","11":"tag-breakingnews","12":"tag-es","13":"tag-espana","14":"tag-featured-news","15":"tag-featurednews","16":"tag-headlines","17":"tag-latest-news","18":"tag-latestnews","19":"tag-nafarroa","20":"tag-news","21":"tag-noticias","22":"tag-noticias-destacadas","23":"tag-noticiasdestacadas","24":"tag-oinez","25":"tag-spain","26":"tag-titulares","27":"tag-ultimas-noticias","28":"tag-ultimasnoticias"},"share_on_mastodon":{"url":"","error":""},"_links":{"self":[{"href":"https:\/\/www.europesays.com\/es\/wp-json\/wp\/v2\/posts\/187846","targetHints":{"allow":["GET"]}}],"collection":[{"href":"https:\/\/www.europesays.com\/es\/wp-json\/wp\/v2\/posts"}],"about":[{"href":"https:\/\/www.europesays.com\/es\/wp-json\/wp\/v2\/types\/post"}],"author":[{"embeddable":true,"href":"https:\/\/www.europesays.com\/es\/wp-json\/wp\/v2\/users\/2"}],"replies":[{"embeddable":true,"href":"https:\/\/www.europesays.com\/es\/wp-json\/wp\/v2\/comments?post=187846"}],"version-history":[{"count":0,"href":"https:\/\/www.europesays.com\/es\/wp-json\/wp\/v2\/posts\/187846\/revisions"}],"wp:featuredmedia":[{"embeddable":true,"href":"https:\/\/www.europesays.com\/es\/wp-json\/wp\/v2\/media\/187847"}],"wp:attachment":[{"href":"https:\/\/www.europesays.com\/es\/wp-json\/wp\/v2\/media?parent=187846"}],"wp:term":[{"taxonomy":"category","embeddable":true,"href":"https:\/\/www.europesays.com\/es\/wp-json\/wp\/v2\/categories?post=187846"},{"taxonomy":"post_tag","embeddable":true,"href":"https:\/\/www.europesays.com\/es\/wp-json\/wp\/v2\/tags?post=187846"}],"curies":[{"name":"wp","href":"https:\/\/api.w.org\/{rel}","templated":true}]}}