{"id":187852,"date":"2025-10-19T20:06:11","date_gmt":"2025-10-19T20:06:11","guid":{"rendered":"https:\/\/www.europesays.com\/es\/187852\/"},"modified":"2025-10-19T20:06:11","modified_gmt":"2025-10-19T20:06:11","slug":"marco-perez-disfruta-del-entrenamiento-de-rayados-invitado-por-sergio-ramos","status":"publish","type":"post","link":"https:\/\/www.europesays.com\/es\/187852\/","title":{"rendered":"Marco P\u00e9rez disfruta del entrenamiento de Rayados invitado por Sergio Ramos"},"content":{"rendered":"<p class=\"v-mdl-ath__p v-mdl-ath__p--6\">\nDomingo, 19 de octubre 2025, 19:53<\/p>\n<p class=\"v-p\">El joven<a href=\"https:\/\/www.lagacetadesalamanca.es\/toros\/fiesta-pena-marco-perez-partir-mexico-20251009071500-ga.html\" target=\"_blank\" data-voc-vtm-id=\"in-text-traffic\" title=\" diestro salmantino\" data-mrf-link=\"www.lagacetadesalamanca.es\" rel=\"nofollow noopener\"> diestro salmantino<\/a>, <strong>Marco P\u00e9rez<\/strong>, ha aprovechado su visita a M\u00e9xico -en el <strong>que va a torear un total de 20 corridas<\/strong>&#8211; para disfrutar de un entrenamiento del Rayados de Monterrey, uno de los conjuntos m\u00e1s destacados del pa\u00eds y en el que actualmente milita <strong>Sergio Ramos<\/strong>, entre otros futbolistas espa\u00f1oles como \u00d3liver Torres y Sergio Canales.<\/p>\n<p class=\"v-p\">El propio central fue qui\u00e9n lo invit\u00f3 a ver la sesi\u00f3n en directo. Es por todos conocido que el <strong>excapit\u00e1n del Real Madrid<\/strong> es un ferviente aficionado a los toros. <strong>Amigo personal de Alejandro Talavante<\/strong>, el camero public\u00f3 recientemente un emotivo mensaje con motivo de la retirada de <a href=\"https:\/\/www.lagacetadesalamanca.es\/toros\/morante-adios-223-kilometros-plazas-predilectas-20251015070000-nt.html\" target=\"_blank\" data-voc-vtm-id=\"in-text-traffic\" title=\"Morante\" data-mrf-link=\"www.lagacetadesalamanca.es\" rel=\"nofollow noopener\">Morante<\/a> de la Puebla. \u00abDe haber sabido que hoy era tu \u00faltima en Las Ventas, habr\u00eda cruzado el charco para ver en directo c\u00f3mo te cortabas la coleta\u00bb, subray\u00f3 Ramos.<\/p>\n<p class=\"v-p\">El propio Marco P\u00e9rez public\u00f3 en su Instagram su estancia con el deportista, as\u00ed como la camiseta de Monterrey firmada y unas botas, que el central le regal\u00f3.<\/p>\n<p>Reporta un error<\/p>\n","protected":false},"excerpt":{"rendered":"Domingo, 19 de octubre 2025, 19:53 El joven diestro salmantino, Marco P\u00e9rez, ha aprovechado su visita a M\u00e9xico&hellip;\n","protected":false},"author":2,"featured_media":187853,"comment_status":"","ping_status":"","sticky":false,"template":"","format":"standard","meta":{"footnotes":""},"categories":[277],"tags":[373,168,614,8346,25,24,10783,737,738,14030,8857,2139,23,167,374],"class_list":{"0":"post-187852","1":"post","2":"type-post","3":"status-publish","4":"format-standard","5":"has-post-thumbnail","7":"category-toreo","8":"tag-bullfighting","9":"tag-deportes","10":"tag-disfruta","11":"tag-entrenamiento","12":"tag-es","13":"tag-espana","14":"tag-invitado","15":"tag-marco","16":"tag-perez","17":"tag-ramos","18":"tag-rayados","19":"tag-sergio","20":"tag-spain","21":"tag-sports","22":"tag-toreo"},"share_on_mastodon":{"url":"","error":""},"_links":{"self":[{"href":"https:\/\/www.europesays.com\/es\/wp-json\/wp\/v2\/posts\/187852","targetHints":{"allow":["GET"]}}],"collection":[{"href":"https:\/\/www.europesays.com\/es\/wp-json\/wp\/v2\/posts"}],"about":[{"href":"https:\/\/www.europesays.com\/es\/wp-json\/wp\/v2\/types\/post"}],"author":[{"embeddable":true,"href":"https:\/\/www.europesays.com\/es\/wp-json\/wp\/v2\/users\/2"}],"replies":[{"embeddable":true,"href":"https:\/\/www.europesays.com\/es\/wp-json\/wp\/v2\/comments?post=187852"}],"version-history":[{"count":0,"href":"https:\/\/www.europesays.com\/es\/wp-json\/wp\/v2\/posts\/187852\/revisions"}],"wp:featuredmedia":[{"embeddable":true,"href":"https:\/\/www.europesays.com\/es\/wp-json\/wp\/v2\/media\/187853"}],"wp:attachment":[{"href":"https:\/\/www.europesays.com\/es\/wp-json\/wp\/v2\/media?parent=187852"}],"wp:term":[{"taxonomy":"category","embeddable":true,"href":"https:\/\/www.europesays.com\/es\/wp-json\/wp\/v2\/categories?post=187852"},{"taxonomy":"post_tag","embeddable":true,"href":"https:\/\/www.europesays.com\/es\/wp-json\/wp\/v2\/tags?post=187852"}],"curies":[{"name":"wp","href":"https:\/\/api.w.org\/{rel}","templated":true}]}}