{"id":187858,"date":"2025-10-19T20:11:07","date_gmt":"2025-10-19T20:11:07","guid":{"rendered":"https:\/\/www.europesays.com\/es\/187858\/"},"modified":"2025-10-19T20:11:07","modified_gmt":"2025-10-19T20:11:07","slug":"f1-carrera-del-gp-de-estados-unidos-en-directo-alonso-y-sainz-hoy-en-vivo","status":"publish","type":"post","link":"https:\/\/www.europesays.com\/es\/187858\/","title":{"rendered":"F1 Carrera del GP de Estados Unidos en directo: Alonso y Sainz hoy, en vivo"},"content":{"rendered":"<p>En el caso de <strong>Fernando Alonso,<\/strong> satisfecho por poder hacer otra buena clasificaci\u00f3n. Pero la realidad es que su s\u00e1bado se empa\u00f1\u00f3 con esa salida de la esprint. El de Aston Martin fue uno de los perjudicados en ese accidente m\u00faltiple. Cuando cog\u00eda el interior de la curva para ponerse segundo, seg\u00fan el propio piloto,<strong> Nico Hulkenberg le toc\u00f3 la rueda trasera derecha.<\/strong> Tuvo un pinchazo y ya no pudo seguir en carrera. Se mostr\u00f3 muy enfadado con la situaci\u00f3n, porque hab\u00eda conseguido una muy buena sexta plaza el pasado viernes con la que luchar por los puntos. Ahora, desde la d\u00e9cima posici\u00f3n, ser\u00e1 complicado, pero conf\u00eda en poder hacerlo bien <strong>y, sobre todo, evitar que le vuelvan a chocar.\u00a0<\/strong><\/p>\n","protected":false},"excerpt":{"rendered":"En el caso de Fernando Alonso, satisfecho por poder hacer otra buena clasificaci\u00f3n. Pero la realidad es que&hellip;\n","protected":false},"author":2,"featured_media":187859,"comment_status":"","ping_status":"","sticky":false,"template":"","format":"standard","meta":{"footnotes":""},"categories":[270],"tags":[168,25,24,306,271,272,23,167],"class_list":{"0":"post-187858","1":"post","2":"type-post","3":"status-publish","4":"format-standard","5":"has-post-thumbnail","7":"category-formula-1","8":"tag-deportes","9":"tag-es","10":"tag-espana","11":"tag-f1","12":"tag-formula-1","13":"tag-formula1","14":"tag-spain","15":"tag-sports"},"share_on_mastodon":{"url":"","error":""},"_links":{"self":[{"href":"https:\/\/www.europesays.com\/es\/wp-json\/wp\/v2\/posts\/187858","targetHints":{"allow":["GET"]}}],"collection":[{"href":"https:\/\/www.europesays.com\/es\/wp-json\/wp\/v2\/posts"}],"about":[{"href":"https:\/\/www.europesays.com\/es\/wp-json\/wp\/v2\/types\/post"}],"author":[{"embeddable":true,"href":"https:\/\/www.europesays.com\/es\/wp-json\/wp\/v2\/users\/2"}],"replies":[{"embeddable":true,"href":"https:\/\/www.europesays.com\/es\/wp-json\/wp\/v2\/comments?post=187858"}],"version-history":[{"count":0,"href":"https:\/\/www.europesays.com\/es\/wp-json\/wp\/v2\/posts\/187858\/revisions"}],"wp:featuredmedia":[{"embeddable":true,"href":"https:\/\/www.europesays.com\/es\/wp-json\/wp\/v2\/media\/187859"}],"wp:attachment":[{"href":"https:\/\/www.europesays.com\/es\/wp-json\/wp\/v2\/media?parent=187858"}],"wp:term":[{"taxonomy":"category","embeddable":true,"href":"https:\/\/www.europesays.com\/es\/wp-json\/wp\/v2\/categories?post=187858"},{"taxonomy":"post_tag","embeddable":true,"href":"https:\/\/www.europesays.com\/es\/wp-json\/wp\/v2\/tags?post=187858"}],"curies":[{"name":"wp","href":"https:\/\/api.w.org\/{rel}","templated":true}]}}