{"id":187868,"date":"2025-10-19T20:16:26","date_gmt":"2025-10-19T20:16:26","guid":{"rendered":"https:\/\/www.europesays.com\/es\/187868\/"},"modified":"2025-10-19T20:16:26","modified_gmt":"2025-10-19T20:16:26","slug":"macondo-y-si-montamos-una-libreria","status":"publish","type":"post","link":"https:\/\/www.europesays.com\/es\/187868\/","title":{"rendered":"Macondo, \u00bfy si montamos una librer\u00eda?"},"content":{"rendered":"<p><p>\u201c<strong>Librer\u00eda MACONDO. Especialistas en carisma y tapa dura<\/strong>\u201d. As\u00ed se presentan \u00c1lvaro y Jaime en la librer\u00eda, la suya, ubicada en la calle Feria n\u00famero 2 de un lugar tan emblem\u00e1tico y cultural, hist\u00f3rico y teatral, como lo es Almagro. Claro que, conoci\u00e9ndoles, deslumbra m\u00e1s el carisma que la tapa dura, porque ambos son como un libro abierto, y no precisamente de cubierta r\u00edgida o inflexible, sino al contrario. De esos ligeros, amenos, que puedes llevar a todas partes y que una vez abres no puedes dejar de leer; que te enganchan y ya no te sueltan; que, pasados los a\u00f1os, quieres coger de nuevo. Y es que reencontrarte con ellos es como regresar a ese lugar donde has sido feliz. Un Macondo donde es f\u00e1cil comprender que, a diferencia de lo que cant\u00f3 <strong>Sabina<\/strong> en su d\u00eda, s\u00ed debieras tratar de volver. Por su trato. Por su cercan\u00eda. Por la manera en la que estos dos chicos han perseverado con tal de sacar adelante este proyecto, que adem\u00e1s es \u00fanico, en un rinc\u00f3n que algunos llaman ciudad, otros pueblo y otros hogar.<\/p>\n<p>En Almagro todo es posible, todo puede pasar. Doy fe. Quiz\u00e1 por eso el destino de estos dos amigos parec\u00eda estar escrito desde hac\u00eda tiempo. Antes incluso de que vivi\u00e9ramos desorientados y confundidos bajo los efectos, consecuencias o coletazos \u2014como prefieran\u2014 de la pandemia que par\u00f3 el mundo oblig\u00e1ndonos tambi\u00e9n a parar a nosotros. Y es posible que, como combate, respuesta, e incluso resistencia, fuera tan necesaria la creaci\u00f3n de una librer\u00eda como MACONDO: para ser faro, refugio, y arrojar luz ah\u00ed donde s\u00f3lo hab\u00eda incomprensi\u00f3n, dudas y oscuridad. De ah\u00ed que, durante estos cinco a\u00f1os, \u00c1lvaro y Jaime hayan sabido adaptarse a los cambios, a los tiempos y, en consecuencia, hallar la forma (o f\u00f3rmula) de mantenerse en pie a pesar de las circunstancias del mundo que parece ponerse en contra en cuanto uno \u2014sea joven o adulto\u2014 decide emprender. Por eso hoy celebramos y brindamos, pero no s\u00f3lo por el quinquenio, sino tambi\u00e9n para homenajear a estas librer\u00edas cercanas, de a pie, de las de toda vida, que en uno de los momentos m\u00e1s cr\u00edticos de la humanidad fueron nuestro salvavidas.<\/p>\n<p style=\"text-align: center;\"><strong>*****<\/strong><\/p>\n<p><strong>\u2014Este a\u00f1o celebr\u00e1is un lustro. \u00bfC\u00f3mo resumir\u00edais estos cinco a\u00f1os? \u00bfQu\u00e9 han supuesto para vosotros?<\/strong><\/p>\n<p><strong>\u2014\u00c1lvaro:<\/strong> Bueno, yo lo resumir\u00eda como progreso y mejora. Al final, es un proyecto que ha crecido muy poco a poco, pero ha ido creciendo, y estamos muy contentos con \u00e9l y con c\u00f3mo ha salido todo.<\/p>\n<p><p>\u00abSi no fuera por la gente de Almagro, no estar\u00edamos aqu\u00ed hablando contigo\u00bb<\/p>\n<\/p>\n<p><strong>\u2014Jaime:<\/strong> S\u00ed, vamos, lo mismo. Sobre todo eso, que el crecimiento ha sido muy poco a poco. Al final es un sitio peque\u00f1o. Almagro recibe mucho turismo, pero en momentos muy concretos del a\u00f1o, de modo que nos tenemos que guiar un poco tambi\u00e9n por la propia gente de Almagro, que, debo decir, si no fuera por ella no hubi\u00e9ramos llegado a los cinco a\u00f1os, ni a uno directamente, porque adem\u00e1s abrimos en pandemia, en diciembre de 2020. As\u00ed que por esa parte, si no fuera por la gente de Almagro, no estar\u00edamos aqu\u00ed hablando contigo. Y bien. La verdad, con ganas, sobre todo poco a poco, pero seguir creciendo. Creo que ya la librer\u00eda tiene como un sitio dentro de la propia vida de Almagro (de la gente de Almagro) y, en ese sentido, intentar formar un poco m\u00e1s parte de ella a trav\u00e9s de actividades y eventos que salgan a cuenta tambi\u00e9n, porque al final\u2026 somos un negocio y tiene que ser a cuenta econ\u00f3mica, lamentablemente. Pero procuramos buscar como ese 50-50 para lograr todo y que nosotros podamos avanzar. Y que la gente y los autores est\u00e9n contentos.<\/p>\n<p><strong>\u2014\u00bfY c\u00f3mo surgi\u00f3 la idea de montar una librer\u00eda en plena pandemia o, mejor dicho, pospandemia?<\/strong><\/p>\n<p><strong>\u2014\u00c1lvaro<\/strong>: Pues visto ya desde hace cinco a\u00f1os\u2026 A ver, surgi\u00f3 como necesidad. Fue un momento en el que Jaime estaba viviendo en Granada a principios de 2020, yo estaba viviendo en Madrid, ocurri\u00f3 la pandemia y ambos nos quedamos sin trabajo. Tampoco hab\u00eda muchas expectativas de conseguir uno a corto plazo por c\u00f3mo estaba la situaci\u00f3n, aunque siempre hab\u00edamos hablado, a\u00f1os atr\u00e1s, de lo bonito que ser\u00eda tener una librer\u00eda; de que en Almagro nunca ha habido una librer\u00eda, a pesar de ser un pueblo cultural, y yo creo que por esa necesidad se dieron todas esas circunstancias y surgi\u00f3. Un poco de forma espont\u00e1nea, dir\u00eda yo. Espont\u00e1nea por la situaci\u00f3n que nos cay\u00f3 de repente, que fue una pandemia. De un d\u00eda para otro nos quedamos encerrados y no sab\u00edamos qu\u00e9 iba a ser de nuestra vida. Entonces, ya digo, a ra\u00edz de esa espontaneidad, \u00bfno? Debido a esa causa y al poco futuro que ve\u00edamos a corto plazo en nuestros respectivos campos profesionales.<\/p>\n<p><strong>\u2014Jaime: <\/strong>S\u00ed, tambi\u00e9n es verdad que a\u00f1os atr\u00e1s, influenciados por la serie <strong>C\u00f3mo conoc\u00ed a vuestra madre<\/strong>, ya dec\u00edamos: \u201c\u00bfY si montamos un bar?\u201d. Un bar pero que adem\u00e1s tuviese un toque de Almagro para poder realizar cosas musicales, actividades teatrales, justamente en el bar. Creo que lo llam\u00e1bamos\u2026 \u00bfEl bar de las comedias?<strong>\u00a0<\/strong><\/p>\n<p><strong>\u2014\u00c1lvaro<\/strong>: \u00a1Ah! \u00a1Creo que s\u00ed, es verdad! (risas). Algo as\u00ed, s\u00ed.<\/p>\n<p><strong>\u2014Jaime<\/strong>: Yo todav\u00eda lo tengo apuntado, por si acaso (risas).<\/p>\n<p><strong>\u2014\u00c1lvaro: <\/strong>Lo vamos a tener que registrar, porque a quien lea esta entrevista le va a gustar.<\/p>\n<p><strong>\u2014Jaime: <\/strong>S\u00ed, s\u00ed. Y a partir de ah\u00ed, realmente la t\u00edpica tonter\u00eda que vas repitiendo pero que sabes que al final cada uno, pues\u2026 \u00c9l que hizo Econom\u00eda, yo que hice Historia del Arte, parecen dos carreras que a priori no se podr\u00edan juntar tan f\u00e1cilmente. Bueno, a lo mejor en un bar s\u00ed.<\/p>\n<p><strong>\u2014Para montar cualquier negocio, \u00bfno? Al fin y al cabo ten\u00e9is la creatividad y la mente matem\u00e1tica; lo racional y lo sentimental\u2026<\/strong><\/p>\n<p><strong>\u2014Jaime<\/strong>: (risas) \u00a1Tambi\u00e9n! As\u00ed que, claro, cuando ya pudimos salir de casa, caminar, aunque hab\u00eda m\u00e1s gente, m\u00e1s amigos nuestros aqu\u00ed en Almagro, realmente los primeros que salimos ah\u00ed a dar esa t\u00edpica vuelta dentro de unas horas concretas\u2026<\/p>\n<p><strong>\u2014\u00c1lvaro:<\/strong> S\u00ed, cuando nos permit\u00edan salir de 7 a 8 a lo mejor.<\/p>\n<p><strong>\u2014Jaime<\/strong>: Sal\u00edamos a andar y, claro, no ten\u00edamos otra cosa que hacer. No pod\u00edamos ir a tomar algo ni nada, y de esto que al final pasas una hora hablando con alguien\u2026 pues suelen surgir cosas del pasado. De ah\u00ed que dij\u00e9ramos: \u201cAnda, qu\u00e9 bien estar\u00eda una librer\u00eda\u201d. Justamente lo que ha dicho \u00c1lvaro. Nunca ha habido alguna. Bueno, ha habido, pero no ha funcionado muy bien, y Almagro cre\u00edamos que necesitaba una librer\u00eda. Sobre todo por la fama de pueblo cultural que tiene. Y desde entonces, poco a poco. Tambi\u00e9n coincidi\u00f3 que vimos el lugar en el que nos encontramos ahora y tuvimos la suerte de que estaba en alquiler.<\/p>\n<p><strong>\u2014\u00c1lvaro:<\/strong> Reci\u00e9n reformado adem\u00e1s.<\/p>\n<p><strong>\u2014Jaime<\/strong>: Y reci\u00e9n reformado. As\u00ed que organizamos con quienes fueron nuestros caseros \u2014y son nuestros caseros a d\u00eda de hoy\u2014 una quedada, pero cuando dijimos que lo que quer\u00edamos era montar una librer\u00eda, nos miraron un poco mal.<\/p>\n<p><strong>\u2014\u00c1lvaro<\/strong>: S\u00ed, la verdad es que no confiaban mucho, y adem\u00e1s es que hace poco nos confesaron que el d\u00eda que les dijimos que \u00edbamos a montar una librer\u00eda nos daban dos meses o tres, como mucho.<\/p>\n<p><strong>\u2014Y mirad, \u00a1cinco a\u00f1os!<\/strong><strong>\u00a0<\/strong><\/p>\n<p><strong>\u2014\u00c1lvaro:<\/strong> S\u00ed, s\u00ed.<\/p>\n<p><strong>\u2014Jaime<\/strong>: Luego ese verano de 2020 lo pasamos muy poco a poco. Aunque es verdad que en una de esas noches, junto a otra amiga, no s\u00e9 muy bien c\u00f3mo (no me acuerdo), surgi\u00f3 el tema del nombre. Y fue ella, nuestra amiga, la que dijo: \u201c\u00a1Anda!, pues lo pod\u00e9is llamar Macondo\u201d. Porque ella tambi\u00e9n viv\u00eda en Granada y hay una cafeter\u00eda que se llama Macondo. Y bueno, entre eso y <strong>Cien a\u00f1os de soledad<\/strong>, que encima es un libro que nos gust\u00f3 a todos, dijimos \u201c\u00a1qu\u00e9 bien!\u201d. Y \u00a1qu\u00e9 bien suena!: <strong>Librer\u00eda Macondo<\/strong>.<\/p>\n<p><strong>\u2014Tiene enganche.<\/strong><\/p>\n<p><strong>\u2014\u00c1lvaro<\/strong>: S\u00ed, sobre todo eso, que tiene mucho tir\u00f3n, mucho enganche. Es f\u00e1cil de memorizar, un nombre f\u00e1cil de recordar. Es verdad que ya hay varias librer\u00edas, e incluso varias cafeter\u00edas, que se llaman as\u00ed, pero bueno, al final por aqu\u00ed, por la zona, no hab\u00eda ninguna que se llamara as\u00ed. Entonces, ten\u00eda eso: buen nombre, enganche, sonaba bien y nos pareci\u00f3 perfecto.<\/p>\n<p><strong>\u2014Y adem\u00e1s est\u00e1is muy bien situados. Esto para los lectores, y para quien se acerque a Almagro, comprobar\u00e1 que est\u00e1is a pocos metros de la plaza, de los teatros, de la iglesia\u2026<\/strong><\/p>\n<p><strong>\u2014Jaime<\/strong>: La iglesia de San Agust\u00edn, s\u00ed. Muy bonita, por cierto.<\/p>\n<p><strong>\u2014De la iglesia de San Agust\u00edn, gracias. Quiero decir que es una calle muy transitada.<\/strong><\/p>\n<p><strong>\u2014Jaime<\/strong>: S\u00ed, es la clave, es lo que iba a decir \u00c1lvaro. Es la clave porque al final, lo he dicho al principio: por un lado el pueblo de Almagro nos apoy\u00f3 por un poco factor novedad y, por otro, porque coincidi\u00f3 con la \u00e9poca de Navidad, que fue cuando abrimos, y en ese sentido nos apoyaron mucho. Pero creo que igualmente seguimos adelante gracias a la ubicaci\u00f3n en la que nos encontramos. Llegamos a estar en otra calle, pero tambi\u00e9n cerca de la plaza, y a lo mejor no nos hubiera ido tan bien. En cambio aqu\u00ed el espacio ayuda mucho, es muy acogedor. Y una cosa que hemos tenido muy en cuenta es que no hemos llenado todas las paredes de librer\u00edas. Entonces, eso tambi\u00e9n hace que no sea tan\u2026<\/p>\n<p><strong>\u2014Que respire un poco, \u00bfno?<\/strong><\/p>\n<p><strong>\u2014Jaime<\/strong>: \u00a1Claro! Que no est\u00e9 tan saturado. As\u00ed que el espacio, tanto geogr\u00e1fico como el propio espacio interior, han ayudado mucho a que por lo menos la gente se acerque. Y nos d\u00e9 muchos \u00e1nimos, aunque luego no compren nada (risas).<\/p>\n<p><p>\u00abHubo un momento en que nos plante\u00e1bamos que ten\u00eda que ser este local o no se pod\u00eda montar la librer\u00eda\u00bb<\/p>\n<\/p>\n<p><strong>\u2014\u00c1lvaro<\/strong>: Tambi\u00e9n, con respecto a la localizaci\u00f3n, hubo un momento en que nos plante\u00e1bamos que ten\u00eda que ser este local o no se pod\u00eda montar la librer\u00eda, precisamente por eso, por el factor de que es la calle principal y que en una calle paralela, a un lado o a otro, seguramente no habr\u00eda funcionado. Entonces, por eso dec\u00eda que se dieron todas las circunstancias. Se dio el momento en el que, como he dicho, est\u00e1bamos en pandemia, que no ten\u00edamos trabajo y que este local estaba disponible, que fue lo m\u00e1s importante de todo. De hecho hay una an\u00e9cdota, porque pas\u00e1bamos por aqu\u00ed de vez en cuando, por la calle, y pon\u00eda \u201cse alquila\u201d. Y durante una semana quitaron el cartel. Luego nos cont\u00f3 la propietaria que, durante esa semana, quit\u00f3 el cartel porque una chica se hab\u00eda interesado para alquilarlo y montar un negocio, por eso lo quit\u00f3. Y cuando lo vimos, dijimos: \u201cBueno, pues ya est\u00e1. No abrimos la librer\u00eda. No la ponemos. No pasa nada. Buscamos otra cosa por ah\u00ed\u201d. Y a la semana siguiente volvi\u00f3 a poner el cartel de \u201cse alquila\u201d porque esta chica que iba a alquilar el local se arrepinti\u00f3. Entonces ah\u00ed ya aprovechamos. Digamos que ese problema nos sirvi\u00f3 como aviso para decir: \u201cBueno, el destino nos ha dado una segunda oportunidad\u201d.<\/p>\n<p><strong>\u2014\u00bfY c\u00f3mo os disteis a conocer al principio? \u00bfFue gracias al pueblo, o por redes sociales? \u00bfCu\u00e1l fue el proceso?<\/strong><strong>\u00a0<\/strong><\/p>\n<p><strong>\u2014Jaime: <\/strong>Por redes sociales, s\u00ed.<\/p>\n<p><strong>\u2014\u00c1lvaro<\/strong>: S\u00ed, pero fue m\u00e1s el boca a boca del pueblo.<\/p>\n<p><strong>\u2014Jaime<\/strong>: Como t\u00fa has dicho, es una calle muy transitada, y cuando de repente pusimos el t\u00edpico papel \u201cobras en el interior\u201d, ya la gente empez\u00f3 a decir: \u201cUy, \u00bfqu\u00e9 se va a abrir?\u201d. Luego ya \u00a0pusimos un cartel que dec\u00eda: \u201cPr\u00f3xima apertura: Librer\u00eda Macondo\u201d. Tambi\u00e9n es verdad que hicimos lo t\u00edpico de repartir flyers.<\/p>\n<p><strong>\u2014\u00c1lvaro<\/strong>: S\u00ed, bueno, pero tampoco nos lo curramos much\u00edsimo (risas).<\/p>\n<p><strong>\u2014Jaime: <\/strong>No, la verdad es que no (risas). Nos lo intentamos currar, pero luego nada.<\/p>\n<p><strong>\u2014\u00c1lvaro: <\/strong>Las calles que van de nuestra casa, que adem\u00e1s vivimos cerca, hasta Macondo, son dos o tres calles como mucho, ah\u00ed pusimos carteles y dijimos: \u201cVenga, ya es suficiente\u201d.<\/p>\n<p><strong>\u2014\u00bfY alg\u00fan gremio o entidad os ayud\u00f3 u os arrop\u00f3 de alg\u00fan modo?<\/strong><\/p>\n<p><strong>\u2014\u00c1lvaro<\/strong>: El Ateneo. El Ateneo de Almagro la verdad es que siempre nos ha apoyado. Desde el primer d\u00eda que abrimos. El que entonces era su presidente vino a hablar con nosotros y nos dijo que cont\u00e1ramos con ellos para lo que fuera (nosotros con ellos igual). Y la verdad es que ha sido la entidad que m\u00e1s nos ha apoyado y ha contado con nosotros para cualquier evento que han hecho. Y no s\u00e9 si alguna m\u00e1s as\u00ed destacable\u2026<\/p>\n<p><strong>\u2014Jaime: <\/strong>La Diputaci\u00f3n de Ciudad Real tambi\u00e9n. Con la Diputaci\u00f3n organizamos hace dos o tres a\u00f1os, durante el periodo que consist\u00eda en dar publicidad a la <strong>Feria del Vino<\/strong>, a <strong>FENAVIN<\/strong>, hicimos lecturas con vino. En varias librer\u00edas, sobre todo de la provincia de Ciudad Real, se organizaron presentaciones en las que se juntaban la propia presentaci\u00f3n del libro y una copita de vino.<\/p>\n<p><strong>\u2014Macondo hoy en d\u00eda, y teniendo en cuenta estos tiempos, \u00bfconsider\u00e1is que es un refugio, una necesidad, ambas cosas?<\/strong><\/p>\n<p><p>\u00abHay incluso gente que ya nos conoci\u00f3, pongamos, en el a\u00f1o 2022 y tienen como ruta fija pasar por Almagro simplemente para saludarnos\u00bb<\/p>\n<\/p>\n<p><strong>\u2014\u00c1lvaro<\/strong>: S\u00ed. Bueno, las dos palabras son buenas para definirlo. Un refugio un poco para la vida cultural de Almagro donde, como dec\u00edamos antes, siempre ha faltado un espacio como este. Es verdad que hay espacios parecidos, como tambi\u00e9n mencionaba antes, que es el Ateneo, que al final es un espacio donde se re\u00fane gente que le gusta la cultura, la lectura, el teatro\u2026 En general el mundo de la cultura y del saber. Pero es verdad que es un sitio que abre, digamos, solamente para conferencias o para casos concretos. Sin embargo aqu\u00ed, Macondo, es verdad que es un buen refugio para ese tipo de gente que ama la cultura, porque al final estamos abiertos todo el d\u00eda, pr\u00e1cticamente todo el d\u00eda. Entonces, s\u00ed, es un buen lugar de refugio y tambi\u00e9n de reuni\u00f3n para la gente que nos gusta juntarnos y hablar de libros o de otras materias. En general, de cultura.<\/p>\n<p><strong>\u2014Jaime<\/strong>: S\u00ed, sobre todo para leer, para hablar de libros y dem\u00e1s. Y eso tambi\u00e9n nos ha ayudado a conocer gente que, si no fuera por esto, jam\u00e1s hubi\u00e9ramos conocido. Hay incluso gente que ya nos conoci\u00f3, pongamos, en el a\u00f1o 2022 y tienen como ruta fija pasar por Almagro simplemente para saludarnos. Lo cual, dentro de un pueblo en el que su patrimonio es muy grande, que vengan a por nosotros, pues\u2026 a veces pienso: \u201cTampoco creo que hagamos tanto para que la gente nos quiera\u201d. Pero, oye, qu\u00e9 bien que la gente nos quiera.<\/p>\n<p><a href=\"https:\/\/www.europesays.com\/es\/wp-content\/uploads\/2025\/10\/macondo-interior1.png\"><img fetchpriority=\"high\" decoding=\"async\" class=\"aligncenter size-full wp-image-288632\" src=\"data:image\/svg+xml,%3Csvg%20xmlns=\" http:=\"\" alt=\"\" width=\"844\" height=\"1501\" data-lazy- data-lazy- data-lazy-src=\"https:\/\/www.europesays.com\/es\/wp-content\/uploads\/2025\/10\/macondo-interior1.png\"\/><\/a><\/p>\n<p><strong>\u2014Doy fe de ello. El trato es maravilloso, tanto con la clientela habitual como con la gente o turistas que vienen de fuera. De hecho, en este sentido entiendo que, por ejemplo, cuando se celebra el Festival de Teatro Cl\u00e1sico de Almagro las ventas son mayores.<\/strong><\/p>\n<p><strong>\u2014Jaime: <\/strong>S\u00ed. Econ\u00f3micamente tanto en julio como en navidades son los dos momentos m\u00e1s fuertes. Lo que s\u00ed se da, por ejemplo, a diferencia de navidades, es que en julio, al venir gente interesada por el teatro, viene con otro tipo de gusto literario. Por lo tanto, aunque sigamos teniendo, vamos a poner, un premio Planeta, que es lo m\u00e1s best seller que pueda haber en Espa\u00f1a, es verdad que en julio se da otro tipo de ventas, de editores mucho m\u00e1s independientes, como los propios de <strong>Libros del Asteroide<\/strong> o <strong>Impedimenta<\/strong>. Y son lectores que, adem\u00e1s, cuando ya charlas con ellos, tambi\u00e9n te dan un feedback de otros libros que a ellos les han gustado. Por ejemplo nos dicen: \u201cAh, pues si no ten\u00e9is este o no lo conoc\u00e9is, leedlo, que de verdad es buen\u00edsimo\u201d. Y se dan ese tipo de cosas que, sinceramente, ayudan much\u00edsimo a que Macondo siga creciendo, porque nosotros podemos seguir leyendo, pero hay tanta sobreproducci\u00f3n de libros que muchos se quedan apartados. Entonces, que venga gente a ense\u00f1\u00e1rnoslos nos ayuda a ver y a conocer otro tipo de libros que luego acabamos leyendo y decimos: \u201cPues s\u00ed que es bueno\u201d.<\/p>\n<p><strong>\u2014\u00bfY cu\u00e1l dir\u00edas, o dir\u00edais, que son los libros que m\u00e1s interesa a quienes van espec\u00edficamente al teatro? O que, con la excusa de ir al teatro, luego se acercan a la librer\u00eda precisamente por lo que acabas de comentar t\u00fa, Jaime.<\/strong><\/p>\n<p><strong>\u2014\u00c1lvaro: <\/strong>Es verdad que var\u00eda, seg\u00fan un a\u00f1o u otro. Suele pasar eso, lo que ha dicho Jaime, que suelen ser editoriales m\u00e1s independientes, o si no independientes, m\u00e1s desconocidas, como (los citados por Jaime) Libros del Asteroide e Impedimenta.<\/p>\n<p><p>\u00abAl final los libros grandes son los que dan dinero. Porque no podemos no tener el premio Planeta\u00bb<\/p>\n<\/p>\n<p><strong>\u2014Jaime: Acantilado<\/strong>. Por ejemplo, en julio <strong>Stefan Zweig<\/strong> con <strong>Momentos estelares de la humanidad<\/strong> se vende bastante bien. No hace falta ni recomendarlo. De Libros del Asteroide, <strong>Hamnet [Maggie O\u2019Farrell]<\/strong> te dir\u00eda que es el que m\u00e1s se vende. De Impedimenta, <strong>Tatiana T\u00eebuleac <\/strong>con <strong>El verano en que mi madre tuvo los ojos verdes<\/strong>, que es muy buen libro tambi\u00e9n. Y son ese tipo de libros que se quedan como en un rinconcito en muchas librer\u00edas, porque es normal, porque al final los libros grandes son los que dan dinero. Porque no podemos no tener el premio Planeta. En Navidades normalmente es el que m\u00e1s se vende. Entre ese y el nuevo de <strong>P\u00e9rez-Reverte<\/strong>\u00a0son los que m\u00e1s se regalan.<\/p>\n<p><strong>\u2014\u00bfY los autores que m\u00e1s reclaman los lectores, que m\u00e1s os reclaman o que m\u00e1s vend\u00e9is, independientemente de los best sellers y los premios Planeta?<\/strong><\/p>\n<p><strong>\u2014\u00c1lvaro<\/strong>: Pues igual, depende un poco de cada a\u00f1o, de cada \u00e9poca. Bueno, la verdad es que tambi\u00e9n hay autores que se mantienen en el tiempo. Por ejemplo,<strong> Juan G\u00f3mez-Jurado<\/strong> es un autor que cuando abrimos acababa de publicar <strong>Rey Blanco<\/strong> y fue un superventas (lo fue tambi\u00e9n aqu\u00ed en la librer\u00eda). Y como ha ido publicando a lo largo de estos a\u00f1os, siempre ha vendido much\u00edsimo. P\u00e9rez-Reverte igual. Como saca un libro por a\u00f1o, pues siempre suele estar entre los m\u00e1s vendidos. Lo suele sacar en septiembre-octubre\u2026 Entonces, desde septiembre hasta enero, que acaban las navidades, se vende much\u00edsimo. Es un autor que se vende mucho.<\/p>\n<p><strong>\u2014Jaime: <\/strong>Tambi\u00e9n, por ejemplo, <strong>Paloma S\u00e1nchez-Garnica<\/strong>, que qued\u00f3 finalista del premio Planeta [con <strong>\u00daltimos d\u00edas en Berl\u00edn<\/strong>] y luego lo gan\u00f3 [con <strong>Victoria<\/strong>]. Suele venderse bastante.<\/p>\n<p><strong>\u2014\u00c1lvaro<\/strong>: <strong>Javier Castillo<\/strong> igual, estoy viendo por aqu\u00ed.<\/p>\n<p><strong>\u2014Jaime<\/strong>: <strong>Eloy Moreno<\/strong> tambi\u00e9n, y adem\u00e1s en los institutos de aqu\u00ed \u2014que en Almagro tenemos dos\u2014 lo suelen recomendar mucho, sobre todo el libro de <strong>Invisible<\/strong>, y eso tambi\u00e9n hace que la gente conozca a Eloy Moreno. De hecho, creo que lleg\u00f3 a estar aqu\u00ed en Almagro, en uno de los institutos, dando una charla. Si nos alejamos un poco de los best sellers, por ejemplo, aunque solamente tiene una novela, <strong>Alana S. Portero<\/strong> con <strong>La mala costumbre<\/strong> se ha vendido muy bien, lo cual es normal, porque es muy bueno. Es muy buen libro. La autora propia de Hamnet, Maggie O\u2019Farrell, todo libro que saca se vende relativamente f\u00e1cil.<\/p>\n<p><strong>\u2014\u00c1lvaro<\/strong>: <strong>Alejandro Zambra<\/strong> tambi\u00e9n. Y adem\u00e1s despu\u00e9s de escribir <strong>Poeta chileno<\/strong>, ya el siguiente libro que escribi\u00f3, no s\u00e9 si ha escrito incluso otro m\u00e1s\u2026<\/p>\n<p><strong>\u2014Jaime<\/strong>: No. Solamente ha escrito literatura infantil.<\/p>\n<p><strong>\u2014\u00c1lvaro<\/strong>: Bueno, pues a partir de Poeta chileno dio m\u00e1s el pelotazo, m\u00e1s todav\u00eda, porque ya era un escritor conocido. Y efectivamente hizo que el siguiente, el de literatura infantil, se vendiera tambi\u00e9n much\u00edsimo.<\/p>\n<p><strong>\u2014De todos los autores que hab\u00e9is recibido, \u00bfhay alguno cuya visita os haya entusiasmado especialmente?<\/strong><\/p>\n<p><strong>\u2014Jaime<\/strong>: Varios. Pero creo que ser\u00eda, en mi caso por lo menos, <strong>Sara Barquinero<\/strong>.<\/p>\n<p><strong>\u2014\u00c1lvaro<\/strong>: Sara la verdad es que estuvo muy bien.<\/p>\n<p><strong>\u2014Jaime<\/strong>: Porque adem\u00e1s, cuando vino a la librer\u00eda era en un momento que estaba muy\u2026 muy a la vista, porque hab\u00eda publicado recientemente su novela <strong>Los escorpiones<\/strong> con <strong>Lumen<\/strong>. Y la verdad es que estaba teniendo, no s\u00e9 si se puede decir \u00e9xito, que creo que tambi\u00e9n, pero estaba teniendo mucha notoriedad. Yo me lo he le\u00eddo justamente este verano y entiendo esa notoriedad.<\/p>\n<p><p>\u00abLa visita de Sara Barquinero nos hizo bastante ilusi\u00f3n, porque en ese momento estaba en la cresta de la ola por la publicaci\u00f3n del libro\u00bb<\/p>\n<\/p>\n<p><strong>\u2014\u00c1lvaro<\/strong>: S\u00ed, la verdad es que la visita de Sara nos hizo bastante ilusi\u00f3n, porque digamos que en ese momento, como dice Jaime, estaba como en la cresta de la ola por la publicaci\u00f3n del libro, y justo pill\u00f3 que tuvi\u00e9ramos la oportunidad de que viniera. En mi caso hay un autor, que es de aqu\u00ed de la zona, <strong>Pedro Mart\u00edn-Romo<\/strong> (escribe tambi\u00e9n novelas negras), que adem\u00e1s va a sacar la \u00faltima parte de su trilog\u00eda en este oto\u00f1o, y seguramente es el autor que haya venido m\u00e1s veces aqu\u00ed. Y me hace mucha ilusi\u00f3n que venga siempre porque nos lo pasamos muy bien con \u00e9l. De hecho, por el mero hecho de que haya venido tantas veces, ya hay bastante confianza. Y lo podemos considerar amigo, por supuesto.<\/p>\n<p><strong>\u2014Con la irrupci\u00f3n de la IA, \u00bfcre\u00e9is que las librer\u00edas se pueden ver mermadas? \u00bfQue corr\u00e9is peligro, o todav\u00eda no? Personalmente, considero que queda mucho para eso, que lleguen a suplantarlas me parece dif\u00edcil.<\/strong> <strong>Pero \u00bfc\u00f3mo lo est\u00e1is manejando, <\/strong><strong>tanto la inteligencia artificial como el avance tecnol\u00f3gico?<\/strong><\/p>\n<p><strong>\u2014Jaime: <\/strong>Es que mucha gente nos pregunta: \u201c\u00bfTen\u00e9is este libro?\u201d Libro con t\u00edtulo X. Da igual el t\u00edtulo. Y claro, yo lo busco entre nuestras distribuidoras. No lo encuentro. Digo: \u201cVale, voy a buscarlo en Google y a partir de ah\u00ed a ver qu\u00e9 encuentro\u201d. Normalmente, el primer enlace siempre es <strong>Amazon<\/strong>. Amazon tiene su propia parte de autopublicaci\u00f3n\u2026 \u00bfY qu\u00e9 pasa? Que, a d\u00eda de hoy, creo que un 80% de todo lo que se publica en Amazon est\u00e1 hecho con inteligencia artificial. Incluso las im\u00e1genes de los \u201cautores\u201d, son gente creada con inteligencia artificial. Y lo peor es que luego son libros que reciben muy buenas notas (imagino, a trav\u00e9s de bots). Entonces claro, la gente llega a esos libros y dice: \u201c\u00bfC\u00f3mo no me voy a leer un libro que tiene 4 estrellas y media sobre 5?\u201d. Bueno, pues en ese sentido he empezado yo con una especie de lucha personal en la que, cuando una persona me habla de un libro, investigo un poco ah\u00ed, medio r\u00e1pido, y ya pongo un poco en sobre aviso a esa gente dici\u00e9ndoles: \u201cOye, ya que te vas a gastar tu dinero, g\u00e1statelo en un libro que lo haya hecho un ser humano\u201d. Yo creo que mientras exista ese aspecto rom\u00e1ntico que tiene el libro f\u00edsico, las librer\u00edas van a seguir aguantando. Aunque la gente siga comprando por Amazon, o bueno, <strong>Casa del Libro <\/strong>tiene tiendas f\u00edsicas, sin embargo mucha gente tambi\u00e9n compra a trav\u00e9s de la web, pero bueno, vamos a poner Amazon porque creo que es m\u00e1s general en todo este tema de ventas online, y aun as\u00ed mientras existan libros f\u00edsicos, la gente va a seguir optando por las propias librer\u00edas. Tambi\u00e9n por el trato humano que yo creo que es una cosa bastante importante.<\/p>\n<p><strong>\u2014\u00c1lvaro<\/strong>: Aparte, que la calidad literaria que pueda tener eso es bastante baja. Y digamos que al p\u00fablico, o a la mayor\u00eda del p\u00fablico consumidor de libros, le va a llamar m\u00e1s la atenci\u00f3n siempre que saque un libro Alana S\u00e1nchez Portero o P\u00e9rez-Reverte a que te pongan uno de Amazon, que adem\u00e1s, est\u00e1 feo decirlo, pero es verdad que hay muchos autores (digamos noveles) que no tienen la misma calidad, que siempre han vendido por Amazon y, efectivamente, al final siempre se han vendido m\u00e1s los autores conocidos. Con la inteligencia artificial puede pasar y creo que va a pasar lo mismo: que al final, por mucho que se produzca, no se va a vender tanto.<\/p>\n<p><strong>\u2014Por ahora no ten\u00e9is gran competencia, pero si llegara de repente otra librer\u00eda, \u00bfc\u00f3mo os lo tomar\u00edais?<\/strong><strong>\u00a0<\/strong><\/p>\n<p><p>\u00abNos dice mucha gente que le sorprende mucho que en un escaparate de una librer\u00eda est\u00e9n los tres tomos de El capital de Karl Marx y Engels\u00bb<\/p>\n<\/p>\n<p><strong>\u2014\u00c1lvaro: <\/strong>Bueno\u2026 Lo asumir\u00edamos. Ahora mismo creo que es dif\u00edcil. Toco madera, pero creo que es dif\u00edcil que haya otra librer\u00eda, sobre todo porque nosotros ya estamos consolidados, estamos establecidos en el pueblo. Digamos que somos la librer\u00eda de m\u00e1s referencia. A ver, somos la \u00fanica tambi\u00e9n, pero digamos que ya es la librer\u00eda de referencia incluso con respecto a librer\u00edas de otros pueblos, otras ciudades, porque es verdad que tenemos clientes que ven alg\u00fan libro, que van a otra librer\u00eda y les llama la atenci\u00f3n el libro, pero dicen: \u201cNo, venga, me espero y se lo compro a los de Macondo porque ya son mi librer\u00eda de confianza\u201d. Entonces creo que es dif\u00edcil que haya otra librer\u00eda por eso, porque estamos asentados y no tendr\u00eda sentido. Si yo tuviera que montar una librer\u00eda ahora mismo en Almagro, no le ver\u00eda mucho sentido hacerle la competencia a una librer\u00eda que ya es la librer\u00eda de referencia en el pueblo.<\/p>\n<p><strong>\u2014Jaime: <\/strong>A ver, si tuvi\u00e9ramos mala imagen (que creo que no), lo entender\u00eda. Pero creo que tenemos buena imagen dentro del pueblo, por lo que el propio pueblo nos suele decir, as\u00ed que en principio creo que no. Sin embargo, a ver, siempre hay sue\u00f1os y hay gente que con el tema de ser librero (que lo entendemos), suele decir eso de: \u201cSiempre he deseado tener una librer\u00eda propia\u201d. Entonces, bueno, puede llegar a pasar. En nuestro caso, no s\u00e9 c\u00f3mo ser\u00eda esa hipot\u00e9tica nueva librer\u00eda, incluso meti\u00e9ndome con c\u00f3mo son librer\u00edas de la zona, de la provincia de Ciudad Real o incluso de la propia capital de Ciudad Real, s\u00ed es verdad que nosotros creo que tenemos \u2014no s\u00e9 si es una cosa a favor\u2014 pero s\u00ed que intentamos tener una personalidad. No queremos ser, o por lo menos no pretendemos ser, una librer\u00eda en la que aqu\u00ed vayas a tener los libros y ya est\u00e1, o \u201csi no los tenemos te los pedimos\u201d y ya est\u00e1, sino que la propia librer\u00eda tiene una personalidad. Y creo que es una cosa que a lo largo de los a\u00f1os hemos ido tambi\u00e9n afianzando. No solamente a trav\u00e9s de los libros que colocamos en la propia mesa, sino tambi\u00e9n en el escaparate. En ese sentido creo que el escaparate se ha convertido en un sitio como\u2026 en una especie incluso de activismo pasivo para crear, vamos a decir, un poco de debate entre la gente. Porque una cosa que tambi\u00e9n nos dice mucha gente cuando pasa por aqu\u00ed, sobre todo turistas y forasteros, es que les sorprende mucho que en un escaparate de una librer\u00eda est\u00e9n los tres tomos de <strong>El capital<\/strong> de <strong>Karl Marx<\/strong> y <strong>Engels<\/strong>.<\/p>\n<p><strong>\u2014\u00c1lvaro: <\/strong>En ese sentido tambi\u00e9n es verdad que hemos tenido libros en catal\u00e1n, que aqu\u00ed en Almagro en principio no te esperas que haya un libro en catal\u00e1n.<\/p>\n<p><strong>\u2014Jaime<\/strong>: Claro, y tenemos en gallego, en euskera\u2026 Evidentemente en ingl\u00e9s, franc\u00e9s y dem\u00e1s. Pero luego tambi\u00e9n, por ejemplo, otro tipo de libros. En el caso actual del genocidio en Gaza, desde que empez\u00f3 todo, hemos puesto ah\u00ed libros para que la gente se interese, porque es verdad que es un conflicto que no ocurri\u00f3 hace dos a\u00f1os, sino que lleva desde pr\u00e1cticamente un siglo ocurriendo, y es verdad que \u201cgracias\u201d a lo que est\u00e1 lamentablemente sucediendo, est\u00e1 habiendo una \u201csobreproducci\u00f3n\u201d acerca de este tema. Y considero que la gente los est\u00e1 comprando porque est\u00e1 bastante interesada. \u00daltimamente tambi\u00e9n sobre el tema de la inmigraci\u00f3n, que siempre es un debate en Espa\u00f1a. Han sacado un c\u00f3mic que se llama, creo recordar, <strong>\u00bfA qui\u00e9n benefician las migraciones? <\/strong>[<strong>Tania Tervonen, Jeff Pourqui\u00e9<\/strong>], que es como una novela gr\u00e1fica e invita a que por lo menos la gente tenga ese peque\u00f1o momento de duda y se pregunte: \u201cAnda, pues es verdad, \u00bfa qui\u00e9n favorece?\u201d. Que a lo mejor luego te lees el c\u00f3mic y dices: \u201cPues no, yo sigo a favor de lo que estoy pensando\u201d. Pero al menos intentar, a trav\u00e9s del escaparate, formar esa duda en la gente sin ser nosotros doctos en la materia.<\/p>\n<p><strong>\u2014\u00c1lvaro<\/strong>: O dar visibilidad, simplemente con eso, ya nos sirve para lo que pretendemos. Luego ya que la gente lo acepte m\u00e1s o lo acepte menos, pero por lo menos dar esa visibilidad que nosotros creemos que s\u00ed que merecen ciertos asuntos, claro.<\/p>\n<p><a href=\"https:\/\/www.europesays.com\/es\/wp-content\/uploads\/2025\/10\/macondo-interior2.png\"><img loading=\"lazy\" decoding=\"async\" class=\"aligncenter size-full wp-image-288634\" src=\"data:image\/svg+xml,%3Csvg%20xmlns=\" http:=\"\" alt=\"\" width=\"845\" height=\"1495\" data-lazy- data-lazy- data-lazy-src=\"https:\/\/www.europesays.com\/es\/wp-content\/uploads\/2025\/10\/macondo-interior2.png\"\/><\/a><\/p>\n<p><strong>\u2014\u00bfCu\u00e1l dir\u00edais que es vuestra identidad y lo que verdaderamente os diferencia de otras librer\u00edas (aparte de lo ya comentado)?<\/strong><\/p>\n<p><strong>\u2014\u00c1lvaro<\/strong>: Yo dir\u00eda que la oferta m\u00e1s alternativa. Es verdad que, como decimos, tenemos que tener de todo, \u00bfno? Tenemos que ser una librer\u00eda generalista porque al final tenemos que vender y tenemos que ganarnos la vida. Pero tambi\u00e9n ofrecemos cosas que no se ofrecen en la mayor\u00eda de las librer\u00edas, y eso es algo que me he dado cuenta tambi\u00e9n viendo otras librer\u00edas digamos, m\u00e1s comerciales, como pueden ser las grandes superficies, que muchas veces voy buscando o voy viendo a ver si tienen algo m\u00e1s alternativo, que se salga de todo lo comercial, que se salga de todo lo best seller, y no est\u00e1. Hay muchas librer\u00edas que no lo tienen. Entonces, esa personalidad de editoriales independientes; de autores, autoras, m\u00e1s desconocidos\u2026creo que ah\u00ed basamos bastante nuestra personalidad. Y luego tambi\u00e9n, dentro de esa l\u00ednea m\u00e1s alternativa que intentamos seguir, complementarlo con una l\u00ednea cr\u00edtica. Como hemos dicho antes, con la visibilidad, con temas como el de Gaza y otros asuntos.<\/p>\n<p><p>\u00abLos best sellers de la librer\u00eda son unos peque\u00f1os cuadernos de C\u00e1tedra de identificaci\u00f3n iconogr\u00e1fica que colocamos en el escaparate\u00bb<\/p>\n<\/p>\n<p><strong>\u2014Jaime: <\/strong>S\u00ed, tambi\u00e9n es que, al final \u00c1lvaro estudi\u00f3 econom\u00eda. Por lo tanto \u00e9l, gracias a sus conocimientos puede decir: \u201cmirad, a m\u00ed esta oferta de libros de econom\u00eda me interesa\u201d. Que a lo mejor algunos se pueden salir de lo que t\u00fa piensas, pero por lo menos ofrecer otras opciones; que no sea el t\u00edpico volumen que hay que tener en todas las librer\u00edas. Lo mismo en mi caso, con Historia del Arte. Que s\u00ed, que por ejemplo tengo <strong>La historia del Arte<\/strong> de <strong>Gombrich<\/strong>, que es el b\u00e1sico de la carrera, pero luego tenemos otros, por ejemplo, muchos sobre las mujeres en la historia del arte. Tambi\u00e9n, una de las cosas que yo creo que son los best sellers de la librer\u00eda: unos peque\u00f1os cuadernos de C\u00e1tedra de identificaci\u00f3n iconogr\u00e1fica que colocamos en el escaparate. Hay tanto de santos de la iconograf\u00eda cristiana, como de mitolog\u00eda\u2026 y sucede lo que dice \u00c1lvaro, que hemos ido a otras librer\u00edas y, por ejemplo, esos cuadernillos que me parecen muy b\u00e1sicos, no los he visto. Y es como, si supierais lo bien que se venden estos, los tendr\u00edais todos. A lo mejor en otras materias, como filosof\u00eda, cine\u2026tendremos que ahondar m\u00e1s para ir a\u00f1adiendo nuevos libros, pero, por otra parte, s\u00ed incidimos mucho en el tema tanto del feminismo como del LGTBIQ+, que es verdad que ah\u00ed se nota m\u00e1s el n\u00famero de ventas en julio, durante el Festival de Teatro, que en el resto del a\u00f1o.<\/p>\n<p><strong>\u2014\u00bfEn qu\u00e9 aspecto beneficia m\u00e1s montar una librer\u00eda en un pueblo o ciudad peque\u00f1a vs. en una gran ciudad?<\/strong><\/p>\n<p><strong>\u2014Jaime: <\/strong>En el trato humano.<\/p>\n<p><strong>\u2014\u00c1lvaro<\/strong>: S\u00ed, en la cercan\u00eda.<\/p>\n<p><strong>\u2014Jaime<\/strong>: Claro, al final\u2026, yo nunca he vivido en una gran ciudad porque, bueno, no s\u00e9 si Granada la puedo considerar gran ciudad, pero no he tenido la sensaci\u00f3n de ver a la gente que necesita ir r\u00e1pido a por todo. Y yo creo que tambi\u00e9n, como trabajadores, lo tenemos todo m\u00e1s a mano hasta el punto de decir: \u201cAh, \u00bfme preguntas por esto? Aqu\u00ed lo tienes\u201d. Y adem\u00e1s aqu\u00ed, que es un lugar mucho m\u00e1s peque\u00f1o, todo lo que hables lo voy a escuchar, y eso ya hace que haya m\u00e1s conversaci\u00f3n. Que la gente, de forma general, se vaya bastante contenta aunque no compre; que se vaya con la sensaci\u00f3n de haber echado un buen rato.<\/p>\n<p><strong>\u2014\u00c1lvaro<\/strong>: S\u00ed, y que a la mayor\u00eda de los clientes los llamas por su nombre. Que es algo que en una gran ciudad es casi pr\u00e1cticamente impensable. Salvo a los clientes que vienen de paso, que vienen muy de vez en cuando, a la mayor\u00eda de los clientes que tenemos, que son clientes fijos y se pasan por aqu\u00ed todo el a\u00f1o (una vez cada semana o cada dos semanas), los llamamos por el nombre. Sabemos de sus vidas, ellos y ellas saben de nuestras vidas\u2026entonces eso, la cercan\u00eda y el trato humano, como dec\u00eda Jaime. Eso es lo que marca esa diferencia respecto a una gran ciudad, o a una librer\u00eda que pudiera estar en una gran ciudad, en comparaci\u00f3n con esta librer\u00eda que est\u00e1 en un pueblo peque\u00f1o.<\/p>\n<p><strong>\u2014\u00bfPodr\u00edais recordar el mejor momento que hab\u00e9is vivido en la librer\u00eda y el peor?<\/strong> <strong>Si pudierais escoger o quedaros con uno.\u00a0 <\/strong><\/p>\n<p><strong>\u2014\u00c1lvaro: <\/strong>El mejor est\u00e1 m\u00e1s o menos claro. Creo que hubo dos momentos clave en la librer\u00eda con respecto a nuestra \u201cfama\u201d, o con el hecho de darnos a conocer. El primero, cuando vino el programa de <strong>La 2<\/strong> de <strong>Un pa\u00eds para leerlo<\/strong>.<\/p>\n<p><strong>\u2014Jaime: <\/strong>Que adem\u00e1s hace poco lo volvieron a poner porque vino gente y me dijo: \u201c\u00a1Anda, te vi el otro d\u00eda! Y yo, \u00bfd\u00f3nde? Si no te conozco\u201d (risas).<\/p>\n<p><strong>\u2014\u00c1lvaro: <\/strong>Ese fue uno que pasamos una tarde muy divertida grabando, y luego ya el d\u00eda que se emiti\u00f3 fue bastante locura. De gente diciendo: \u201cEh, \u00a1qu\u00e9 os he visto!\u201d. Y ven\u00edan aqu\u00ed a felicitarnos, y ese estuvo muy guay. Y luego el d\u00eda que, lo hemos comentado antes, cuando hicimos el evento con la Diputaci\u00f3n de Ciudad Real para promocionar el FENAVIN e invitamos a una autora de Ciudad Real, de la capital precisamente, que es <strong>Esther Gin\u00e9s<\/strong>. Hicimos la presentaci\u00f3n de su libro y un debate posterior. Tambi\u00e9n hab\u00eda un sumiller que nos puso la Diputaci\u00f3n y estuvimos tomando vino mientras coment\u00e1bamos el libro, y la verdad es que fue una noche muy agradable, la recuerdo con bastante cari\u00f1o. Esos dos momentos, los mejores.<\/p>\n<p><strong>\u2014Jaime: <\/strong>S\u00ed, tambi\u00e9n porque justo esa noche, cuando ya recogimos las cosas, algunos amigos nuestros vinieron a acompa\u00f1arnos en esta presentaci\u00f3n y est\u00e1bamos creo que, tan arriba de \u00e1nimos, que pedimos pizzas para cenar y acabamos cenando aqu\u00ed en la librer\u00eda. Estuvimos tan bien, que s\u00ed, pod\u00eda ser uno de los mejores d\u00edas. Ese, y el de grabar el programa. Sobre todo porque, al menos en mi caso, era mi primera experiencia en televisi\u00f3n y fue como: \u201c\u00a1Woah! As\u00ed que todo esto funciona as\u00ed!\u201d, el tema de las c\u00e1maras, de los planos\u2026<\/p>\n<p><p>\u00abEse d\u00eda facturamos 8,95. Solamente 8,95 gracias a Osito Tito. A partir de entonces, Osito Tito es un \u00eddolo aqu\u00ed en Macondo\u00bb<\/p>\n<\/p>\n<p><strong>\u2014\u00c1lvaro<\/strong>: Fue curioso ver c\u00f3mo se graba realmente y luego c\u00f3mo lo montan. Porque claro, de todo lo que hicimos, que estuvimos 4 o 5 horas grabando, despu\u00e9s fueron 3 minutos de v\u00eddeo. Bueno, el programa dura como unos 20 o 25, pero dedicados a la librer\u00eda unos 3 solamente. Y el peor d\u00eda\u2026 A ver, peor, peor\u2026 La verdad es que los peores pueden llegar a ser algunos d\u00edas m\u00e1s rutinarios, sobre todo cuando no hay tanta vida en Almagro. Los meses de febrero, marzo, que el pueblo est\u00e1 m\u00e1s vac\u00edo, que son meses que por lo general la gente gasta menos dinero porque hay menos turismo, son meses en que la actividad econ\u00f3mica en general est\u00e1 m\u00e1s parada. Entonces bueno, alg\u00fan d\u00eda de estos t\u00edpicos de rutina, pero vamos, no hay ninguno en concreto. No se me ocurre ninguno en concreto que hayamos tenido que sea malo.<\/p>\n<p><strong>\u2014Jaime<\/strong>: No, no hay ninguno malo como tal porque adem\u00e1s uno de esos d\u00edas que no hab\u00eda ninguna venta pr\u00e1cticamente, de repente hubo una y, a partir de ah\u00ed, le hemos hecho una especie de altar a ese libro que es <strong>Osito Tito<\/strong>. Desde ese d\u00eda decimos: \u201cOsito Tito, el mejor de todos\u201d. Y el altar es porque fue la \u00fanica venta que hubo. Todo parec\u00eda indicar que iba a ser un d\u00eda perdido, pero inesperadamente Osito Tito se elev\u00f3. Ese d\u00eda facturamos 8,95. Solamente 8,95 gracias a Osito Tito. A partir de entonces, Osito Tito es un \u00eddolo aqu\u00ed en Macondo (risas).<\/p>\n<p><strong>\u2014\u00bfY qu\u00e9 legado os gustar\u00eda dejar de aqu\u00ed a unos a\u00f1os? \u00bfC\u00f3mo os veis dentro de diez a\u00f1os?<\/strong><\/p>\n<p><strong>\u2014\u00c1lvaro<\/strong>: Yo creo que nos veo siguiendo la l\u00ednea que hemos continuado hasta ahora, que es la de ser un lugar de referencia en Almagro. Un lugar de referencia cultural, por supuesto. Y como ha dicho antes Jaime, hay gente que son de fuera, que vienen una vez al a\u00f1o a Almagro, o as\u00ed, y se pasan a saludar porque dicen: \u201ces que me encanta. He vuelto porque quer\u00eda volver a pasar por esta librer\u00eda\u201d. Entonces, digamos que nuestra \u201cfama\u201d, bueno, decir fama es exagerar much\u00edsimo, pero, nuestra \u201cfama\u201d a peque\u00f1a escala no creo que crezca m\u00e1s, aunque con esto nos conformamos. Digamos que la l\u00ednea va a seguir siendo la misma. Que por parte de los clientes, la percepci\u00f3n que tengan ellos, tambi\u00e9n va a seguir siendo la misma. Quiz\u00e1s, un poquito m\u00e1s, porque ya habremos ganado, nos habremos hecho un nombre, y por lo menos por mi parte no pretendo nada m\u00e1s. En definitiva: seguir la misma l\u00ednea, ser ese punto de referencia cultural en Almagro, un lugar necesario tambi\u00e9n para que se re\u00fana aqu\u00ed la gente a la que le gusta la literatura, y que sigamos este camino.<\/p>\n<p><p>\u00abNosotros en privado, en particular, tenemos un club de lectura pero puede hacerse tambi\u00e9n en la propia librer\u00eda, aunque sean grupos peque\u00f1os\u00bb<\/p>\n<\/p>\n<p><strong>\u2014Jaime: <\/strong>S\u00ed, incluso que a lo mejor\u2026parece que voy a decir una cosa muy triste, pero a lo mejor sin nosotros como tal, que Macondo pueda seguir sin que \u00c1lvaro y Jaime est\u00e9n aqu\u00ed. Porque si nos acaban surgiendo otras salidas profesionales que nos convienen, ya que, lamentablemente, la vida es muy cara y parece que hay que buscar otras salidas que se adec\u00faen m\u00e1s a nuestra actualidad, si no es con nosotros, f\u00edsicamente en la librer\u00eda, que sea a trav\u00e9s de la gente que podamos contratar. Gente que evidentemente est\u00e9 lo m\u00e1s contenta posible. No solamente por trabajar aqu\u00ed, sino porque intentemos darle un buen trabajo tambi\u00e9n como jefes, y que esa nueva gente le d\u00e9 \u00a0su propia personalidad. Que contribuya con nuevas ideas, por ejemplo. Es verdad que una cosa que en estos casi cinco a\u00f1os no hemos hecho, ha sido un club de lectura, y eso estar\u00eda muy bien porque ayuda mucho a esta uni\u00f3n entre la ciudadan\u00eda y el comercio. Sabemos que la biblioteca tiene un club de lectura, pero suelen ser libros m\u00e1s comerciales, as\u00ed que por nuestra parte, por ejemplo, tirar por otro tipo de libros que ofrezcan cosas distintas. A lo mejor una acci\u00f3n m\u00e1s cr\u00edtica, digamos, o que conozcan otros libros. Volviendo otra vez a La mala costumbre de Alana Portero, creo que es un libro que ya la mayor\u00eda conoce y ha le\u00eddo, pues ese estilo de libros, que sean \u00e1giles, pero que tambi\u00e9n dejen un poso para luego poder comentarlo. Nosotros en privado, en particular, tenemos un club de lectura pero puede hacerse tambi\u00e9n en la propia librer\u00eda, aunque sean grupos peque\u00f1os. Nosotros intentaremos seguir aportando como mejor podamos durante el tiempo que estemos en la librer\u00eda, que ser\u00e1 un tiempo muy feliz, eso seguro.<\/p>\n<p><strong>\u2014\u00c1lvaro: <\/strong>Tambi\u00e9n es verdad, ahora que se me acaba de ocurrir, cuando dices lo del legado, creo que es algo que ya estamos consiguiendo y que ojal\u00e1 consigamos de una forma, de una manera mucho mayor en el futuro, que es que, incluso sin querer, hemos dado un impulso grande, una motivaci\u00f3n bastante grande a autores y autoras locales. Y eso nos ha pasado con muchos autores, amigos incluso, que han decidido escribir un libro y editarlo con todas las consecuencias y todo el trabajo que eso conlleva, para poder presentarlo aqu\u00ed y darlo a conocer. Yo creo que, es verdad que en muchas ocasiones no somos esenciales para ese tipo de autores, pero s\u00ed damos ese impulso que muchas veces necesitan sobre todo escritores y escritoras del propio pueblo de Almagro.<\/p>\n<p><strong>\u2014Y qui\u00e9n sabe, a lo mejor en un futuro un cr\u00edo lee o conoce vuestra historia, y le inspir\u00e1is para hacer lo mismo en su ciudad, en su pueblo, en su barrio o donde sea.<\/strong><\/p>\n<p><strong>\u2014Ambos<\/strong>: Ojal\u00e1.<\/p>\n<p><strong>\u2014Poco m\u00e1s que a\u00f1adir, chicos. Gracias a los dos, y que cumpl\u00e1is otros cinco, diez o veinte a\u00f1os m\u00e1s.<\/strong><strong>\u00a0<\/strong><\/p>\n<p><strong>\u2014\u00c1lvaro: <\/strong>Yo creo que llegaremos a ello, s\u00ed. Gracias a ti.<\/p>\n<p><strong>\u2014Jaime: <\/strong>Gracias a ti por contar con nosotros.<\/p>\n<p>\t\t\t\t\t\t\t5\/5\t\t\t\t\t\t\t<\/p>\n<p>\t\t\t\t\t\t\t(2 Puntuaciones. Valora este art\u00edculo, por favor)\n\t\t\t\t\t\t<\/p>\n","protected":false},"excerpt":{"rendered":"\u201cLibrer\u00eda MACONDO. Especialistas en carisma y tapa dura\u201d. As\u00ed se presentan \u00c1lvaro y Jaime en la librer\u00eda, la&hellip;\n","protected":false},"author":2,"featured_media":187869,"comment_status":"","ping_status":"","sticky":false,"template":"","format":"standard","meta":{"footnotes":""},"categories":[172],"tags":[224,146,147,25,24,225,23],"class_list":{"0":"post-187868","1":"post","2":"type-post","3":"status-publish","4":"format-standard","5":"has-post-thumbnail","7":"category-libros","8":"tag-books","9":"tag-entertainment","10":"tag-entretenimiento","11":"tag-es","12":"tag-espana","13":"tag-libros","14":"tag-spain"},"share_on_mastodon":{"url":"","error":""},"_links":{"self":[{"href":"https:\/\/www.europesays.com\/es\/wp-json\/wp\/v2\/posts\/187868","targetHints":{"allow":["GET"]}}],"collection":[{"href":"https:\/\/www.europesays.com\/es\/wp-json\/wp\/v2\/posts"}],"about":[{"href":"https:\/\/www.europesays.com\/es\/wp-json\/wp\/v2\/types\/post"}],"author":[{"embeddable":true,"href":"https:\/\/www.europesays.com\/es\/wp-json\/wp\/v2\/users\/2"}],"replies":[{"embeddable":true,"href":"https:\/\/www.europesays.com\/es\/wp-json\/wp\/v2\/comments?post=187868"}],"version-history":[{"count":0,"href":"https:\/\/www.europesays.com\/es\/wp-json\/wp\/v2\/posts\/187868\/revisions"}],"wp:featuredmedia":[{"embeddable":true,"href":"https:\/\/www.europesays.com\/es\/wp-json\/wp\/v2\/media\/187869"}],"wp:attachment":[{"href":"https:\/\/www.europesays.com\/es\/wp-json\/wp\/v2\/media?parent=187868"}],"wp:term":[{"taxonomy":"category","embeddable":true,"href":"https:\/\/www.europesays.com\/es\/wp-json\/wp\/v2\/categories?post=187868"},{"taxonomy":"post_tag","embeddable":true,"href":"https:\/\/www.europesays.com\/es\/wp-json\/wp\/v2\/tags?post=187868"}],"curies":[{"name":"wp","href":"https:\/\/api.w.org\/{rel}","templated":true}]}}