{"id":187890,"date":"2025-10-19T20:29:23","date_gmt":"2025-10-19T20:29:23","guid":{"rendered":"https:\/\/www.europesays.com\/es\/187890\/"},"modified":"2025-10-19T20:29:23","modified_gmt":"2025-10-19T20:29:23","slug":"habra-toros-en-ciudad-juarez-despues-de-la-resolucion-favorable-interpuesto-por-espectaculos-monterrey-suertematador-com","status":"publish","type":"post","link":"https:\/\/www.europesays.com\/es\/187890\/","title":{"rendered":"Habr\u00e1 toros en Ciudad Ju\u00e1rez despu\u00e9s de la resoluci\u00f3n favorable interpuesto por Espect\u00e1culos Monterrey \u2013 suertematador.com"},"content":{"rendered":"<p>18 de octubre de 2025\/Suertematador.com<\/p>\n<p>Habr\u00e1 toros en Ciudad Ju\u00e1rez este 19 de octubre despu\u00e9s de la resoluci\u00f3n favorable interpuesto por Espect\u00e1culos Monterrey S.A. de C.V. En contra de la suspensi\u00f3n provisional en Cd. Ju\u00e1rez Chihuahua en la plaza Alberto Balderas.<\/p>\n<p>Esto dice el comunicado por parte de Espect\u00e1culos Monterrey<\/p>\n<p>\u00abNos es muy grato informar que, el d\u00eda de hoy fue resuelto favorablemente y por unanimidad de votos el recurso de queja interpuesto por Espect\u00e1culos Monterrey, S.A. de C.V. en contra de la suspensi\u00f3n provisional que pretend\u00eda interrumpir la celebraci\u00f3n de la corrida de toros programada para el 19 de octubre de 2025, por lo que se mantiene el espect\u00e1culo programado para el pr\u00f3ximo domingo en la plaza de toros \u00abAlberto Balderas\u00bb de Ciudad Ju\u00e1rez.<\/p>\n<p>Esta determinaci\u00f3n confirma que la Empresa ha actuado en todo momento dentro del marco de la ley y ratifica lo resuelto por la Segunda Sala de la Suprema Corte de Justicia de la Naci\u00f3n el pasado 6 de diciembre de 2023.<\/p>\n<p>La tauromaquia, no solo forma parte de nuestro patrimonio cultural intangible, se encuentra plenamente amparada por el marco jur\u00eddico vigente. Quienes defendemos esta tradici\u00f3n lo hacemos desde la legalidad, la raz\u00f3n y el respeto al Estado de Derecho. Por el contrario, los intentos de limitar o suprimir manifestaciones culturales legitimas atentan contra las libertades ciudadanas y el derecho a elegir, principios que toda sociedad libre debe proteger y honrar.<\/p>\n<p>La Empresa reitera su compromiso con la defensa firme y decidida de nuestras tradiciones, de la libertad y de la riqueza cultural que distinguen a M\u00e9xico y a nuestra frontera. Respetamos a quienes opinan distinto, pero estamos convencidos de que son m\u00e1s las cosas que nos unen que las que nos separan y confiamos en que prevalecer\u00e1 el respeto, el orden y la concordia entre todos\u00bb.<\/p>\n<p>\u00a1La tauromaquia continua en Ciudad Ju\u00e1rez!<\/p>\n<p style=\"text-align: center;\"><img decoding=\"async\" loading=\"lazy\" class=\"alignnone size-full wp-image-100718\" src=\"https:\/\/www.europesays.com\/es\/wp-content\/uploads\/2025\/10\/carteljuarez.png\" alt=\"\" width=\"1080\" height=\"1440\"  \/><\/p>\n","protected":false},"excerpt":{"rendered":"18 de octubre de 2025\/Suertematador.com Habr\u00e1 toros en Ciudad Ju\u00e1rez este 19 de octubre despu\u00e9s de la resoluci\u00f3n&hellip;\n","protected":false},"author":2,"featured_media":187891,"comment_status":"","ping_status":"","sticky":false,"template":"","format":"standard","meta":{"footnotes":""},"categories":[277],"tags":[373,168,25,24,23,167,374],"class_list":{"0":"post-187890","1":"post","2":"type-post","3":"status-publish","4":"format-standard","5":"has-post-thumbnail","7":"category-toreo","8":"tag-bullfighting","9":"tag-deportes","10":"tag-es","11":"tag-espana","12":"tag-spain","13":"tag-sports","14":"tag-toreo"},"share_on_mastodon":{"url":"","error":""},"_links":{"self":[{"href":"https:\/\/www.europesays.com\/es\/wp-json\/wp\/v2\/posts\/187890","targetHints":{"allow":["GET"]}}],"collection":[{"href":"https:\/\/www.europesays.com\/es\/wp-json\/wp\/v2\/posts"}],"about":[{"href":"https:\/\/www.europesays.com\/es\/wp-json\/wp\/v2\/types\/post"}],"author":[{"embeddable":true,"href":"https:\/\/www.europesays.com\/es\/wp-json\/wp\/v2\/users\/2"}],"replies":[{"embeddable":true,"href":"https:\/\/www.europesays.com\/es\/wp-json\/wp\/v2\/comments?post=187890"}],"version-history":[{"count":0,"href":"https:\/\/www.europesays.com\/es\/wp-json\/wp\/v2\/posts\/187890\/revisions"}],"wp:featuredmedia":[{"embeddable":true,"href":"https:\/\/www.europesays.com\/es\/wp-json\/wp\/v2\/media\/187891"}],"wp:attachment":[{"href":"https:\/\/www.europesays.com\/es\/wp-json\/wp\/v2\/media?parent=187890"}],"wp:term":[{"taxonomy":"category","embeddable":true,"href":"https:\/\/www.europesays.com\/es\/wp-json\/wp\/v2\/categories?post=187890"},{"taxonomy":"post_tag","embeddable":true,"href":"https:\/\/www.europesays.com\/es\/wp-json\/wp\/v2\/tags?post=187890"}],"curies":[{"name":"wp","href":"https:\/\/api.w.org\/{rel}","templated":true}]}}