{"id":187894,"date":"2025-10-19T20:33:16","date_gmt":"2025-10-19T20:33:16","guid":{"rendered":"https:\/\/www.europesays.com\/es\/187894\/"},"modified":"2025-10-19T20:33:16","modified_gmt":"2025-10-19T20:33:16","slug":"michael-vanthourenhout-se-impone-al-sprint-en-el-superprestigio-de-ciclocross-de-ruddervoorde-ciclismo","status":"publish","type":"post","link":"https:\/\/www.europesays.com\/es\/187894\/","title":{"rendered":"Michael Vanthourenhout se impone al sprint en el Superprestigio de Ciclocross de Ruddervoorde &#8211; Ciclismo"},"content":{"rendered":"<ol>\n<li><a href=\"https:\/\/news.google.com\/rss\/articles\/CBMia0FVX3lxTE9jM09QczdXUjRXQWM0ZlhOdEhHdmFFeDRJc01tT0RoNWZPcG1lajktWUxBT3o5blBqS3REd25zdGhzZGV0cUszd1VyeF9TNGsyR1RXVWRZZHhTbklEanpQYmdCRGNPU3JBd2VV?oc=5\" target=\"_blank\" rel=\"nofollow noopener\">Michael Vanthourenhout se impone al sprint en el Superprestigio de Ciclocross de Ruddervoorde<\/a>&nbsp;&nbsp;Ciclismo<\/li>\n<li><a href=\"https:\/\/news.google.com\/rss\/articles\/CBMi-gFBVV95cUxPUmZSalhCWDJvZEozMGttb3BjMmJqRzNHWHhnSmlNRHFFTUJ3YXNIN0lxdWl1QjVTN1RPNVVwVWlRMFhEU0U3WXlvS2szV0x1dEZodVZUeElBc2pQS3d5LUtDSGtHWk8wTmhZVkx0b0stVnVpSFRuYVJsNGJPekVSenRLYm91QlNrVnNtVzdvLW1jUGRrTGc4bGZyYUk0M1F5LW5MQ1FvMzlySWNuSGFFaFZpMTJZYzVCa2FxLUw3Vl9pMjVLT0pMdEIzcjdja0NYVFNGX1ZTeUpzQWliQVVLS2xjaElONFVza2tobHNIZVlKSTRMbl9pTzZR?oc=5\" target=\"_blank\" rel=\"nofollow noopener\">Superprestige Ruddervoorde: Vanthourenhout inaugura el curso; Riberolle tumba a Van Empel y se viste de l\u00edder. D\u00eda gris para los espa\u00f1oles<\/a>&nbsp;&nbsp;El Pelot\u00f3n<\/li>\n<li><a href=\"https:\/\/news.google.com\/rss\/articles\/CBMi2AFBVV95cUxNdHV1RDU3T05xcXZfN0NzVkEtMkV1SDN6UWZacXdTb2FRR0pKZHVUaDFLck02R21Bc3Y3eTVjbzRLRHVqdUdoR3FYYnZyZllYWnNOTUs4VE5IcVBkeWhWcV9ub3c1aTFhSS12eGFkSlIzWk02aHFvZG5WQy1EMzZrSk9GMVdTRV9QZmVDQmxZV0ZTOTFBNTVXa044NnEwR01lYU1VOFZvSl9QSU8weDBPanNBUFk4MTZLX2lULUJQM184cGFnRENRaTBkbEg4WHNLRXNaU09rbGI?oc=5\" target=\"_blank\" rel=\"nofollow noopener\">Resultados Superprestige Ruddervorde 2025 | Michael Vanthourenhout gana la batalla contra Joris Nieuwenhuis<\/a>&nbsp;&nbsp;Ciclismoaldia.es<\/li>\n<\/ol>\n","protected":false},"excerpt":{"rendered":"Michael Vanthourenhout se impone al sprint en el Superprestigio de Ciclocross de Ruddervoorde&nbsp;&nbsp;Ciclismo Superprestige Ruddervoorde: Vanthourenhout inaugura el&hellip;\n","protected":false},"author":2,"featured_media":187895,"comment_status":"","ping_status":"","sticky":false,"template":"","format":"standard","meta":{"footnotes":""},"categories":[273],"tags":[11953,313,1757,44324,3201,7716,18125,18755,312,168,51210,1053,158,13473,25,48881,24,29401,2514,52773,52768,1920,1078,11213,52772,52769,23,167,3596,21436,52771,52770,52767,17601,1261],"class_list":{"0":"post-187894","1":"post","2":"type-post","3":"status-publish","4":"format-standard","5":"has-post-thumbnail","7":"category-ciclismo","8":"tag-belga","9":"tag-ciclismo","10":"tag-ciclista","11":"tag-ciclocross","12":"tag-circuito","13":"tag-cita","14":"tag-conquisto","15":"tag-corredor","16":"tag-cycling","17":"tag-deportes","18":"tag-desenlace","19":"tag-domingo","20":"tag-el","21":"tag-emocionante","22":"tag-es","23":"tag-escaso","24":"tag-espana","25":"tag-margen","26":"tag-michael","27":"tag-nee","28":"tag-pauwels","29":"tag-prestigioso","30":"tag-primera","31":"tag-puntuable","32":"tag-ruddervoorde","33":"tag-sauzen","34":"tag-spain","35":"tag-sports","36":"tag-sprint","37":"tag-supero","38":"tag-superprestigio","39":"tag-telenet","40":"tag-vanthourenhout","41":"tag-veterano","42":"tag-victoria"},"share_on_mastodon":{"url":"","error":""},"_links":{"self":[{"href":"https:\/\/www.europesays.com\/es\/wp-json\/wp\/v2\/posts\/187894","targetHints":{"allow":["GET"]}}],"collection":[{"href":"https:\/\/www.europesays.com\/es\/wp-json\/wp\/v2\/posts"}],"about":[{"href":"https:\/\/www.europesays.com\/es\/wp-json\/wp\/v2\/types\/post"}],"author":[{"embeddable":true,"href":"https:\/\/www.europesays.com\/es\/wp-json\/wp\/v2\/users\/2"}],"replies":[{"embeddable":true,"href":"https:\/\/www.europesays.com\/es\/wp-json\/wp\/v2\/comments?post=187894"}],"version-history":[{"count":0,"href":"https:\/\/www.europesays.com\/es\/wp-json\/wp\/v2\/posts\/187894\/revisions"}],"wp:featuredmedia":[{"embeddable":true,"href":"https:\/\/www.europesays.com\/es\/wp-json\/wp\/v2\/media\/187895"}],"wp:attachment":[{"href":"https:\/\/www.europesays.com\/es\/wp-json\/wp\/v2\/media?parent=187894"}],"wp:term":[{"taxonomy":"category","embeddable":true,"href":"https:\/\/www.europesays.com\/es\/wp-json\/wp\/v2\/categories?post=187894"},{"taxonomy":"post_tag","embeddable":true,"href":"https:\/\/www.europesays.com\/es\/wp-json\/wp\/v2\/tags?post=187894"}],"curies":[{"name":"wp","href":"https:\/\/api.w.org\/{rel}","templated":true}]}}