{"id":187896,"date":"2025-10-19T20:35:12","date_gmt":"2025-10-19T20:35:12","guid":{"rendered":"https:\/\/www.europesays.com\/es\/187896\/"},"modified":"2025-10-19T20:35:12","modified_gmt":"2025-10-19T20:35:12","slug":"unicaja-i-cronica-del-partido-unicaja-barca-de-la-jornada-3-de-la-liga-endesa","status":"publish","type":"post","link":"https:\/\/www.europesays.com\/es\/187896\/","title":{"rendered":"UNICAJA I Cr\u00f3nica del partido Unicaja-Bar\u00e7a de la jornada 3 de la Liga Endesa"},"content":{"rendered":"<p class=\"ft-text\">No pudo ser. <strong>Lo intent\u00f3 el <\/strong><a class=\"ft-link ft-link--decoration\" href=\"https:\/\/www.laopiniondemalaga.es\/unicaja\/\" rel=\"nofollow noopener\" target=\"_blank\"><strong>Unicaja<\/strong><\/a><strong> de todas las formas y maneras posibles, pero<\/strong> el Bar\u00e7a lleg\u00f3 a M\u00e1laga con el \u00fanico objetivo de estrenar su casillero de victorias y logr\u00f3 asaltar el Carpena despu\u00e9s de 40 minutos en los que pas\u00f3 de todo y pudo ganar cualquiera. Una pena que el criterio arbitral fuera tan dispar en los dos lados de la pista. No s\u00e9 si fue clave para explicar el 77-83 final, quiz\u00e1s hubo otras variables que fueron m\u00e1s importantes, pero <strong>ese \u00a1\u00a10-15!! en tiros libres en el \u00faltimo cuarto&#8230;<\/strong><\/p>\n<p class=\"ft-text\">Fue una pena porque el Unicaja lo tuvo cerca.<strong> Estuvo casi siempre por detr\u00e1s, es verdad, pero no le perdi\u00f3 nunca la cara al rival ni al marcador.<\/strong> El Bar\u00e7a hizo su partido. Supo aguantar cuando m\u00e1s le apretaron el Unicaja y el Carpena y se llev\u00f3 una victoria que les da la vida en este arranque con tantos problemas para ellos.<\/p>\n<p class=\"ft-text\"><strong>Hay que tener paciencia con este nuevo Unicaja. Ser\u00e1 mucho m\u00e1s competitivo que ahora con el paso de las semanas e incluso de los meses. <\/strong>Ahora, le da para ganar al Bilbao, para pasearse en la primera liguilla de la BCL e incluso para conquistar Las Palmas, pero ante un rival con cach\u00e9 de Euroliga, como este Bar\u00e7a, faltaron m\u00e1s cositas (y m\u00e1s respeto) para poder competirle de t\u00fa a t\u00fa.<\/p>\n<p><img decoding=\"async\" src=\"https:\/\/www.europesays.com\/es\/wp-content\/uploads\/2025\/10\/fdc54b2b-5c73-4411-bd40-99f403f6a8a9_alta-libre-aspect-ratio_default_0.jpg\" width=\"1200\" height=\"800\" alt=\"Liga Endesa | Unicaja - FC Barcelona, en im\u00e1genes\" class=\"ft-helper-img-rd\" loading=\"lazy\" hasdataaida=\"true\"\/><\/p>\n<p class=\"ft-helper-fontColor-quaternary ft-helper-fontSize-body-S ft-helper-spacer-t-xxs\">Djedovic bota el bal\u00f3n durante el partido contra el Bar\u00e7a.  \/ Gregorio Marrero<\/p>\n<p>Primer tiempo<\/p>\n<p class=\"ft-text\"><strong>El descomunal acierto desde la l\u00ednea de 3 del Bar\u00e7a en los primeros minutos, hizo que el rival doblara en el marcador al Unicaja, 7-14<\/strong>. Hasta 9 arriba estuvieron los de Joan Pe\u00f1arroya en un buen arranque del rival y una puesta en escena m\u00e1s dubitativa de los de verde y morado. Las rotaciones echaron una mano. Con Alberto, Djedovic, Tillie y Kravish aportando atr\u00e1s y delante, <strong>el partido se fue al primer par\u00f3n con solo -4 en el marcador, 18-22.<\/strong><\/p>\n<p class=\"ft-text\">Un 3+1 de Perry igual\u00f3 el partido, 24-24. Un triple posterior de Barreiro puso por delante a los cajistas, 27-26. <strong>El partido se embarr\u00f3. Punter y Duarte las tuvieron tiesas. El Carpena se cabre\u00f3 como en los viejos tiempos<\/strong>. Hubo mucha guerra de guerrillas y el Bar\u00e7a sali\u00f3 beneficiado. Ibon Navarro tuvo que pedir tiempo a 3.40 del descanso con 28-33 en el marcador. El partido se fue al descanso con el Bar\u00e7a por delante, 34-39. Poca diferencia, pero la sensaci\u00f3n de que el rival hab\u00eda sido mejor y m\u00e1s regular en esos primeros 20 minutos.<\/p>\n<p><img decoding=\"async\" src=\"https:\/\/www.europesays.com\/es\/wp-content\/uploads\/2025\/10\/3361e9f0-4c2f-47fa-81ef-5418937786aa_alta-libre-aspect-ratio_default_0.jpg\" width=\"1200\" height=\"800\" alt=\"Liga Endesa | Unicaja - FC Barcelona, en im\u00e1genes\" class=\"ft-helper-img-rd\" loading=\"lazy\" hasdataaida=\"true\"\/><\/p>\n<p class=\"ft-helper-fontColor-quaternary ft-helper-fontSize-body-S ft-helper-spacer-t-xxs\">Las faltas personales lastraron al Unicaja en su intento de remontar.  \/ Gregorio Marrero<\/p>\n<p>Segundo tiempo<\/p>\n<p class=\"ft-text\"><strong>El Bar\u00e7a volvi\u00f3 mejor del intermedio. Los cul\u00e9s amenazaron con romper el partido, 37-47<\/strong>. Quedaba mucho, pero las sensaciones no eran las mejores. Un triple de Kravish fue pura gasolina cuando el equipo estaba m\u00e1s atascado. L\u00e1stima el poco acierto desde el per\u00edmetro, que impidi\u00f3 estar m\u00e1s cerca y amenazar m\u00e1s. El Bar\u00e7a aprovech\u00f3 las dudas en ataque del Unicaja para volver a irse de 9, 46-55, en el esprint final del tercer cuarto. <strong>El arbitraje tampoco ayud\u00f3. Pero el equipo no se desesper\u00f3, apret\u00f3 atr\u00e1s y entr\u00f3 en los 10 minutos finales con opciones todav\u00eda de victoria, 57-62.<\/strong><\/p>\n<p class=\"ft-text\">Ibon busc\u00f3 equilibrio entre defensa y ataque con sus distintos quintetos. Las faltas personales llevaron al Bar\u00e7a continuamente a la l\u00ednea del tiro libre en ese tramo en el que todo estaba por decidirse. <strong>El Unicaja rem\u00f3 y rem\u00f3, incluso se puso por delante, 71-70, pero no tuvo continuidad (o no le dejaron).<\/strong> Cada ataque del Bar\u00e7a eran dos tiros libres y as\u00ed fue imposible. Los cul\u00e9s pegaron otro aceler\u00f3n para el 73-78, a 1.58 del bocinazo final. Las faltas personales no se vieron igual en un lado de la pista que en el otro y el triunfo vol\u00f3 para Barcelona.<\/p>\n<p>Semana sin BCL<\/p>\n<p class=\"ft-text\"><strong>Despu\u00e9s de dos semanas con doble partido, esta vez el Unicaja descansa en la Champions<\/strong>. No habr\u00e1 partido europeo entre semana y lo pr\u00f3ximo ser\u00e1 visitar el s\u00e1bado en La Laguna a un Tenerife que est\u00e1 invicto en este arranque de Liga, con 3-0, en lo m\u00e1s alto de la clasificaci\u00f3n. Otro partido de m\u00e1xima exigencia para un Unicaja que tiene que hacer borr\u00f3n y cuenta nueva.<\/p>\n","protected":false},"excerpt":{"rendered":"No pudo ser. Lo intent\u00f3 el Unicaja de todas las formas y maneras posibles, pero el Bar\u00e7a lleg\u00f3&hellip;\n","protected":false},"author":2,"featured_media":187897,"comment_status":"","ping_status":"","sticky":false,"template":"","format":"standard","meta":{"footnotes":""},"categories":[269],"tags":[299,2296,298,5293,168,25,24,15265,2918,1044,10911,23,167,159,2246],"class_list":{"0":"post-187896","1":"post","2":"type-post","3":"status-publish","4":"format-standard","5":"has-post-thumbnail","7":"category-baloncesto","8":"tag-baloncesto","9":"tag-barca","10":"tag-basketball","11":"tag-cronica","12":"tag-deportes","13":"tag-es","14":"tag-espana","15":"tag-impone","16":"tag-la-liga","17":"tag-liga","18":"tag-ritmo","19":"tag-spain","20":"tag-sports","21":"tag-tiempo","22":"tag-unicaja"},"share_on_mastodon":{"url":"","error":""},"_links":{"self":[{"href":"https:\/\/www.europesays.com\/es\/wp-json\/wp\/v2\/posts\/187896","targetHints":{"allow":["GET"]}}],"collection":[{"href":"https:\/\/www.europesays.com\/es\/wp-json\/wp\/v2\/posts"}],"about":[{"href":"https:\/\/www.europesays.com\/es\/wp-json\/wp\/v2\/types\/post"}],"author":[{"embeddable":true,"href":"https:\/\/www.europesays.com\/es\/wp-json\/wp\/v2\/users\/2"}],"replies":[{"embeddable":true,"href":"https:\/\/www.europesays.com\/es\/wp-json\/wp\/v2\/comments?post=187896"}],"version-history":[{"count":0,"href":"https:\/\/www.europesays.com\/es\/wp-json\/wp\/v2\/posts\/187896\/revisions"}],"wp:featuredmedia":[{"embeddable":true,"href":"https:\/\/www.europesays.com\/es\/wp-json\/wp\/v2\/media\/187897"}],"wp:attachment":[{"href":"https:\/\/www.europesays.com\/es\/wp-json\/wp\/v2\/media?parent=187896"}],"wp:term":[{"taxonomy":"category","embeddable":true,"href":"https:\/\/www.europesays.com\/es\/wp-json\/wp\/v2\/categories?post=187896"},{"taxonomy":"post_tag","embeddable":true,"href":"https:\/\/www.europesays.com\/es\/wp-json\/wp\/v2\/tags?post=187896"}],"curies":[{"name":"wp","href":"https:\/\/api.w.org\/{rel}","templated":true}]}}