{"id":187904,"date":"2025-10-19T20:39:17","date_gmt":"2025-10-19T20:39:17","guid":{"rendered":"https:\/\/www.europesays.com\/es\/187904\/"},"modified":"2025-10-19T20:39:17","modified_gmt":"2025-10-19T20:39:17","slug":"fulgencio-arguelles-llenazo-en-pimiango-con-el-desvan-de-las-musas-dormidas","status":"publish","type":"post","link":"https:\/\/www.europesays.com\/es\/187904\/","title":{"rendered":"Fulgencio Arg\u00fcelles: llenazo en Pimiango con &#8216;El desv\u00e1n de las musas dormidas&#8217;"},"content":{"rendered":"<p><img fetchpriority=\"high\" class=\"v-a-img\" src=\"https:\/\/www.europesays.com\/es\/wp-content\/uploads\/2025\/10\/fulgencio-pimiango-RYwWav4vHy0s88Uba4LcFlK-1200x840@El Comercio.jpg\" loading=\"eager\" decoding=\"async\" alt=\"Fulgencio Arg\u00fcelles, a la izquierda, durante la presentaci\u00f3n.\"  width=\"1200\" height=\"840\"\/><\/p>\n<p>Fulgencio Arg\u00fcelles, a la izquierda, durante la presentaci\u00f3n.                  <\/p>\n<p>El escritor de Cenera present\u00f3 en la popular librer\u00eda de Ribadedeva su \u00faltimo libro, una historia muy personal que ahonda en sus or\u00edgenes<\/p>\n<p><a class=\"v-mdl-ath__fig-a\" href=\"https:\/\/www.elcomercio.es\/autor\/miguel-rojo-237.html\" title=\"Miguel Rojo\" rel=\"nofollow noopener\" target=\"_blank\"><br \/>\n<img decoding=\"async\" class=\"v-mdl-ath__img\" src=\"https:\/\/www.europesays.com\/es\/wp-content\/uploads\/2025\/10\/autor-237-foto-1.jpeg\" alt=\"Miguel Rojo\"\/><br \/>\n<\/a><\/p>\n<p class=\"v-mdl-ath__p v-mdl-ath__p--6\">\nS\u00e1bado, 18 de octubre 2025, 21:26<\/p>\n<p class=\"v-p\"><a href=\"https:\/\/www.elcomercio.es\/gijon\/feria-libro-gijon-fulgencio-arguelles-padre-viviese-novela-20250619222836-nt.html\" target=\"_self\" data-voc-vtm-id=\"in-text-traffic\" title=\"Fulgencio Arg\u00fcelles,\" data-mrf-link=\"www.elcomercio.es\" rel=\"nofollow noopener\">Fulgencio Arg\u00fcelles,<\/a> el escritor de Cenera que habitualmente colabora con EL COMERCIO, present\u00f3 esta tarde en La Librer\u00eda de Pimiango <strong>&#8216;El desv\u00e1n de <\/strong> &#8230; <strong>las musas dormidas&#8217;<\/strong> con un llenazo absoluto. El autor explic\u00f3 que su libro -en el que un ni\u00f1o de un pueblo de las cuencas mineras va descubriendo y contando el mundo, con su padre como personaje central- es la historia de \u00abUn hombre en el sitio equivocado\u00bb. Su centro de gravedad puede estar entre un libro de memorias, una f\u00e1bula fant\u00e1stica y una suerte de letan\u00eda sobre los or\u00edgenes y la memoria. Decimos que el autor de la misma es &#8216;el hijo escritor del seminarista de las 32 matr\u00edculas de honor&#8217; porque es una buena forma de describir la forma en la que conviven todos esos libros: no aparecen en sus m\u00e1s de 340 p\u00e1ginas ni los nombres propios de los personajes que las pueblan, que son seguramente cientos, ni los de los lugares por los que transcurre el devenir de la historia, f\u00e1cilmente adivinables algunos de ellos por quienes vivimos por estas tierras y las hemos observado con la curiosidad de quien firma la novela.<\/p>\n<p class=\"v-crt__t\"> L\u00edmite de sesiones alcanzadas<\/p>\n<p class=\"v-crt__p\">El acceso al contenido Premium est\u00e1 abierto por cortes\u00eda del establecimiento donde te encuentras, pero ahora mismo hay demasiados usuarios conectados a las vez.<\/p>\n<p class=\"v-crt__p\">Por favor, int\u00e9ntalo pasados unos minutos.<\/p>\n<p>\nVolver a intentar\n<\/p>\n<p class=\"v-crt__t\">Sesi\u00f3n cerrada<\/p>\n<p class=\"v-crt__p\">Al iniciar sesi\u00f3n desde un dispositivo distinto, por seguridad, se cerr\u00f3 la \u00faltima sesi\u00f3n en este.<\/p>\n<p class=\"v-crt__p\">Para continuar disfrutando de su suscripci\u00f3n digital, inicie sesi\u00f3n en este dispositivo.<\/p>\n<p>\nEste contenido es exclusivo para suscriptores\n<\/p>\n<p>Reporta un error<\/p>\n","protected":false},"excerpt":{"rendered":"Fulgencio Arg\u00fcelles, a la izquierda, durante la presentaci\u00f3n. El escritor de Cenera present\u00f3 en la popular librer\u00eda de&hellip;\n","protected":false},"author":2,"featured_media":187905,"comment_status":"","ping_status":"","sticky":false,"template":"","format":"standard","meta":{"footnotes":""},"categories":[172],"tags":[52775,224,52778,52780,146,147,25,24,52774,225,52776,52779,52777,23],"class_list":{"0":"post-187904","1":"post","2":"type-post","3":"status-publish","4":"format-standard","5":"has-post-thumbnail","7":"category-libros","8":"tag-arguelles","9":"tag-books","10":"tag-desvan","11":"tag-dormidas","12":"tag-entertainment","13":"tag-entretenimiento","14":"tag-es","15":"tag-espana","16":"tag-fulgencio","17":"tag-libros","18":"tag-llenazo","19":"tag-musas","20":"tag-pimiango","21":"tag-spain"},"share_on_mastodon":{"url":"","error":""},"_links":{"self":[{"href":"https:\/\/www.europesays.com\/es\/wp-json\/wp\/v2\/posts\/187904","targetHints":{"allow":["GET"]}}],"collection":[{"href":"https:\/\/www.europesays.com\/es\/wp-json\/wp\/v2\/posts"}],"about":[{"href":"https:\/\/www.europesays.com\/es\/wp-json\/wp\/v2\/types\/post"}],"author":[{"embeddable":true,"href":"https:\/\/www.europesays.com\/es\/wp-json\/wp\/v2\/users\/2"}],"replies":[{"embeddable":true,"href":"https:\/\/www.europesays.com\/es\/wp-json\/wp\/v2\/comments?post=187904"}],"version-history":[{"count":0,"href":"https:\/\/www.europesays.com\/es\/wp-json\/wp\/v2\/posts\/187904\/revisions"}],"wp:featuredmedia":[{"embeddable":true,"href":"https:\/\/www.europesays.com\/es\/wp-json\/wp\/v2\/media\/187905"}],"wp:attachment":[{"href":"https:\/\/www.europesays.com\/es\/wp-json\/wp\/v2\/media?parent=187904"}],"wp:term":[{"taxonomy":"category","embeddable":true,"href":"https:\/\/www.europesays.com\/es\/wp-json\/wp\/v2\/categories?post=187904"},{"taxonomy":"post_tag","embeddable":true,"href":"https:\/\/www.europesays.com\/es\/wp-json\/wp\/v2\/tags?post=187904"}],"curies":[{"name":"wp","href":"https:\/\/api.w.org\/{rel}","templated":true}]}}