{"id":187914,"date":"2025-10-19T20:45:13","date_gmt":"2025-10-19T20:45:13","guid":{"rendered":"https:\/\/www.europesays.com\/es\/187914\/"},"modified":"2025-10-19T20:45:13","modified_gmt":"2025-10-19T20:45:13","slug":"mi-prioridad-soy-yo-misma","status":"publish","type":"post","link":"https:\/\/www.europesays.com\/es\/187914\/","title":{"rendered":"Mi prioridad soy yo misma"},"content":{"rendered":"<p class=\"c-paragraph\">En una entrevista en el p\u00f3dcast\u00a0Radio Noia\u00a0<b><a href=\"https:\/\/www.20minutos.es\/tags\/personas\/rosalia.html\" title=\"Rosal\u00eda\" rel=\"nofollow noopener\" target=\"_blank\">Rosal\u00eda<\/a> ha asegurado que su pr\u00f3ximo \u00e1lbum, del que no ha desvelado a\u00fan el nombre, es <a href=\"https:\/\/www.20minutos.es\/gente\/rosalia-se-pronuncia-sobre-su-nuevo-disco-es-primero-que-hago-sin-miedo-fracaso_6529711_0.html\" rel=\"nofollow noopener\" target=\"_blank\">el primero que cree haber hecho \u00absin miedo al fracaso\u00bb<\/a><\/b>. \u00abEn los a\u00f1os que he estado haciendo m\u00fasica siempre ha sido desde de la creencia de que ir\u00eda bien, que es algo de fuera hacia adentro. Pero esta confianza, que va de dentro a fuera, es la primera vez que me sale\u00bb, ha a\u00f1adido.<\/p>\n<p class=\"c-paragraph\">En una charla con la periodista Mar Vallverd\u00fa, la catalana ha explicado que\u00a0<b><b>lleva cerca de tres a\u00f1os trabajando<\/b><\/b>\u00a0en un proyecto que comenz\u00f3 a idear a nivel conceptual ya durante el final de la gira de\u00a0Motomami.<\/p>\n<p class=\"c-paragraph\">Pese a que ha desvelado el nombre de este cuarto \u00e1lbum a Vallverd\u00fa, un pitido lo ha tapado, por lo que los seguidores tendr\u00e1n que seguir\u00a0<b><b>especulando con la posibilidad de que este trabajo se llame<\/b><\/b>\u00a0LUX, una teor\u00eda que cogi\u00f3 fuerza despu\u00e9s de un mensaje en su cuenta de X que rezaba: \u00abLUX= LOVE\u00bb.<\/p>\n<p class=\"c-paragraph\">Durante el p\u00f3dcast, tambi\u00e9n ha incidido que\u00a0<b><b>tiene un deseo que sabe que \u00abeste mundo no puede satisfacer\u00bb.\u00a0<\/b><\/b>\u00abMe he pasado toda la vida con esta sensaci\u00f3n de vac\u00edo. A veces te confundes, pensando que con algo material lo puedes llenar, con una experiencia, un l\u00edo en el que te metes o incluso las relaciones rom\u00e1nticas en las que pones a la pareja en un pedestal. A lo mejor estamos confundiendo este espacio.\u00a0<b><b>Ser\u00e1 que este espacio es el espacio de Dios, el de una divinidad<\/b><\/b>. Igual Dios es el \u00fanico que lo puede llenar\u00bb, ha explicado Rosal\u00eda a Vallverd\u00fa.<\/p>\n<p class=\"c-paragraph\">Pero tambi\u00e9n ha habido espacio para temas m\u00e1s \u00edntimos y personales, como su situaci\u00f3n sentimental. \u00abNo tengo espacio para crushes, ni ganas de distracciones\u00bb, ha afirmado. \u00ab<b>Estoy soltera y soy volcel, o sea, estoy practicando un celibato voluntario. Ahora mismo mi prioridad soy yo misma, mi arte, mi tiempo<\/b>\u00ab.<\/p>\n<p class=\"c-paragraph\">Adem\u00e1s, ha concluido con una petici\u00f3n un tanto peculiar:\u00a0\u00ab<b>Pido que, si me ven con un chico por la calle, no se diga autom\u00e1ticamente que es mi novio<\/b>. A veces la gente olvida que una tambi\u00e9n puede tener amigos\u00bb.<\/p>\n","protected":false},"excerpt":{"rendered":"En una entrevista en el p\u00f3dcast\u00a0Radio Noia\u00a0Rosal\u00eda ha asegurado que su pr\u00f3ximo \u00e1lbum, del que no ha desvelado&hellip;\n","protected":false},"author":2,"featured_media":187915,"comment_status":"","ping_status":"","sticky":false,"template":"","format":"standard","meta":{"footnotes":""},"categories":[91],"tags":[1779,146,147,25,24,874,2074,4147,7714,23],"class_list":{"0":"post-187914","1":"post","2":"type-post","3":"status-publish","4":"format-standard","5":"has-post-thumbnail","7":"category-entretenimiento","8":"tag-confirma","9":"tag-entertainment","10":"tag-entretenimiento","11":"tag-es","12":"tag-espana","13":"tag-esta","14":"tag-que","15":"tag-rosalia","16":"tag-soltera","17":"tag-spain"},"share_on_mastodon":{"url":"","error":""},"_links":{"self":[{"href":"https:\/\/www.europesays.com\/es\/wp-json\/wp\/v2\/posts\/187914","targetHints":{"allow":["GET"]}}],"collection":[{"href":"https:\/\/www.europesays.com\/es\/wp-json\/wp\/v2\/posts"}],"about":[{"href":"https:\/\/www.europesays.com\/es\/wp-json\/wp\/v2\/types\/post"}],"author":[{"embeddable":true,"href":"https:\/\/www.europesays.com\/es\/wp-json\/wp\/v2\/users\/2"}],"replies":[{"embeddable":true,"href":"https:\/\/www.europesays.com\/es\/wp-json\/wp\/v2\/comments?post=187914"}],"version-history":[{"count":0,"href":"https:\/\/www.europesays.com\/es\/wp-json\/wp\/v2\/posts\/187914\/revisions"}],"wp:featuredmedia":[{"embeddable":true,"href":"https:\/\/www.europesays.com\/es\/wp-json\/wp\/v2\/media\/187915"}],"wp:attachment":[{"href":"https:\/\/www.europesays.com\/es\/wp-json\/wp\/v2\/media?parent=187914"}],"wp:term":[{"taxonomy":"category","embeddable":true,"href":"https:\/\/www.europesays.com\/es\/wp-json\/wp\/v2\/categories?post=187914"},{"taxonomy":"post_tag","embeddable":true,"href":"https:\/\/www.europesays.com\/es\/wp-json\/wp\/v2\/tags?post=187914"}],"curies":[{"name":"wp","href":"https:\/\/api.w.org\/{rel}","templated":true}]}}