{"id":187931,"date":"2025-10-19T20:56:11","date_gmt":"2025-10-19T20:56:11","guid":{"rendered":"https:\/\/www.europesays.com\/es\/187931\/"},"modified":"2025-10-19T20:56:11","modified_gmt":"2025-10-19T20:56:11","slug":"muere-arturo-lopez-del-moral-presidente-del-club-ciclista-iberia-entre-1992-y-2008-2","status":"publish","type":"post","link":"https:\/\/www.europesays.com\/es\/187931\/","title":{"rendered":"Muere Arturo L\u00f3pez del Moral, presidente del Club Ciclista Iberia entre 1992 y 2008"},"content":{"rendered":"<p class=\"paragraph\"><b>Arturo L\u00f3pez del Moral, presidente del Club Ciclista Iberia<\/b> entre 1992 y 2008, falleci\u00f3 este viernes, 17 de octubre, a los 89 a\u00f1os.<\/p>\n<p class=\"paragraph\">Desde el<b> club zaragozano<\/b>, que celebr\u00f3 el centenario de su fundaci\u00f3n el pasado a\u00f1o 2024, han <b>agradecido la labor que realiz\u00f3 en sus diecinueve a\u00f1os en la presidencia<\/b> y que contribuy\u00f3 a que la entidad siguiera existiendo y pudiese alcanzar los cien a\u00f1os desde que se fund\u00f3 en 1924 como una escisi\u00f3n del Iberia Sport Club, del que termin\u00f3 naciendo el Real Zaragoza.<\/p>\n<p class=\"paragraph\"><b>Durante la presidencia<\/b> de L\u00f3pez del Moral, la <a href=\"https:\/\/www.heraldo.es\/tags\/temas\/vuelta_aragon.html\" title=\"Vuelta Arag\u00f3n\" rel=\"nofollow noopener\" target=\"_blank\">Vuelta a Arag\u00f3n<\/a> <b>dej\u00f3 de organizarse en 2006<\/b>, la \u00faltima fue en 2005 con triunfo de Rub\u00e9n Plaza en una de las \u00e9pocas m\u00e1s dif\u00edciles del ciclismo espa\u00f1ol en unos a\u00f1os en los que desaparecieron un buen n\u00famero de pruebas de \u00e9lite del calendario nacional.<\/p>\n<p class=\"paragraph\">El Club Ciclista Iberia, a trav\u00e9s de sus <a href=\"https:\/\/www.heraldo.es\/tags\/temas\/redes_sociales.html\" title=\"Redes Sociales\" rel=\"nofollow noopener\" target=\"_blank\">redes sociales<\/a>, ha expresado su m\u00e1s <b>sentido p\u00e9same<\/b> de parte de todos sus componentes para familiares y amigos. del Club Ciclista Iberia para la familia y amigos. <b>\u00abGracias Arturo, por tu entrega y tu legado\u00bb.\u00a0<\/b><\/p>\n","protected":false},"excerpt":{"rendered":"Arturo L\u00f3pez del Moral, presidente del Club Ciclista Iberia entre 1992 y 2008, falleci\u00f3 este viernes, 17 de&hellip;\n","protected":false},"author":2,"featured_media":187932,"comment_status":"","ping_status":"","sticky":false,"template":"","format":"standard","meta":{"footnotes":""},"categories":[273],"tags":[4499,52793,313,312,168,25,24,4009,23,167,491],"class_list":{"0":"post-187931","1":"post","2":"type-post","3":"status-publish","4":"format-standard","5":"has-post-thumbnail","7":"category-ciclismo","8":"tag-aragon","9":"tag-arturo-lopez-del-moral","10":"tag-ciclismo","11":"tag-cycling","12":"tag-deportes","13":"tag-es","14":"tag-espana","15":"tag-obituario","16":"tag-spain","17":"tag-sports","18":"tag-zaragoza"},"share_on_mastodon":{"url":"","error":""},"_links":{"self":[{"href":"https:\/\/www.europesays.com\/es\/wp-json\/wp\/v2\/posts\/187931","targetHints":{"allow":["GET"]}}],"collection":[{"href":"https:\/\/www.europesays.com\/es\/wp-json\/wp\/v2\/posts"}],"about":[{"href":"https:\/\/www.europesays.com\/es\/wp-json\/wp\/v2\/types\/post"}],"author":[{"embeddable":true,"href":"https:\/\/www.europesays.com\/es\/wp-json\/wp\/v2\/users\/2"}],"replies":[{"embeddable":true,"href":"https:\/\/www.europesays.com\/es\/wp-json\/wp\/v2\/comments?post=187931"}],"version-history":[{"count":0,"href":"https:\/\/www.europesays.com\/es\/wp-json\/wp\/v2\/posts\/187931\/revisions"}],"wp:featuredmedia":[{"embeddable":true,"href":"https:\/\/www.europesays.com\/es\/wp-json\/wp\/v2\/media\/187932"}],"wp:attachment":[{"href":"https:\/\/www.europesays.com\/es\/wp-json\/wp\/v2\/media?parent=187931"}],"wp:term":[{"taxonomy":"category","embeddable":true,"href":"https:\/\/www.europesays.com\/es\/wp-json\/wp\/v2\/categories?post=187931"},{"taxonomy":"post_tag","embeddable":true,"href":"https:\/\/www.europesays.com\/es\/wp-json\/wp\/v2\/tags?post=187931"}],"curies":[{"name":"wp","href":"https:\/\/api.w.org\/{rel}","templated":true}]}}