{"id":187954,"date":"2025-10-19T21:10:10","date_gmt":"2025-10-19T21:10:10","guid":{"rendered":"https:\/\/www.europesays.com\/es\/187954\/"},"modified":"2025-10-19T21:10:10","modified_gmt":"2025-10-19T21:10:10","slug":"nino-becerra-pronostica-cuando-dejara-de-subir-el-precio-de-la-vivienda-se-ha-encaminado-hacia-la-especulacion","status":"publish","type":"post","link":"https:\/\/www.europesays.com\/es\/187954\/","title":{"rendered":"Ni\u00f1o Becerra pronostica cu\u00e1ndo dejar\u00e1 de subir el precio de la vivienda: \u00abSe ha encaminado hacia la especulaci\u00f3n\u00bb"},"content":{"rendered":"<p class=\"v-mdl-ath__p v-mdl-ath__p--6\">\nDomingo, 19 de octubre 2025, 01:00<\/p>\n<p class=\"v-p\">En Espa\u00f1a el precio de la vivienda est\u00e1 disparado. La alta demanda y la escasa oferta hacen que acceder a una sea muy dif\u00edcil o directamente imposible para la mayor\u00eda de la poblaci\u00f3n. Este problema se agudiza en las grandes ciudades, pero incluso en el extrarradio o en los pueblos los precios han seguido subiendo sin parar. A finales de 2024 alcanz\u00f3 los 2.271 euros el metro cuadrado y marc\u00f3 un nuevo m\u00e1ximo hist\u00f3rico, seg\u00fan Idealista. <a href=\"https:\/\/www.lasprovincias.es\/economia\/puede-comprarse-casa-comunitat-parejas-hijos-superan-20251014122528-nt.html\" title=\"www.lasprovincias.es\" data-voc-vtm-id=\"in-text-traffic\" data-mrf-link=\"www.lasprovincias.es\" rel=\"nofollow noopener\" target=\"_blank\">Los j\u00f3venes son los que m\u00e1s sufren esta realidad<\/a>. <\/p>\n<p class=\"v-p\">Los datos de la compra de vivienda entre los j\u00f3venes espa\u00f1oles entre 18 y 30 a\u00f1os se han reducido a menos de la mitad en 18 a\u00f1os, hasta al 9,5%, muy lejos del porcentaje que se alcanzaba en pleno boom del sector inmobiliario, del 22,5% en 2007, y que elevado la mediana de edad de los compradores entre 47 y 48 a\u00f1os, ocho m\u00e1s que en 2007, cuando estaba en 40 a\u00f1os, seg\u00fan cifras el director general del Centro Tecnol\u00f3gico del Notariado, Alberto Mart\u00ednez.<\/p>\n<p class=\"v-p\">El economista barcelon\u00e9s <a href=\"https:\/\/www.lasprovincias.es\/economia\/nino-becerra-tajante-sobre-ayuda-alquiler-opcion-20250921004556-nt.html\" title=\"www.lasprovincias.es\" data-voc-vtm-id=\"in-text-traffic\" data-mrf-link=\"www.lasprovincias.es\" rel=\"nofollow noopener\" target=\"_blank\">Santiago Ni\u00f1o Becerra<\/a> ha hablado de esta realidad en una entrevista para Catalunya Radio. El catedr\u00e1tico de Estructura Econ\u00f3mica en el Instituto Qu\u00edmico de Sarri\u00e1 de la Universidad Ram\u00f3n Llull de Barcelona se ha atrevido a pronosticar cu\u00e1ndo comenzar\u00e1n a bajar\u00e1n los precios. \u00abDejar\u00e1n de subir cuando simplemente la clase media no pueda pagar m\u00e1s\u00bb, ha afirmado.<\/p>\n<p><a href=\"http:\/\/www.lasprovincias.es\/economia\/economista-gonzalo-bernardos-contundente-futuro-vivienda-vamos-20251013014305-nt.html#vtm_modulosEngag=mod-rel:economia:noticia:1:cmp:1-not\" class=\"v-a-link\" aria-label=\"Imagen\" rel=\"nofollow noopener\" target=\"_blank\"><\/p>\n<p><img decoding=\"async\" loading=\"lazy\" src=\"https:\/\/www.europesays.com\/es\/wp-content\/uploads\/2025\/10\/113663223-kceF--366x256@Las Provincias.jpg\" class=\"v-a-img\" width=\"258\" height=\"180\" alt=\"\" data-voc-vtm-id=\"in-text-traffic\"\/><\/p>\n<p><\/a><\/p>\n<p class=\"v-p\">A continuaci\u00f3n ha explicado a qu\u00e9 se refeire con esta expresi\u00f3n: \u00abQuiero decir que no habr\u00e1 capacidad de endeudamiento e incremento salarial\u00bb. Para Becerra \u00ablos precios de venta y alquiler de vivienda dejar\u00e1n de subir pronto\u00bb. Apunta directamente a los culpables de una situaci\u00f3n l\u00edmite: \u00abDe alguna forma se ha querido llegar aqu\u00ed. Desde el a\u00f1o 1950 han pasado gobiernos de todos los colores\u00bb.<\/p>\n<p class=\"v-p\">Se ha remontado a los tiempos del franquismo para explicar c\u00f3mo ha evolucionado la tendencia: \u00abConstruy\u00f3 mucha vivienda de protecci\u00f3n oficial, que ser\u00eda el equivalente; lo que pasa es que era de venta y con protecci\u00f3n de pocos a\u00f1os. Despu\u00e9s pas\u00f3 al mercado especulativo. Ahora hay un desequilibrio de precios brutal\u00ab.<\/p>\n<p class=\"v-p\">\u00abLa vivienda se ha encaminado hacia la propiedad y hacia la especulaci\u00f3n\u00bb, ha asegurado. \u00abCuando este paquete no les permite pagar m\u00e1s, esta vivienda orientada a la clase media dejar\u00e1 de subir\u00bb, ha insistido. Becerra es muy cr\u00edtico con la gesti\u00f3n pol\u00edtica que se ha hecho con esta problem\u00e1tica. Cree que no se ha hecho suficiente y pone como ejemplo las medidas adoptadas por Pa\u00edses Bajos o Austria que han desarrolado una pol\u00edtica de vivienda social efectiva, tanto de alquiler como de compra.<\/p>\n<p>Reporta un error<\/p>\n","protected":false},"excerpt":{"rendered":"Domingo, 19 de octubre 2025, 01:00 En Espa\u00f1a el precio de la vivienda est\u00e1 disparado. La alta demanda&hellip;\n","protected":false},"author":2,"featured_media":187955,"comment_status":"","ping_status":"","sticky":false,"template":"","format":"standard","meta":{"footnotes":""},"categories":[80],"tags":[52796,82,13643,95,94,25,24,899,3282,12391,23,20716,3633],"class_list":{"0":"post-187954","1":"post","2":"type-post","3":"status-publish","4":"format-standard","5":"has-post-thumbnail","7":"category-economia","8":"tag-becerra","9":"tag-business","10":"tag-dejara","11":"tag-economia","12":"tag-economy","13":"tag-es","14":"tag-espana","15":"tag-nino","16":"tag-precio","17":"tag-pronostica","18":"tag-spain","19":"tag-subir","20":"tag-vivienda"},"share_on_mastodon":{"url":"","error":""},"_links":{"self":[{"href":"https:\/\/www.europesays.com\/es\/wp-json\/wp\/v2\/posts\/187954","targetHints":{"allow":["GET"]}}],"collection":[{"href":"https:\/\/www.europesays.com\/es\/wp-json\/wp\/v2\/posts"}],"about":[{"href":"https:\/\/www.europesays.com\/es\/wp-json\/wp\/v2\/types\/post"}],"author":[{"embeddable":true,"href":"https:\/\/www.europesays.com\/es\/wp-json\/wp\/v2\/users\/2"}],"replies":[{"embeddable":true,"href":"https:\/\/www.europesays.com\/es\/wp-json\/wp\/v2\/comments?post=187954"}],"version-history":[{"count":0,"href":"https:\/\/www.europesays.com\/es\/wp-json\/wp\/v2\/posts\/187954\/revisions"}],"wp:featuredmedia":[{"embeddable":true,"href":"https:\/\/www.europesays.com\/es\/wp-json\/wp\/v2\/media\/187955"}],"wp:attachment":[{"href":"https:\/\/www.europesays.com\/es\/wp-json\/wp\/v2\/media?parent=187954"}],"wp:term":[{"taxonomy":"category","embeddable":true,"href":"https:\/\/www.europesays.com\/es\/wp-json\/wp\/v2\/categories?post=187954"},{"taxonomy":"post_tag","embeddable":true,"href":"https:\/\/www.europesays.com\/es\/wp-json\/wp\/v2\/tags?post=187954"}],"curies":[{"name":"wp","href":"https:\/\/api.w.org\/{rel}","templated":true}]}}