{"id":187961,"date":"2025-10-19T21:19:08","date_gmt":"2025-10-19T21:19:08","guid":{"rendered":"https:\/\/www.europesays.com\/es\/187961\/"},"modified":"2025-10-19T21:19:08","modified_gmt":"2025-10-19T21:19:08","slug":"ostolaza-es-tercera-en-guanxi-y-logra-su-primer-podio-en-una-prueba-world-tour","status":"publish","type":"post","link":"https:\/\/www.europesays.com\/es\/187961\/","title":{"rendered":"Ostolaza es tercera en Guanxi y logra su primer podio en una prueba World Tour"},"content":{"rendered":"<p>Usoa Ostolaza (Laboral Kutxa) fue tercera en el Tour de Guangxi, cl\u00e1sica de un d\u00eda de categor\u00eda World Tour en la que se impuso Anna  &#8230; Henderson (Lidl-Trek). Es el primer podio para la corredora zarauztarra en una prueba de la m\u00e1xima categor\u00eda, y tambi\u00e9n para su equipo .<\/p>\n<p class=\"v-p\">\u00abEstamos muy contentas con la carrera \u2013explicaba Ostolaza en la meta de Nanning\u2013. El \u00faltimo d\u00eda del Tour de Chongming las cosas no salieron como quer\u00edamos. Nos quedamos con un mal sabor de boca, no acabamos contentas. Nos quedaba esta carrera para acabar la temporada y quitarnos esa espina\u00bb.<\/p>\n<p class=\"v-p\">El Tour de Guangxi se seleccion\u00f3 en los cuatro pasos por un muro de 1,4 kil\u00f3metros al 11,7% de media, con rampas del 16,5%. En el tercer y cuarto pasos, Ostolaza fue de las m\u00e1s fuertes y solo Anna Henderson y Caroline Andersson (Jayco) se fueron por delante y en el sprint por el tercer puesto del podio la zarauztarra bati\u00f3 a cinco rivales. <\/p>\n<p class=\"v-p\">\u00abDesde el principio hemos estado atentas \u2013destac\u00f3\u2013. El muro era muy duro, ten\u00edamos que superarlo cuatro veces, y hemos intentado darlo todo. No me ve\u00eda muy bien, pero en cualquier caso estaba en el primer grupo. En la \u00faltima vuelta, me ha faltado poco para llegar con Henderson y Andersson, me he quedado a 50 metros, y he levantado el pie para formar parte del grupo perseguidor. Al final, nos hemos jugado la tercera plaza al sprint, y he conseguido el podio, el primero del WorldTour para el equipo. As\u00ed que estoy muy orgullosa porque hemos salido con cuatro corredoras y hemos sabido afrontar la carrera\u00bb.<\/p>\n<p class=\"v-p\">Ostolaza, de 27 a\u00f1os, cierra un temporada en la que ha confirmado su salto de calidad y su nivel World Tour, categor\u00eda a la que aspira a llegar el Laboral Kutxa, equipo con el que tiene contrato hasta 2027 y del que es la principal referencia, m\u00e1s a\u00fan a partir de ahora con la retirada de Ane Santesteban.<\/p>\n<p class=\"v-p\">Vencedora del Tour de Pirineos y una etapa y de dos etapas del Tour de El Salvador (segunda en la general), plata en el Campeonato de Espa\u00f1a contrarreloj y bronce en el de l\u00ednea, segunda en la clasificaci\u00f3n de la monta\u00f1a del Giro de Italia \u2013tambi\u00e9n disput\u00f3 el Tour de Francia\u2013 y 12\u00aa en la Vuelta a Espa\u00f1a \u2013quinta en la etapa reina\u2013. En la recta final de la temporada, ha vuelto a ser competitiva, quinta en el Tour de Valonia, segunda en la Vuelta a Andaluc\u00eda, quinta en el GP Ciudad Eibar \u2013una ca\u00edda evit\u00f3 su victoria\u2013, disput\u00f3 el Mundial de Kigali y el podio de Guangxi redondea su 2025.<\/p>\n<p>Quinta de Paul Magnier<\/p>\n<p class=\"v-p\">Paul Magnier (Soudal) se hizo con la victoria en la sexta y \u00faltima etapa del Tour de Guangxi. El franc\u00e9s, de 21 a\u00f1os, se impuso al sprint y sum\u00f3 su quinto triunfo y el 19\u00ba de la temporada, a solo uno de Tadej Pogacar.<\/p>\n<p class=\"v-p\">El brit\u00e1nico Paul Double (Jayco) se llev\u00f3 la clasificaci\u00f3n general con Victor Lafay (Decathlon) y Jhonatan Narv\u00e1ez (UAE), segundo y tercero.<\/p>\n<p class=\"v-p\">El World Tour 2026 comenzar\u00e1 el 20 de enero con el Tour Down Under.<\/p>\n","protected":false},"excerpt":{"rendered":"Usoa Ostolaza (Laboral Kutxa) fue tercera en el Tour de Guangxi, cl\u00e1sica de un d\u00eda de categor\u00eda World&hellip;\n","protected":false},"author":2,"featured_media":187962,"comment_status":"","ping_status":"","sticky":false,"template":"","format":"standard","meta":{"footnotes":""},"categories":[273],"tags":[313,312,168,25,24,52797,11812,40163,22058,977,2761,23,167,2393,316,65],"class_list":{"0":"post-187961","1":"post","2":"type-post","3":"status-publish","4":"format-standard","5":"has-post-thumbnail","7":"category-ciclismo","8":"tag-ciclismo","9":"tag-cycling","10":"tag-deportes","11":"tag-es","12":"tag-espana","13":"tag-guanxi","14":"tag-logra","15":"tag-ostolaza","16":"tag-podio","17":"tag-primer","18":"tag-prueba","19":"tag-spain","20":"tag-sports","21":"tag-tercera","22":"tag-tour","23":"tag-world"},"share_on_mastodon":{"url":"","error":""},"_links":{"self":[{"href":"https:\/\/www.europesays.com\/es\/wp-json\/wp\/v2\/posts\/187961","targetHints":{"allow":["GET"]}}],"collection":[{"href":"https:\/\/www.europesays.com\/es\/wp-json\/wp\/v2\/posts"}],"about":[{"href":"https:\/\/www.europesays.com\/es\/wp-json\/wp\/v2\/types\/post"}],"author":[{"embeddable":true,"href":"https:\/\/www.europesays.com\/es\/wp-json\/wp\/v2\/users\/2"}],"replies":[{"embeddable":true,"href":"https:\/\/www.europesays.com\/es\/wp-json\/wp\/v2\/comments?post=187961"}],"version-history":[{"count":0,"href":"https:\/\/www.europesays.com\/es\/wp-json\/wp\/v2\/posts\/187961\/revisions"}],"wp:featuredmedia":[{"embeddable":true,"href":"https:\/\/www.europesays.com\/es\/wp-json\/wp\/v2\/media\/187962"}],"wp:attachment":[{"href":"https:\/\/www.europesays.com\/es\/wp-json\/wp\/v2\/media?parent=187961"}],"wp:term":[{"taxonomy":"category","embeddable":true,"href":"https:\/\/www.europesays.com\/es\/wp-json\/wp\/v2\/categories?post=187961"},{"taxonomy":"post_tag","embeddable":true,"href":"https:\/\/www.europesays.com\/es\/wp-json\/wp\/v2\/tags?post=187961"}],"curies":[{"name":"wp","href":"https:\/\/api.w.org\/{rel}","templated":true}]}}