{"id":187988,"date":"2025-10-19T21:36:14","date_gmt":"2025-10-19T21:36:14","guid":{"rendered":"https:\/\/www.europesays.com\/es\/187988\/"},"modified":"2025-10-19T21:36:14","modified_gmt":"2025-10-19T21:36:14","slug":"resultados-de-las-elecciones-en-bolivia-en-vivo-inicia-el-conteo-de-votos-para-decidir-el-proximo-presidente-entre-rodrigo-paz-y-tuto-quiroga","status":"publish","type":"post","link":"https:\/\/www.europesays.com\/es\/187988\/","title":{"rendered":"Resultados de las elecciones en Bolivia, en vivo | Inicia el conteo de votos para decidir el pr\u00f3ximo presidente entre Rodrigo Paz y Tuto Quiroga"},"content":{"rendered":"<p class=\"ev-title\">Cierran los colegios electorales y arranca el conteo de votos en Bolivia<\/p>\n<p>A las cuatro de\u00a0la tarde hora local cerraron los colegios electorales en Bolivia. Inicia ahora el conteo de los votos de la segunda vuelta.<\/p>\n<p>Los dos candidatos a la presidencia, Rodrigo Paz y Jorge Tuto Quiroga, esperar\u00e1n el resultado en la ciudad de La Paz. El Tribunal Electoral espera dar los primeros porcentajes a partir de las ocho de la noche.<\/p>\n<p>Rodrigo Paz, que se present\u00f3 bajo las siglas del Partido Dem\u00f3crata Cristiano (PDC), vot\u00f3 temprano en la ma\u00f1ana en Tarija (sur), ciudad de la que fue alcalde. \u201cSon momentos muy dif\u00edciles, pero Bolivia tiene grandes oportunidades para salir adelante\u201d, dijo, en referencia a la recesi\u00f3n econ\u00f3mica que devasta al pa\u00eds con alta inflaci\u00f3n, falta de d\u00f3lares y desabastecimiento de gasolina. Paz dijo que ya hab\u00eda hablado con los partidos del Parlamento para, en caso de ganar, garantizar la gobernabilidad y avanzar en las reformas que considere necesarias. \u201cCon nuestra bancada hacemos mayor\u00eda con cualquiera de las fuerzas y no as\u00ed al rev\u00e9s\u201d, dijo. El dardo fue para\u00a0Quiroga, su rival de la alianza Libre.<\/p>\n<p>Los sondeos muestran que Paz capt\u00f3 el voto del occidente del pa\u00eds, andino y con predominancia aimara y quechua, mientras que Tuto Quiroga fue imbatible en la parte oriental y selv\u00e1tica, de mayor\u00eda criolla y vinculada a la industria agroexportadora. El expresidente conservador acompa\u00f1\u00f3 a su padre de 92 a\u00f1os a un colegio electoral en Cochabamba, la ciudad donde naci\u00f3 hace 65 a\u00f1os, y se traslad\u00f3 luego en avi\u00f3n privado a\u00a0La Paz, donde vot\u00f3. \u201cRuego a todos que salgamos a votar. Aprovechen esta ventana para cambiar 20 a\u00f1os que fueron destructivos. Viene ahora un futuro luminoso\u201d, dijo al enjambre de periodistas que lo abord\u00f3 a la salida del colegio.<\/p>\n<p>La gran crispaci\u00f3n pol\u00edtica que marc\u00f3 la campa\u00f1a se apag\u00f3 r\u00e1pidamente durante la jornada electoral. La prohibici\u00f3n de circulaci\u00f3n para cualquier tipo de veh\u00edculo produce en las grandes ciudades un efecto de vaciamiento que resalta el car\u00e1cter pac\u00edfico que suelen tener las elecciones en Bolivia. Como la elecci\u00f3n fue entre solo dos candidatos, el recuento se espera\u00a0veloz. Ambos aspirantes anticiparon que reconocer\u00e1n el resultado, cualquiera sea.<\/p>\n<p>La voz discordante fue la de Evo Morales, impedido por la Constituci\u00f3n para una nueva reelecci\u00f3n y hoy refugiado en la regi\u00f3n cocalera del Chapare. Resiste all\u00ed una orden de detenci\u00f3n por presunto abuso sexual de menores. Morales vot\u00f3, de todas formas, y dijo que ni Paz ni Tuto Quiroga representan \u201cal pueblo y a los ind\u00edgenas\u201d. Ese papel lo reserva para \u00e9l.<\/p>\n","protected":false},"excerpt":{"rendered":"Cierran los colegios electorales y arranca el conteo de votos en Bolivia A las cuatro de\u00a0la tarde hora&hellip;\n","protected":false},"author":2,"featured_media":187989,"comment_status":"","ping_status":"","sticky":false,"template":"","format":"standard","meta":{"footnotes":""},"categories":[5],"tags":[889,8997,17,18,4246,4374,20567,23686,25,24,20568,13,14,11,20571,19,20,1804,20569,9,10,15,16,957,25600,23,12,21,22],"class_list":{"0":"post-187988","1":"post","2":"type-post","3":"status-publish","4":"format-standard","5":"has-post-thumbnail","7":"category-titulares","8":"tag-america","9":"tag-bolivia","10":"tag-breaking-news","11":"tag-breakingnews","12":"tag-campanas-electorales","13":"tag-elecciones","14":"tag-elecciones-bolivia","15":"tag-elecciones-presidenciales","16":"tag-es","17":"tag-espana","18":"tag-evo-morales","19":"tag-featured-news","20":"tag-featurednews","21":"tag-headlines","22":"tag-jorge-f-quiroga","23":"tag-latest-news","24":"tag-latestnews","25":"tag-latinoamerica","26":"tag-luis-arce","27":"tag-news","28":"tag-noticias","29":"tag-noticias-destacadas","30":"tag-noticiasdestacadas","31":"tag-partidos-politicos","32":"tag-rodrigo-paz-pereira","33":"tag-spain","34":"tag-titulares","35":"tag-ultimas-noticias","36":"tag-ultimasnoticias"},"share_on_mastodon":{"url":"","error":""},"_links":{"self":[{"href":"https:\/\/www.europesays.com\/es\/wp-json\/wp\/v2\/posts\/187988","targetHints":{"allow":["GET"]}}],"collection":[{"href":"https:\/\/www.europesays.com\/es\/wp-json\/wp\/v2\/posts"}],"about":[{"href":"https:\/\/www.europesays.com\/es\/wp-json\/wp\/v2\/types\/post"}],"author":[{"embeddable":true,"href":"https:\/\/www.europesays.com\/es\/wp-json\/wp\/v2\/users\/2"}],"replies":[{"embeddable":true,"href":"https:\/\/www.europesays.com\/es\/wp-json\/wp\/v2\/comments?post=187988"}],"version-history":[{"count":0,"href":"https:\/\/www.europesays.com\/es\/wp-json\/wp\/v2\/posts\/187988\/revisions"}],"wp:featuredmedia":[{"embeddable":true,"href":"https:\/\/www.europesays.com\/es\/wp-json\/wp\/v2\/media\/187989"}],"wp:attachment":[{"href":"https:\/\/www.europesays.com\/es\/wp-json\/wp\/v2\/media?parent=187988"}],"wp:term":[{"taxonomy":"category","embeddable":true,"href":"https:\/\/www.europesays.com\/es\/wp-json\/wp\/v2\/categories?post=187988"},{"taxonomy":"post_tag","embeddable":true,"href":"https:\/\/www.europesays.com\/es\/wp-json\/wp\/v2\/tags?post=187988"}],"curies":[{"name":"wp","href":"https:\/\/api.w.org\/{rel}","templated":true}]}}