{"id":187996,"date":"2025-10-19T21:42:11","date_gmt":"2025-10-19T21:42:11","guid":{"rendered":"https:\/\/www.europesays.com\/es\/187996\/"},"modified":"2025-10-19T21:42:11","modified_gmt":"2025-10-19T21:42:11","slug":"espana-domina-la-xxxi-copa-de-europa-de-ciclismo-masters-celebrada-en-el-port-de-pollenca","status":"publish","type":"post","link":"https:\/\/www.europesays.com\/es\/187996\/","title":{"rendered":"Espa\u00f1a domina la XXXI Copa de Europa de Ciclismo Masters celebrada en el Port de Pollen\u00e7a"},"content":{"rendered":"<p>La XXXI edici\u00f3n de la<strong> Copa de Europa de <a href=\"https:\/\/www.ultimahora.es\/etiqueta\/ciclismo.html?utm_source=Inline-tag&amp;utm_medium=internal\" rel=\"nofollow noopener\" target=\"_blank\">Ciclismo<\/a> <a href=\"https:\/\/www.ultimahora.es\/etiqueta\/masters.html?utm_source=Inline-tag&amp;utm_medium=internal\" rel=\"nofollow noopener\" target=\"_blank\">Masters<\/a><\/strong> se ha disputado este domingo con salida y llegada en<strong> Pro Cycle Hire Mallorca, en el <a href=\"https:\/\/www.ultimahora.es\/etiqueta\/Port+de+Pollen%C3%A7a.html?utm_source=Inline-tag&amp;utm_medium=internal\" rel=\"nofollow noopener\" target=\"_blank\">Port de Pollen\u00e7a<\/a><\/strong>, y ha coronado a Espa\u00f1a como gran dominadora del medallero, con 15 metales, cuatro de ellos oros. <strong>Los triunfos espa\u00f1oles han llegado de la mano de los mallorquines Adri\u00e0 Barcel\u00f3 (M30), Juan Antonio Segovia (M35) y Jaume Font (M65), adem\u00e1s de Javier Helguera (M45)<\/strong>, que se han proclamado campeones de Europa en sus respectivas categor\u00edas. Los corredores brit\u00e1nicos han sumado tres medallas, una de ellas de oro gracias a Anthony Greenhalgh (M50), mientras que Alemania, Dinamarca, Pa\u00edses Bajos y B\u00e9lgica se han repartido el resto de preseas.<\/p>\n<p>La jornada ha arrancado con la salida de los Masters 50-60, que han completado un recorrido de 83,9 kil\u00f3metros. <strong>El brit\u00e1nico Anthony Greenhalgh se ha impuesto al sprint del pelot\u00f3n con un tiempo de 1h44\u201938\u2019\u2019<\/strong>. A continuaci\u00f3n, se ha disputado la prueba de los Masters 30-40, sobre 126,6 kil\u00f3metros, en la que el alem\u00e1n Peter Richter se ha llevado la victoria tambi\u00e9n al sprint, con un registro de 2h41\u201908\u2019\u2019.<\/p>\n<p><img loading=\"lazy\" decoding=\"async\" src=\"https:\/\/www.europesays.com\/es\/wp-content\/uploads\/2025\/10\/3523651.jpg\" border=\"0\" alt=\"\" width=\"2048\" height=\"1362\"\/><\/p>\n<p>Juan Antonio Segovia y Antonius Wubben, ganadores de la Semana<\/p>\n<p>La Copa de Europa Masters ha definido tambi\u00e9n<strong> los ganadores absolutos de la XXVIII Semana Internacional, que han sido el local Juan Antonio Segovia en Masters 30-40<\/strong>, su tercer triunfo consecutivo, y<strong> el brit\u00e1nico Antonius Wubben en Masters 50-60<\/strong>.<\/p>\n<p><img loading=\"lazy\" decoding=\"async\" src=\"https:\/\/www.europesays.com\/es\/wp-content\/uploads\/2025\/10\/3523655.jpg\" border=\"0\" alt=\"\" width=\"2048\" height=\"1536\"\/><\/p>\n<p>Con la entrega de premios, presidida por Mateu Tugores, Antoni C\u00e0naves y Maria Jos\u00e9 Jim\u00e9nez, regidores de Pollen\u00e7a, adem\u00e1s de Bruce y Lisa Griffiths, de Pro Cycle Hire Mallorca y Pro Cycle Caf\u00e9, y por Toni Bauz\u00e0, presidente de la Federaci\u00f3n de Ciclismo, ha concluido una nueva edici\u00f3n de la Semana que ha reunido a casi 300 ciclistas de 15 nacionalidades.<\/p>\n<p><img loading=\"lazy\" decoding=\"async\" src=\"https:\/\/www.europesays.com\/es\/wp-content\/uploads\/2025\/10\/3523649.jpg\" border=\"0\" alt=\"\" width=\"2048\" height=\"1362\"\/><\/p>\n<p>La XXVIII Setmana Internacional de Ciclisme Masters Mallorca \u00e9s un esdeveniment organitzat per Unisport Consulting i compta amb el patrocini principal de Luxcom, el Govern de les Illes Balears, que finan\u00e7a aquest projecte a trav\u00e9s dels fons de l&#8217;Impost de Turisme Sostenible (ITS), els Ajuntaments de<br \/>Llucmajor, Palma i Pollen\u00e7a, Garden Hotels i Pro Cycle.<\/p>\n","protected":false},"excerpt":{"rendered":"La XXXI edici\u00f3n de la Copa de Europa de Ciclismo Masters se ha disputado este domingo con salida&hellip;\n","protected":false},"author":2,"featured_media":187997,"comment_status":"","ping_status":"","sticky":false,"template":"","format":"standard","meta":{"footnotes":""},"categories":[273],"tags":[313,312,1916,168,25,24,329,5126,1915,52804,52805,23,167,327,1794,1917],"class_list":{"0":"post-187996","1":"post","2":"type-post","3":"status-publish","4":"format-standard","5":"has-post-thumbnail","7":"category-ciclismo","8":"tag-ciclismo","9":"tag-cycling","10":"tag-deporte-balear","11":"tag-deportes","12":"tag-es","13":"tag-espana","14":"tag-golf","15":"tag-masters","16":"tag-otros-deportes","17":"tag-port-de-pollenca","18":"tag-semana-internacional-de-ciclismo-masters","19":"tag-spain","20":"tag-sports","21":"tag-tenis","22":"tag-vela","23":"tag-voleibol"},"share_on_mastodon":{"url":"","error":""},"_links":{"self":[{"href":"https:\/\/www.europesays.com\/es\/wp-json\/wp\/v2\/posts\/187996","targetHints":{"allow":["GET"]}}],"collection":[{"href":"https:\/\/www.europesays.com\/es\/wp-json\/wp\/v2\/posts"}],"about":[{"href":"https:\/\/www.europesays.com\/es\/wp-json\/wp\/v2\/types\/post"}],"author":[{"embeddable":true,"href":"https:\/\/www.europesays.com\/es\/wp-json\/wp\/v2\/users\/2"}],"replies":[{"embeddable":true,"href":"https:\/\/www.europesays.com\/es\/wp-json\/wp\/v2\/comments?post=187996"}],"version-history":[{"count":0,"href":"https:\/\/www.europesays.com\/es\/wp-json\/wp\/v2\/posts\/187996\/revisions"}],"wp:featuredmedia":[{"embeddable":true,"href":"https:\/\/www.europesays.com\/es\/wp-json\/wp\/v2\/media\/187997"}],"wp:attachment":[{"href":"https:\/\/www.europesays.com\/es\/wp-json\/wp\/v2\/media?parent=187996"}],"wp:term":[{"taxonomy":"category","embeddable":true,"href":"https:\/\/www.europesays.com\/es\/wp-json\/wp\/v2\/categories?post=187996"},{"taxonomy":"post_tag","embeddable":true,"href":"https:\/\/www.europesays.com\/es\/wp-json\/wp\/v2\/tags?post=187996"}],"curies":[{"name":"wp","href":"https:\/\/api.w.org\/{rel}","templated":true}]}}