{"id":187998,"date":"2025-10-19T21:44:05","date_gmt":"2025-10-19T21:44:05","guid":{"rendered":"https:\/\/www.europesays.com\/es\/187998\/"},"modified":"2025-10-19T21:44:05","modified_gmt":"2025-10-19T21:44:05","slug":"unicaja-vs-barca-resultado-resumen-y-cronica","status":"publish","type":"post","link":"https:\/\/www.europesays.com\/es\/187998\/","title":{"rendered":"Unicaja vs Bar\u00e7a: resultado, resumen y cr\u00f3nica"},"content":{"rendered":"<p>El Bar\u00e7a respir\u00f3 al fin en la Liga Endesa. El conjunto azulgrana logr\u00f3 su primer triunfo de la temporada tras imponerse al Unicaja (77-83) en el Mart\u00edn Carpena.<\/p>\n<p>La jornada, cargada de simbolismo, comenz\u00f3 con un gesto emotivo de los locales hacia su excompa\u00f1ero Tyson Carter, hospitalizado por una embolia pulmonar. Los jugadores del Unicaja saltaron al calentamiento con camisetas que rezaban \u201cStay Strong\u201d junto a la imagen del escolta estadounidense, en una ovaci\u00f3n un\u00e1nime del Carpena.<\/p>\n<blockquote class=\"twitter-tweet\">\n<p dir=\"ltr\" lang=\"es\">\ud83d\udc9a Las camisetas del <a href=\"https:\/\/twitter.com\/unicajaCB?ref_src=twsrc%5Etfw\" rel=\"nofollow noopener\" target=\"_blank\">@unicajaCB<\/a> en apoyo a Tyson Carter.<\/p>\n<p>El ex jugador del Unicaja se encuentra hospitalizado por una embolia pulmonar. <a href=\"https:\/\/t.co\/8yDYkQ1exX\" rel=\"nofollow\">pic.twitter.com\/8yDYkQ1exX<\/a><\/p>\n<p>\u2014 Gigantes del Basket (@GIGANTESbasket) <a href=\"https:\/\/twitter.com\/GIGANTESbasket\/status\/1979956065824555118?ref_src=twsrc%5Etfw\" rel=\"nofollow noopener\" target=\"_blank\">October 19, 2025<\/a><\/p>\n<\/blockquote>\n<p>El duelo no dio respiro desde el salto inicial. El Bar\u00e7a golpe\u00f3 pronto con cuatro triples consecutivos, obra de Juani Marcos, Will Clyburn y Kevin Punter, para tomar la primera ventaja. En el otro lado, Tyson P\u00e9rez y Nihad Djedovic mantuvieron con vida a los malague\u00f1os en un primer cuarto fren\u00e9tico (18-22).<\/p>\n<p>El segundo acto elev\u00f3 la tensi\u00f3n, con momentos calientes entre Chris Duarte y Punter, resueltos con una doble falta y t\u00e9cnica al azulgrana. Los visitantes se mantuvieron firmes con la aportaci\u00f3n de Willy Hernang\u00f3mez y el acierto exterior de Marcos, que enviaron al Bar\u00e7a al descanso con +5 (34-39).<\/p>\n<p>Tras el paso por vestuarios, el equipo de Ibon Navarro trat\u00f3 de reaccionar desde el triple, pero los malos porcentajes (5\/33) penalizaron su esfuerzo. Tillie, P\u00e9rez y Kravish sostuvieron a Unicaja, mientras Clyburn y Vesely respond\u00edan con solvencia para mantener la renta.<\/p>\n<blockquote class=\"twitter-tweet\">\n<p dir=\"ltr\" lang=\"es\">La calidad de Kevin Punter <a href=\"https:\/\/twitter.com\/KPJunior_?ref_src=twsrc%5Etfw\" rel=\"nofollow noopener\" target=\"_blank\">@KPJunior_<\/a> \ud83e\udd0c<\/p>\n<p><a href=\"https:\/\/t.co\/oIHcyXm58b\" rel=\"nofollow\">pic.twitter.com\/oIHcyXm58b<\/a><\/p>\n<p>\u2014 Gigantes del Basket (@GIGANTESbasket) <a href=\"https:\/\/twitter.com\/GIGANTESbasket\/status\/1979960905308791240?ref_src=twsrc%5Etfw\" rel=\"nofollow noopener\" target=\"_blank\">October 19, 2025<\/a><\/p>\n<\/blockquote>\n<p>El \u00faltimo cuarto fue una batalla sin concesiones. Unicaja lleg\u00f3 a igualar el marcador, pero entonces emergi\u00f3 la figura de Tornike Shengelia, decisivo con una lecci\u00f3n de liderazgo en los minutos finales. El georgiano monopoliz\u00f3 el ataque cul\u00e9, anotando y forzando faltas clave que permitieron sellar una victoria bals\u00e1mica para el Bar\u00e7a.<\/p>\n<p>Unicaja \u2013 Bar\u00e7a: Resultado y marcador de la Jornada 2 de Liga Endesa<\/p>\n<tr>\n<td><strong>Equipo<\/strong><\/td>\n<td><strong>1C<\/strong><\/td>\n<td><strong>2C<\/strong><\/td>\n<td><strong>3C<\/strong><\/td>\n<td><strong>4C<\/strong><\/td>\n<td><strong>Final<\/strong><\/td>\n<\/tr>\n<tr>\n<td>Unicaja<\/td>\n<td>18<\/td>\n<td>16<\/td>\n<td>23<\/td>\n<td>20<\/td>\n<td>77<\/td>\n<\/tr>\n<tr>\n<td>Bar\u00e7a<\/td>\n<td>22<\/td>\n<td>17<\/td>\n<td>23<\/td>\n<td>21<\/td>\n<td>83<\/td>\n<\/tr>\n<p style=\"text-align: right;\">Foto: acb Photo \/ Sara Gordon<\/p>\n<p><img decoding=\"async\" src=\"https:\/\/www.europesays.com\/es\/wp-content\/uploads\/2025\/10\/1760910245_699_mtracking.gif\" alt=\"Etiquetas de Mautic\" style=\"display:none;\"\/><\/p>\n<p><a href=\"https:\/\/www.gigantes.com\/tienda\/hemeroteca\/guia-nba-2025-26-no-1-561-octubre-2025\/\" rel=\"nofollow noopener\" target=\"_blank\"><img loading=\"lazy\" decoding=\"async\" class=\"aligncenter wp-image-761455 size-large\" src=\"https:\/\/www.europesays.com\/es\/wp-content\/uploads\/2025\/10\/INSTAGRAM-2-1024x1024.jpg.webp.webp\" alt=\"Gu\u00eda NBA\" width=\"680\" height=\"680\"  \/><\/a><\/p>\n<p>\t\t\t\t\t<img loading=\"lazy\" decoding=\"async\" src=\"https:\/\/www.europesays.com\/es\/wp-content\/uploads\/2025\/10\/mano.png\" width=\"60\" height=\"60\" alt=\"Deliza hacia abajo\"\/>Sigue deslizando hacia abajo para ver m\u00e1s contenidos<\/p>\n<p>                <script async src=\"https:\/\/platform.twitter.com\/widgets.js\" charset=\"utf-8\"><\/script><\/p>\n","protected":false},"excerpt":{"rendered":"El Bar\u00e7a respir\u00f3 al fin en la Liga Endesa. El conjunto azulgrana logr\u00f3 su primer triunfo de la&hellip;\n","protected":false},"author":2,"featured_media":187999,"comment_status":"","ping_status":"","sticky":false,"template":"","format":"standard","meta":{"footnotes":""},"categories":[269],"tags":[299,2296,298,168,25,24,665,23,167,2246],"class_list":{"0":"post-187998","1":"post","2":"type-post","3":"status-publish","4":"format-standard","5":"has-post-thumbnail","7":"category-baloncesto","8":"tag-baloncesto","9":"tag-barca","10":"tag-basketball","11":"tag-deportes","12":"tag-es","13":"tag-espana","14":"tag-liga-endesa","15":"tag-spain","16":"tag-sports","17":"tag-unicaja"},"share_on_mastodon":{"url":"","error":""},"_links":{"self":[{"href":"https:\/\/www.europesays.com\/es\/wp-json\/wp\/v2\/posts\/187998","targetHints":{"allow":["GET"]}}],"collection":[{"href":"https:\/\/www.europesays.com\/es\/wp-json\/wp\/v2\/posts"}],"about":[{"href":"https:\/\/www.europesays.com\/es\/wp-json\/wp\/v2\/types\/post"}],"author":[{"embeddable":true,"href":"https:\/\/www.europesays.com\/es\/wp-json\/wp\/v2\/users\/2"}],"replies":[{"embeddable":true,"href":"https:\/\/www.europesays.com\/es\/wp-json\/wp\/v2\/comments?post=187998"}],"version-history":[{"count":0,"href":"https:\/\/www.europesays.com\/es\/wp-json\/wp\/v2\/posts\/187998\/revisions"}],"wp:featuredmedia":[{"embeddable":true,"href":"https:\/\/www.europesays.com\/es\/wp-json\/wp\/v2\/media\/187999"}],"wp:attachment":[{"href":"https:\/\/www.europesays.com\/es\/wp-json\/wp\/v2\/media?parent=187998"}],"wp:term":[{"taxonomy":"category","embeddable":true,"href":"https:\/\/www.europesays.com\/es\/wp-json\/wp\/v2\/categories?post=187998"},{"taxonomy":"post_tag","embeddable":true,"href":"https:\/\/www.europesays.com\/es\/wp-json\/wp\/v2\/tags?post=187998"}],"curies":[{"name":"wp","href":"https:\/\/api.w.org\/{rel}","templated":true}]}}