{"id":188000,"date":"2025-10-19T21:45:03","date_gmt":"2025-10-19T21:45:03","guid":{"rendered":"https:\/\/www.europesays.com\/es\/188000\/"},"modified":"2025-10-19T21:45:03","modified_gmt":"2025-10-19T21:45:03","slug":"la-ley-del-ex-se-ceba-con-el-levante","status":"publish","type":"post","link":"https:\/\/www.europesays.com\/es\/188000\/","title":{"rendered":"La ley del ex se ceba con el Levante"},"content":{"rendered":"<p class=\"ft-text\"><strong>El Ciutat de Val\u00e8ncia, escenario cuya fortaleza aup\u00f3 al Levante hacia los cielos de la \u00e9lite, presencia su nueva realidad desde el aturdimiento que produce la ausencia de victorias como local<\/strong>. Lo asegur\u00f3 Calero en la rueda de prensa previa al duelo frente al Rayo Vallecano:\u00a0\u00abEn casa es donde deber\u00eda basarse nuestra fuerza\u00bb, dijo, consciente de que los objetivos pasan por hacerse fuertes en territorio granota. No obstante, el sue\u00f1o est\u00e1 muy alejado de la realidad. El balance, hasta la fecha, es pobre independientemente de la envergadura de los equipos que han visitado el coliseo levantinista.<\/p>\n<p class=\"ft-text\">Todo se conjur\u00f3 para que, frente al Rayo,\u00a0el Levante\u00a0sumara su primera victoria en Orriols. Entre el buen sabor de boca tras el asalto al Carlos Tartiere, y la emoci\u00f3n de regresar a \u2018casa\u2019 tras casi un mes sin pisarla, la esperanza de sumar de tres abarrot\u00f3 los alrededores del templo de Orriols hasta que el f\u00fatbol, caprichoso como pocos entes existen en la vida, aplic\u00f3 una de sus leyes m\u00e1s letales.<strong>\u00a0Jorge De Frutos, en su primer duelo ante el Levante desde su salida en 2023, y en calidad de internacional con Espa\u00f1a, abofete\u00f3 a sus excompa\u00f1eros con dos goles<\/strong>\u00a0que poco ayudaron a un conjunto de Juli\u00e1n Calero que no mostr\u00f3 la frescura ni la soltura que acostumbra.<strong>\u00a0Apuntillada con el tanto de \u00c1lvaro Garc\u00eda en la segunda mitad<\/strong>, el Levante sufri\u00f3 una derrota de las que duelen: goleada en contra y como local (0-3), bajando, tal vez, de las nubes al equipo y record\u00e1ndole que, en la \u00e9lite, un d\u00eda malo es sin\u00f3nimo de castigo.\u00a0<\/p>\n<p>La ley del ex se ceba con el Levante<\/p>\n<p class=\"ft-text\">Todo, de hecho, se empez\u00f3 a torcer a las primeras de cambio.\u00a0<strong>Apenas transcurrieron diez minutos desde el inicio y De Frutos, rematando un centro desde la esquina de Unai L\u00f3pez, y aprovechando el despiste de Mathew Ryan en la posici\u00f3n, coloc\u00f3 el esf\u00e9rico en el fondo de la red meti\u00e9ndola en el palo corto<\/strong>. El \u201819\u2019, a pesar de que jug\u00f3 en Segunda a rega\u00f1adientes, pidi\u00f3 perd\u00f3n a una parroquia que le devolvi\u00f3 el gesto con aplausos.<\/p>\n<p class=\"ft-text\">No fue el d\u00eda del Levante independientemente de que, en un abrir y cerrar de ojos,\u00a0<strong>empat\u00f3 la contienda por mediaci\u00f3n de un Carlos \u00c1lvarez\u00a0<\/strong>que, entrando en el \u00e1rea peque\u00f1a como si de un delantero centro se tratase, aprovech\u00f3 una magn\u00edfica jugada de Toljan. El alem\u00e1n pis\u00f3 l\u00ednea de fondo, recort\u00f3 y la puso en el \u00e1rea peque\u00f1a para \u00e9xtasis de un Ciutat que, instantes despu\u00e9s, presenci\u00f3 com<strong>o Miguel Sesma anul\u00f3 la diana ante la posici\u00f3n adelantada del \u201822\u2019 durante el transcurso de la jugada<\/strong>. El \u00edmpetu de los levantinistas aup\u00f3 a una grada que, entre tanto, empez\u00f3 a frustrarse con el desquiciante arbitraje del colegiado del encuentro: blando con los rayistas y firme con los granotas a la hora de impartir justicia. Para m\u00e1s inri, el rev\u00e9s fue doble cuando, superado el ecuador del primer tiempo,\u00a0<strong>Jorge De Frutos caz\u00f3 un rechace al punto de penalti, fruto de un desajuste defensivo, para batir a Mathew Ryan con una volea potente.<\/strong><\/p>\n<p class=\"ft-text\">A\u00fan quedaba tiempo para reaccionar. O, como m\u00ednimo, para recortar diferencias e implantar emoci\u00f3n. Pese a ello, dio la sensaci\u00f3n de que no era el d\u00eda del Levante. Nada le sali\u00f3 en ning\u00fan tramo de un encuentro en el que la muralla rayista merm\u00f3 la fluidez del frente de ataque levantinista.\u00a0<strong>Una estirada de Augusto Batalla a disparo de Etta Eyong, a pocos minutos del final de la primera parte, fue lo m\u00e1s destacado, a nivel ofensivo, de un Levante que, transcurridos 20 minutos desde la reanudaci\u00f3n, recibi\u00f3 la estocada del tercer gol en contra<\/strong>. Control\u00f3 Chavarr\u00eda un bal\u00f3n a\u00e9reo, habilit\u00f3 a \u00c1lvaro Garc\u00eda y el \u201918\u2019, poco despu\u00e9s de partir desde el banquillo, noquear al equipo de Calero con un disparo cruzado.<\/p>\n<p class=\"ft-text\"><strong>Desde entonces, el Levante actu\u00f3 m\u00e1s por dignidad que por ganas<\/strong>. M\u00e1s con el coraz\u00f3n que con la cabeza, consciente de que, a veces, vale la pena detenerse, analizar su realidad y mirar hacia adelante desde la mentalidad de que no le vuelva a suceder. Y, sobre todo, de que los golpes no le afecten tanto.\u00a0<strong>Esta vez fue De Frutos, con un doblete y acogi\u00e9ndose a la ley del ex<\/strong>. Pero, en\u00a0Primera Divisi\u00f3n, hay infinidad de futbolistas que, al igual que son capaces de marcar la diferencia, no pueden desestabilizar un bloque destinado a quedarse en el lugar donde compiten los mejores.<\/p>\n","protected":false},"excerpt":{"rendered":"El Ciutat de Val\u00e8ncia, escenario cuya fortaleza aup\u00f3 al Levante hacia los cielos de la \u00e9lite, presencia su&hellip;\n","protected":false},"author":2,"featured_media":188001,"comment_status":"","ping_status":"","sticky":false,"template":"","format":"standard","meta":{"footnotes":""},"categories":[268],"tags":[52806,168,25,24,8196,280,282,3151,11415,1464,281,23,167],"class_list":{"0":"post-188000","1":"post","2":"type-post","3":"status-publish","4":"format-standard","5":"has-post-thumbnail","7":"category-futbol","8":"tag-ceba","9":"tag-deportes","10":"tag-es","11":"tag-espana","12":"tag-ex","13":"tag-football","14":"tag-futbol","15":"tag-levante","16":"tag-levante-ud","17":"tag-ley","18":"tag-soccer","19":"tag-spain","20":"tag-sports"},"share_on_mastodon":{"url":"","error":""},"_links":{"self":[{"href":"https:\/\/www.europesays.com\/es\/wp-json\/wp\/v2\/posts\/188000","targetHints":{"allow":["GET"]}}],"collection":[{"href":"https:\/\/www.europesays.com\/es\/wp-json\/wp\/v2\/posts"}],"about":[{"href":"https:\/\/www.europesays.com\/es\/wp-json\/wp\/v2\/types\/post"}],"author":[{"embeddable":true,"href":"https:\/\/www.europesays.com\/es\/wp-json\/wp\/v2\/users\/2"}],"replies":[{"embeddable":true,"href":"https:\/\/www.europesays.com\/es\/wp-json\/wp\/v2\/comments?post=188000"}],"version-history":[{"count":0,"href":"https:\/\/www.europesays.com\/es\/wp-json\/wp\/v2\/posts\/188000\/revisions"}],"wp:featuredmedia":[{"embeddable":true,"href":"https:\/\/www.europesays.com\/es\/wp-json\/wp\/v2\/media\/188001"}],"wp:attachment":[{"href":"https:\/\/www.europesays.com\/es\/wp-json\/wp\/v2\/media?parent=188000"}],"wp:term":[{"taxonomy":"category","embeddable":true,"href":"https:\/\/www.europesays.com\/es\/wp-json\/wp\/v2\/categories?post=188000"},{"taxonomy":"post_tag","embeddable":true,"href":"https:\/\/www.europesays.com\/es\/wp-json\/wp\/v2\/tags?post=188000"}],"curies":[{"name":"wp","href":"https:\/\/api.w.org\/{rel}","templated":true}]}}