{"id":188006,"date":"2025-10-19T21:48:22","date_gmt":"2025-10-19T21:48:22","guid":{"rendered":"https:\/\/www.europesays.com\/es\/188006\/"},"modified":"2025-10-19T21:48:22","modified_gmt":"2025-10-19T21:48:22","slug":"the-new-york-times-elige-este-adictivo-libro-como-uno-de-los-mejores-de-2025-y-como-lectora-empedernida-es-de-mis-favoritos-del-otono","status":"publish","type":"post","link":"https:\/\/www.europesays.com\/es\/188006\/","title":{"rendered":"&#8216;The New York Times&#8217; elige este adictivo libro como uno de los mejores de 2025 y, como lectora empedernida, es de mis favoritos del oto\u00f1o"},"content":{"rendered":"<p data-journey-content=\"true\" data-node-id=\"2\" class=\"css-6wxqfj emevuu60\"><strong data-node-id=\"2.0\">El boxeo: ese deporte que, en el siglo XXI, sigue siendo controvertido, relevante y fuente de enriquecimiento para algunos. <\/strong>Muchos visualizan el boxeo como una pr\u00e1ctica que fomenta la constancia, la disciplina, el autocontrol y la superaci\u00f3n personal, f\u00edsica y mental. Otros lo entienden como un ejercicio con un riesgo de lesiones f\u00edsicas y neurol\u00f3gicas muy alto (incluso puede causar la muerte), adem\u00e1s de fomentar la desigualdad econ\u00f3mica -solo unos pocos triunfan; la mayor\u00eda sobrevive de mala manera- y, en definitiva, alimentar la pol\u00e9mica de si se puede considerar deporte el tratar al rival con violencia desmedida.<\/p>\n<p data-journey-content=\"true\" data-node-id=\"3\" class=\"css-6wxqfj emevuu60\">Toda esta paleta de pensamientos y emociones me han surgido cuando he le\u00eddo uno de mis \u00faltimos descubrimientos, &#8216;<strong data-node-id=\"3.1\">Golpe de luz&#8217;, de Rita Bullwinkel, editado en espa\u00f1ol por Sexto Piso. <\/strong>Era la primera vez que ca\u00eda en mis manos una novela que transcurre en el mundo de los combates de boxeo (mea culpa, igual ten\u00eda un poco de prejuicio) y me sorprendi\u00f3 y gust\u00f3 a partes iguales.<\/p>\n<p data-journey-content=\"true\" data-node-id=\"4\" class=\"css-6wxqfj emevuu60\">&#8216;Golpe de luz&#8217; se enmarca en el boxeo, pero <strong data-node-id=\"4.1\">no es una novela sobre boxeo. Es una novela sobre mujeres adolescentes,<\/strong> algunas empezando la juventud, que concurren en un \u00bfpalacio? -en realidad, un garito de mala muerte, t\u00e9trico y pr\u00e1cticamente vac\u00edo- de Reno para disputar un torneo amateur de boxeo.<\/p>\n<p><a target=\"_blank\" rel=\"nofollow noopener\" data-theme-key=\"product-image-wrapper\" href=\"https:\/\/www.amazon.es\/dp\/8410249693?tag=ellespain-21\" aria-label=\"19\u00a0\u20ac en Amazon for \" data-href=\"https:\/\/www.amazon.es\/dp\/8410249693\" data-product-url=\"https:\/\/www.amazon.es\/dp\/8410249693\" data-affiliate=\"true\" data-affiliate-url=\"https:\/\/www.amazon.es\/dp\/8410249693?tag=ellespain-21\" data-affiliate-network=\"{&quot;afflink_redirect&quot;:&quot;\/_p\/afflink\/yltw\/amazon-golpe-de-luz-narrativa-sexto&quot;,&quot;site_id&quot;:&quot;5545cc0d-2c00-4ffe-8b27-aa070fd2db3c&quot;,&quot;network&quot;:{&quot;name&quot;:&quot;Amazon&quot;},&quot;metadata&quot;:{&quot;links&quot;:{&quot;default&quot;:&quot;https:\/\/www.amazon.es\/dp\/8410249693?tag=ellespain-21&quot;}}}\" data-vars-ga-call-to-action=\"19\u00a0\u20ac en Amazon\" data-vars-ga-media-role=\"\" data-vars-ga-media-type=\"Single Product Embed\" data-vars-ga-outbound-link=\"https:\/\/www.amazon.es\/dp\/8410249693\" data-vars-ga-product-brand=\"Narrativa\" data-vars-ga-product-id=\"11e232ac-b6e2-4318-a16b-ddd70ada5cee\" data-vars-ga-product-price=\"19,47\u00a0\u20ac\" data-vars-ga-product-retailer-id=\"53dd7535-0c7d-4ef8-99ab-329f349615e5\" data-vars-ga-product-sem3-brand=\"Narrativa\" data-vars-ga-product-sem3-category=\"Ficci\u00f3n contempor\u00e1nea\" data-vars-ga-link-treatment=\"(not set) | (not set)\" data-vars-ga-sku=\"8410249693\" data-vars-ga-magento-tracking=\"1\" class=\"product-image-link ebgq4gw2 e1b8bpvs0 css-g6od0w e1c1bym14\"><img  alt=\"This is an image\" title=\"This is an image\" src=\"https:\/\/www.europesays.com\/es\/wp-content\/uploads\/2025\/10\/1758181558-51It7psXFcL.jpg\" width=\"671\" height=\"1024\" decoding=\"async\" loading=\"lazy\"\/><\/a><\/p>\n<p data-journey-content=\"true\" data-node-id=\"7\" class=\"css-6wxqfj emevuu60\">Bullwinkel estructura la novela de manera muy original: <strong data-node-id=\"7.1\">cada cap\u00edtulo narra el enfrentamiento, par a par, de las j\u00f3venes en cada una de las eliminatorias,<\/strong> por cada d\u00eda de combate y hasta llegar a la final. Si da un uppercut o un gancho es secundario para la narraci\u00f3n; lo que transmite la autora son los pensamientos, sentimientos y emociones de estas adolescentes tard\u00edas.<\/p>\n<p data-journey-content=\"true\" data-node-id=\"8\" class=\"css-6wxqfj emevuu60\">Algunas son boxeadoras por convicci\u00f3n y tradici\u00f3n familiar; otras no saben muy bien qu\u00e9 hacen en el ring. Est\u00e1n creciendo, es una novela de paso de la adolescencia a la juventud, y <strong data-node-id=\"8.1\">muchas se lo toman como una actividad m\u00e1s, como algo que acabar\u00e1n dejando porque elegir\u00e1n una vida com\u00fan y corriente. <\/strong><\/p>\n<p data-journey-content=\"true\" data-node-id=\"9\" class=\"css-6wxqfj emevuu60\">Bullwinkel nos las va presentando no como deportistas, sino como <strong data-node-id=\"9.1\">ni\u00f1as en el tr\u00e1nsito a ser mujeres: con sus miedos, sus ilusiones, sus desesperanzas. <\/strong>A veces en su propia voz, otras veces usando la del narrador, pero siempre transmitiendo deseo, dudas, perfeccionismo, pasotismo&#8230; al final son las emociones de <strong data-node-id=\"9.3\">unas adolescentes entrando en una etapa crucial de sus vidas.<\/strong><\/p>\n<p><img draggable=\"true\" alt=\"rita bullwinkel\" title=\"rita bullwinkel\" loading=\"lazy\" width=\"1296\" height=\"1728\" decoding=\"async\" data-nimg=\"1\" style=\"color:transparent;width:100%;height:auto;\"   src=\"https:\/\/www.europesays.com\/es\/wp-content\/uploads\/2025\/10\/thumbnail-rita-bullwinkel-please-credit-jenna-garrett-68ee2dd0ef398.jpg\" class=\"css-0 e1g79fud0\"\/><a target=\"_blank\" rel=\"noopener nofollow\" data-theme-key=\"base-link\" href=\"https:\/\/pinterest.com\/pin\/create\/button\/?url=https:\/\/www.elle.com\/es\/living\/ocio-cultura\/a69026117\/golpe-de-luz-libro-rita-bullwinkel\/&amp;description=- ElleSpain&amp;media=https:\/\/hips.hearstapps.com\/hmg-prod\/images\/thumbnail-rita-bullwinkel-please-credit-jenna-garrett-68ee2dd0ef398.jpg?resize=1600:*\" class=\"pinterest css-on9hn5 e1c1bym14\"><img decoding=\"async\" data-dynamic-svg=\"true\" src=\"https:\/\/www.elle.com\/_assets\/design-tokens\/fre\/static\/icons\/social\/pinterest.e8cf655.svg?primary=%2523ffffff\" loading=\"lazy\" data-testid=\"dynamic-svg-base\" height=\"auto\" width=\"auto\" alt=\"pinterest\" class=\"css-4lml0h e1mlxuuw1\"\/><\/a>Jenna Garrett<\/p>\n<p>Rita Bullwinkel, autora de \u2019Golpe de luz\u2019.<\/p>\n<p data-journey-content=\"true\" data-node-id=\"11\" class=\"css-6wxqfj emevuu60\">&#8216;Golpe de luz&#8217;, novela debut de Bullwinkel, fue <strong data-node-id=\"11.1\">finalista del Pulitzer 2025<\/strong> y ha sido ampliamente valorado por los medios especializados. The New York Times ha dicho de ella \u00ab<strong data-node-id=\"11.3\">abra paso, ficci\u00f3n estadounidense, a una nueva voz significativa\u00bb, <\/strong>mientras que The Times lo califica como un \u00abdebut ambicioso y emocionante\u00bb.<\/p>\n<p data-journey-content=\"true\" data-node-id=\"12\" class=\"css-6wxqfj emevuu60\">Devor\u00e9 en un par de d\u00edas esta novela, de solo <strong data-node-id=\"12.1\">196 p\u00e1ginas<\/strong>, y me llev\u00e9 varias impresiones de ella (adem\u00e1s de las del boxeo con las que encabezo el art\u00edculo). Primero, que <strong data-node-id=\"12.3\">las mujeres seguimos poni\u00e9ndonos listones terriblemente altos<\/strong> y eso nos condiciona desde que tenemos uso de raz\u00f3n. Segundo, que <strong data-node-id=\"12.5\">las relaciones de mayor rivalidad se pueden trocar en amistad<\/strong> por piruetas extra\u00f1as del destino. Y tercero, que en esta vida es m\u00e1s importante aprender a perder que a ganar: <strong data-node-id=\"12.7\">cada golpe que nos dan es, en realidad, un golpe de luz que nos ayuda a crecer y a ver claridad donde no la hay.<\/strong> Gracias, Rita.<\/p>\n<p><img src=\"https:\/\/www.europesays.com\/es\/wp-content\/uploads\/2025\/10\/1760910502_627_b1a4d5e6-08b9-4f30-abc3-fb139534505c_1547635299.file\" alt=\"Headshot of Bego\u00f1a Alonso\" title=\"Headshot of Bego\u00f1a Alonso\" width=\"100%\" height=\"100%\" decoding=\"async\" loading=\"lazy\" class=\"css-o0wq4v ev8dhu53\"\/><\/p>\n<p>Bego\u00f1a Alonso es experta en ocio, cultura y estilo de vida, coordinando la secci\u00f3n de Living en Elle.es desde hace m\u00e1s de seis a\u00f1os. Llevar la secci\u00f3n de Living supone que lo mismo escribe un reportaje sobre las mejores series de terror de Netflix, que un art\u00edculo de viajes y lunas de miel, un perfil de una activista feminista o un listado de los mejores libros de la historia que tienes que leer.\u00a0<\/p>\n<p>Siempre suele decir que la vida no le da para todo: libros, agenda, m\u00fasica, ocio, cine, series, plataformas de streaming (Netflix, Amazon, HBO, Disney+, Filmin, Movistar+, Apple TV+\u2026), maternidad, televisi\u00f3n, feminismo, viajes, cultura, \u2018lifestyle\u2019, motor, tecnolog\u00eda\u2026 Pero es capaz de llegar a todas partes para ofrecer siempre los contenidos m\u00e1s actuales e interesantes.\u00a0<\/p>\n<p>Bego\u00f1a Alonso se licenci\u00f3 en 1999 en Periodismo en la Universidad Complutense de Madrid, pero cuenta casi con 30 a\u00f1os de experiencia en la profesi\u00f3n. Se estren\u00f3 en medios locales como Huelva Informaci\u00f3n o Las Provincias, pas\u00f3 por radios vecinales haciendo programas de cine y luego aterriz\u00f3 en el mundo del papel, en medios como La Raz\u00f3n, Maxim o Reporter.\u00a0<\/p>\n<p>Tras 9 a\u00f1os dedicada al \u2018branded content\u2019, Bego\u00f1a lleva una d\u00e9cada en ELLE, el mismo tiempo que ha transcurrido desde que consiguiera el Premio 20 Blogs por \u2018The Best of the 80s\u2019, un blog de m\u00fasica de los 80, una de sus pasiones. Tambi\u00e9n adora las pel\u00edculas de boda y se pasa m\u00e1s tiempo planificando viajes que llev\u00e1ndolos a cabo, pero eso es otra historia. \u00a0<\/p>\n","protected":false},"excerpt":{"rendered":"El boxeo: ese deporte que, en el siglo XXI, sigue siendo controvertido, relevante y fuente de enriquecimiento para&hellip;\n","protected":false},"author":2,"featured_media":188007,"comment_status":"","ping_status":"","sticky":false,"template":"","format":"standard","meta":{"footnotes":""},"categories":[172],"tags":[1655,224,253,146,147,25,24,225,23],"class_list":{"0":"post-188006","1":"post","2":"type-post","3":"status-publish","4":"format-standard","5":"has-post-thumbnail","7":"category-libros","8":"tag-afiliacion","9":"tag-books","10":"tag-discover","11":"tag-entertainment","12":"tag-entretenimiento","13":"tag-es","14":"tag-espana","15":"tag-libros","16":"tag-spain"},"share_on_mastodon":{"url":"","error":""},"_links":{"self":[{"href":"https:\/\/www.europesays.com\/es\/wp-json\/wp\/v2\/posts\/188006","targetHints":{"allow":["GET"]}}],"collection":[{"href":"https:\/\/www.europesays.com\/es\/wp-json\/wp\/v2\/posts"}],"about":[{"href":"https:\/\/www.europesays.com\/es\/wp-json\/wp\/v2\/types\/post"}],"author":[{"embeddable":true,"href":"https:\/\/www.europesays.com\/es\/wp-json\/wp\/v2\/users\/2"}],"replies":[{"embeddable":true,"href":"https:\/\/www.europesays.com\/es\/wp-json\/wp\/v2\/comments?post=188006"}],"version-history":[{"count":0,"href":"https:\/\/www.europesays.com\/es\/wp-json\/wp\/v2\/posts\/188006\/revisions"}],"wp:featuredmedia":[{"embeddable":true,"href":"https:\/\/www.europesays.com\/es\/wp-json\/wp\/v2\/media\/188007"}],"wp:attachment":[{"href":"https:\/\/www.europesays.com\/es\/wp-json\/wp\/v2\/media?parent=188006"}],"wp:term":[{"taxonomy":"category","embeddable":true,"href":"https:\/\/www.europesays.com\/es\/wp-json\/wp\/v2\/categories?post=188006"},{"taxonomy":"post_tag","embeddable":true,"href":"https:\/\/www.europesays.com\/es\/wp-json\/wp\/v2\/tags?post=188006"}],"curies":[{"name":"wp","href":"https:\/\/api.w.org\/{rel}","templated":true}]}}