{"id":188028,"date":"2025-10-19T22:06:10","date_gmt":"2025-10-19T22:06:10","guid":{"rendered":"https:\/\/www.europesays.com\/es\/188028\/"},"modified":"2025-10-19T22:06:10","modified_gmt":"2025-10-19T22:06:10","slug":"asi-queda-la-clasificacion-de-la-f1-tras-el-gp-de-eeuu","status":"publish","type":"post","link":"https:\/\/www.europesays.com\/es\/188028\/","title":{"rendered":"as\u00ed queda la clasificaci\u00f3n de la F1 tras el GP de EEUU"},"content":{"rendered":"<p data-mrf-recirculation=\"Links P\u00e1rrafos\" class=\"ue-c-article__paragraph paragraph ue-c-article--first-letter-highlighted\">M<strong>ax Verstappen<\/strong> no se baj\u00f3 de lo m\u00e1s alto del podio durante todo el fin de semana en los <strong>Estados Unidos <\/strong>y le envi\u00f3 un claro mensaje a los pilotos de <strong>McLaren<\/strong>: la batalla por el <strong>Mundial <\/strong>no es cuesti\u00f3n de dos, sino de tres. El campe\u00f3n del mundo ya est\u00e1 a<strong> 40 puntos de Oscar Piastri<\/strong> y son cinco las jornadas que restan en el calendario para conocer al nuevo campe\u00f3n del mundo.\u00a0<\/p>\n<p data-mrf-recirculation=\"Links P\u00e1rrafos\" class=\"ue-c-article__paragraph paragraph\"><strong>Lando Norris (2\u00ba)<\/strong> logr\u00f3 rebajar los da\u00f1os lo m\u00e1ximo posible tras su retiro en la carrera sprint. El brit\u00e1nico cruz\u00f3 la l\u00ednea de meta en la segunda posici\u00f3n y <strong>sum\u00f3 18 puntos<\/strong> para el campeonato, ocho m\u00e1s que su compa\u00f1ero de equipo, quien solo tuvo el ritmo para cerrar un complicado fin de semana en la quinta plaza.\u00a0<\/p>\n<p><img decoding=\"async\" width=\"1600\" height=\"2000\" class=\"ue-c-article__image lazyload\" alt=\"Clasificaci\u00f3n final del GP de Estados Unidos.\" loading=\"lazy\" src=\"https:\/\/www.europesays.com\/es\/wp-content\/uploads\/2025\/10\/68f55b18ef56e.jpeg\"\/><\/p>\n<p>Clasificaci\u00f3n final del GP de Estados Unidos.@F1<\/p>\n<p data-mrf-recirculation=\"Links P\u00e1rrafos\" class=\"ue-c-article__paragraph paragraph\"><strong>Charles Leclerc<\/strong> fue una grata sorpresa en el podio. El <strong>monegasco <\/strong>regres\u00f3 al &#8216;<strong>top 3&#8242;<\/strong> tras cinco fines de semana sin recompensa. <strong>Hamilton <\/strong>se qued\u00f3 a las puertas del podio al cruzar la l\u00ednea de meta en la cuarta posici\u00f3n. Sin embargo,<strong> Nico H\u00fclkenberg<\/strong> fue el \u00fanico movimiento en las <strong>10 primeras posiciones<\/strong>. <strong>El 8\u00ba escal\u00f3n catapult\u00f3 al alem\u00e1n<\/strong> a la novena posici\u00f3n de la clasificaci\u00f3n general.<\/p>\n<p data-mrf-recirculation=\"Links P\u00e1rrafos\" class=\"ue-c-article__paragraph paragraph\">El domingo fue un d\u00eda complicado para los espa\u00f1oles. Una mala salida dej\u00f3 a <strong>Fernando Alonso<\/strong> fuera de los puntos al caer a la 12\u00ba posici\u00f3n. Sin embargo, un choque entre <strong>Antonelli y Sainz<\/strong>, el cual dej\u00f3 al madrile\u00f1o sin la posibilidad de terminar la carrera, le regres\u00f3 la<strong> 10\u00ba plaza<\/strong> y sum\u00f3 un punto para la pareja batalla en la zona media.\u00a0<\/p>\n<p>Clasificaci\u00f3n general de pilotos<\/p>\n<ol class=\"ue-c-article__list ue-c-article__list--ordered\">\n<li>Oscar Piastri &#8211; 346<\/li>\n<li>Lando Norris &#8211; 332<\/li>\n<li>Max Verstappen &#8211; 306<\/li>\n<li>George Russell &#8211; 252<\/li>\n<li>Charles Leclerc &#8211; 192<\/li>\n<li>Lewis Hamilton &#8211; 142<\/li>\n<li>Kimi Antonelli &#8211; 89<\/li>\n<li>Alex Albon &#8211; 73<\/li>\n<li>Nico H\u00fclkenberg &#8211; 41<\/li>\n<li>Isack Hadjar &#8211; 39<\/li>\n<li><strong>Carlos Sainz &#8211; 38<\/strong><\/li>\n<li><strong>Fernando Alonso &#8211; 37<\/strong><\/li>\n<li>Lance Stroll &#8211; 32<\/li>\n<li>Liam Lawson &#8211; 30<\/li>\n<li>Esteban Ocon &#8211; 28<\/li>\n<li>Yuki Tsunoda &#8211; 28<\/li>\n<li>Pierre Gasly &#8211; 20<\/li>\n<li>Oliver Bearman &#8211; 20<\/li>\n<li>Gabriel Bortoleto -18<\/li>\n<li>Franco Colapinto &#8211; 0<\/li>\n<\/ol>\n<p>Clasificaci\u00f3n de Constructores<\/p>\n<ol class=\"ue-c-article__list ue-c-article__list--ordered\">\n<li>McLaren &#8211; 678<\/li>\n<li>Mercedes &#8211; 341<\/li>\n<li>Ferrari &#8211; 334<\/li>\n<li>Red Bull &#8211; 331<\/li>\n<li><strong>Williams &#8211; 111<\/strong><\/li>\n<li>Racing Bulls &#8211; 72<\/li>\n<li><strong>Aston Martin &#8211; 69<\/strong><\/li>\n<li>KICK Sauber &#8211; 59<\/li>\n<li>Haas &#8211; 48<\/li>\n<li>Alpine &#8211; 20<\/li>\n<\/ol>\n","protected":false},"excerpt":{"rendered":"Max Verstappen no se baj\u00f3 de lo m\u00e1s alto del podio durante todo el fin de semana en&hellip;\n","protected":false},"author":2,"featured_media":188029,"comment_status":"","ping_status":"","sticky":false,"template":"","format":"standard","meta":{"footnotes":""},"categories":[270],"tags":[168,25,24,306,271,272,23,167],"class_list":{"0":"post-188028","1":"post","2":"type-post","3":"status-publish","4":"format-standard","5":"has-post-thumbnail","7":"category-formula-1","8":"tag-deportes","9":"tag-es","10":"tag-espana","11":"tag-f1","12":"tag-formula-1","13":"tag-formula1","14":"tag-spain","15":"tag-sports"},"share_on_mastodon":{"url":"","error":""},"_links":{"self":[{"href":"https:\/\/www.europesays.com\/es\/wp-json\/wp\/v2\/posts\/188028","targetHints":{"allow":["GET"]}}],"collection":[{"href":"https:\/\/www.europesays.com\/es\/wp-json\/wp\/v2\/posts"}],"about":[{"href":"https:\/\/www.europesays.com\/es\/wp-json\/wp\/v2\/types\/post"}],"author":[{"embeddable":true,"href":"https:\/\/www.europesays.com\/es\/wp-json\/wp\/v2\/users\/2"}],"replies":[{"embeddable":true,"href":"https:\/\/www.europesays.com\/es\/wp-json\/wp\/v2\/comments?post=188028"}],"version-history":[{"count":0,"href":"https:\/\/www.europesays.com\/es\/wp-json\/wp\/v2\/posts\/188028\/revisions"}],"wp:featuredmedia":[{"embeddable":true,"href":"https:\/\/www.europesays.com\/es\/wp-json\/wp\/v2\/media\/188029"}],"wp:attachment":[{"href":"https:\/\/www.europesays.com\/es\/wp-json\/wp\/v2\/media?parent=188028"}],"wp:term":[{"taxonomy":"category","embeddable":true,"href":"https:\/\/www.europesays.com\/es\/wp-json\/wp\/v2\/categories?post=188028"},{"taxonomy":"post_tag","embeddable":true,"href":"https:\/\/www.europesays.com\/es\/wp-json\/wp\/v2\/tags?post=188028"}],"curies":[{"name":"wp","href":"https:\/\/api.w.org\/{rel}","templated":true}]}}