{"id":188032,"date":"2025-10-19T22:08:09","date_gmt":"2025-10-19T22:08:09","guid":{"rendered":"https:\/\/www.europesays.com\/es\/188032\/"},"modified":"2025-10-19T22:08:09","modified_gmt":"2025-10-19T22:08:09","slug":"antonio-hidalgo-hicimos-el-gol-y-nos-hemos-echado-atras-demasiado","status":"publish","type":"post","link":"https:\/\/www.europesays.com\/es\/188032\/","title":{"rendered":"Antonio Hidalgo:\u00a0\u00abHicimos el gol y nos hemos echado atr\u00e1s demasiado\u00bb"},"content":{"rendered":"<p>\t\t\t\t\t\t\u00abHemos empujado hasta el final con pr\u00e1cticamente nueve jugadores\u00bb, dice<br \/>\n\t\t\t\t\t\t\t\t\t\t\t\t<strong>19 oct 2025<\/strong> . Actualizado a las 21:30 h.\t\t\t\t\t\t<\/p>\n<p class=\"first-paragraph txt\">Antonio Hidalgo hizo autocr\u00edtica en el an\u00e1lisis del partido en la televisi\u00f3n y reconoci\u00f3 que su equipo se equivoc\u00f3 al interpretar c\u00f3mo jugar a partir del 0-1: \u00abMe marcho fastidiado. No me gusta perder. Ha habido diferentes fases. Empezamos bien, pero luego hemos pecado de habernos resguardado demasiado. El equipo ha competido hasta el final. Hay que seguir\u00bb.<\/p>\n<p class=\"txt\">\u00abNuestro comienzo ha sido muy bueno, generando superioridades constantemente. Hemos hecho el gol y nos hemos echado atr\u00e1s demasiado. El Racing es un equipo muy intenso, que te genera mucho estr\u00e9s con disparos de fuera que parecen m\u00e1s de lo que son y ha encontrado el gol en el final de la primera parte. Con los cambios hemos mejorado mucho, hemos generado ocasiones clar\u00edsimas y cuando no las aprovechas lo acabas pagando\u00bb, explic\u00f3 a continuaci\u00f3n en la sala de prensa.<\/p>\n<p class=\"txt\">La parte positiva, para Hidalgo, es la actitud de los suyos en el tramo final: \u00abEl equipo ha tirado hasta el final, incluso con la lesi\u00f3n de Escu y la situaci\u00f3n de Yeremay [molestias en el tobillo]. Hay que estar con la cabeza fr\u00eda. Esto es largu\u00edsimo. Hay que salir de la racha en la que estamos ahora. Tenemos que seguir ajustando cosas. Haber hecho solo un gol con lo que generamos seguramente no es lo justo. Ha habido momentos en los que el Racing nos ha empujado mucho y ah\u00ed no ha estado a gusto. Hemos empujado hasta el final con pr\u00e1cticamente nueve jugadores. Escu ha notado algo en el isquio y Stoi acab\u00f3 de mediocentro, ten\u00edamos que arriesgar, pero Jokin ha estado inmenso\u00bb.<\/p>\n<p class=\"txt\">Tambi\u00e9n habl\u00f3 de Yeremay: \u00abComo todos, hay d\u00edas que est\u00e1 mejor y otros peor. Podr\u00eda llevar m\u00e1s goles de los que lleva. Estamos encantados con \u00e9l y volver\u00e1 a su nivel\u00bb. Tambi\u00e9n de Mella: \u00abNos da mucha profundidad. Ahora lo podemos disfrutar\u00bb. Y de Rub\u00e9n: \u00abTambi\u00e9n nos da mucha energ\u00eda por dentro, que era algo que necesit\u00e1bamos. Ha hecho buenos minutos, una pena que no llegara ese segundo gol\u00bb. Sobre el arbitraje, se\u00f1al\u00f3 que Lax Franco \u00abha estado bien\u00bb. \u00abLos de fuera se lo tenemos que poner lo m\u00e1s f\u00e1cil posible y a veces eso no sucede\u00bb, dice.<\/p>\n<p class=\"ladillo\">Loureiro<\/p>\n<p class=\"txt\">Por su parte, Loureiro explica que la clave pudo estar en el gol del empate, justo antes del descanso: \u00abSab\u00edamos que iba a ser dif\u00edcil. Ha habido momentos. Es una pena el minuto en el que nos marcaron el 1-1, nos hizo mucho da\u00f1o. Hay que levantarse en las derrotas, tenemos muchas ganas por lo que viene\u00bb. \u00abHasta ese momento est\u00e1bamos defendiendo bien. Est\u00e1bamos a gusto, concediendo tiros de larga distancia y en esa jugada tenemos que ser m\u00e1s contundentes. Nos hizo mucho da\u00f1o. Hay que analizar los errores\u00bb, a\u00f1ade.<\/p>\n<p>&#13;<br \/>\n\tArchivado en:&#13;<br \/>\n\t\t\t\t\t<a href=\"https:\/\/www.lavozdegalicia.es\/temas\/anne-hidalgo\/\" target=\"_blank\" class=\"mg-l\" rel=\"nofollow noopener\">Anne Hidalgo<\/a>&#13;<br \/>\n\t\t\t\t\t<a href=\"https:\/\/www.lavozdegalicia.es\/temas\/deportivo\/\" target=\"_blank\" class=\"mg-l\" rel=\"nofollow noopener\">Deportivo<\/a>&#13;<br \/>\n\t\t\t\t\t<a href=\"https:\/\/www.lavozdegalicia.es\/temas\/racing-de-santander\/\" target=\"_blank\" class=\"mg-l\" rel=\"nofollow noopener\">Racing de Santander<\/a>&#13;<br \/>\n\t&#13;<\/p>\n","protected":false},"excerpt":{"rendered":"\u00abHemos empujado hasta el final con pr\u00e1cticamente nueve jugadores\u00bb, dice 19 oct 2025 . Actualizado a las 21:30&hellip;\n","protected":false},"author":2,"featured_media":188033,"comment_status":"","ping_status":"","sticky":false,"template":"","format":"standard","meta":{"footnotes":""},"categories":[268],"tags":[52809,168,412,25,24,280,282,14371,281,23,167],"class_list":{"0":"post-188032","1":"post","2":"type-post","3":"status-publish","4":"format-standard","5":"has-post-thumbnail","7":"category-futbol","8":"tag-anne-hidalgo","9":"tag-deportes","10":"tag-deportivo","11":"tag-es","12":"tag-espana","13":"tag-football","14":"tag-futbol","15":"tag-racing-de-santander","16":"tag-soccer","17":"tag-spain","18":"tag-sports"},"share_on_mastodon":{"url":"","error":""},"_links":{"self":[{"href":"https:\/\/www.europesays.com\/es\/wp-json\/wp\/v2\/posts\/188032","targetHints":{"allow":["GET"]}}],"collection":[{"href":"https:\/\/www.europesays.com\/es\/wp-json\/wp\/v2\/posts"}],"about":[{"href":"https:\/\/www.europesays.com\/es\/wp-json\/wp\/v2\/types\/post"}],"author":[{"embeddable":true,"href":"https:\/\/www.europesays.com\/es\/wp-json\/wp\/v2\/users\/2"}],"replies":[{"embeddable":true,"href":"https:\/\/www.europesays.com\/es\/wp-json\/wp\/v2\/comments?post=188032"}],"version-history":[{"count":0,"href":"https:\/\/www.europesays.com\/es\/wp-json\/wp\/v2\/posts\/188032\/revisions"}],"wp:featuredmedia":[{"embeddable":true,"href":"https:\/\/www.europesays.com\/es\/wp-json\/wp\/v2\/media\/188033"}],"wp:attachment":[{"href":"https:\/\/www.europesays.com\/es\/wp-json\/wp\/v2\/media?parent=188032"}],"wp:term":[{"taxonomy":"category","embeddable":true,"href":"https:\/\/www.europesays.com\/es\/wp-json\/wp\/v2\/categories?post=188032"},{"taxonomy":"post_tag","embeddable":true,"href":"https:\/\/www.europesays.com\/es\/wp-json\/wp\/v2\/tags?post=188032"}],"curies":[{"name":"wp","href":"https:\/\/api.w.org\/{rel}","templated":true}]}}