{"id":188054,"date":"2025-10-19T22:21:09","date_gmt":"2025-10-19T22:21:09","guid":{"rendered":"https:\/\/www.europesays.com\/es\/188054\/"},"modified":"2025-10-19T22:21:09","modified_gmt":"2025-10-19T22:21:09","slug":"ovejas-cabras-y-corredores-toman-el-centro-de-madrid-con-la-vuelta-de-la-fiesta-de-la-trashumancia-y-siete-carreras-populares-el-mundo","status":"publish","type":"post","link":"https:\/\/www.europesays.com\/es\/188054\/","title":{"rendered":"Ovejas, cabras y corredores toman el centro de Madrid con la vuelta de la Fiesta de la Trashumancia y siete carreras populares &#8211; El Mundo"},"content":{"rendered":"<ol>\n<li><a href=\"https:\/\/news.google.com\/rss\/articles\/CBMiekFVX3lxTE1QcEJqb1BuNy1wbU8wYVNtTFRIeEYyZHdiMkJST0lUWmJyM2dEdFhDX2pTSC05eEctZ3pKdFdiNjRYSThrZDRvb0YxekpLY1F2Z3BXeVdjOTFhVy10ZkZVVDNyQzRMbnpBOVgzR2dxakFzV2YySGZFWVJB0gF6QVVfeXFMTnd4QlQ2blpzM2NKVDk1YWQwMDN3MXpKUWh3RjlnbWpsbDh3WmkwaENCelBHcHBHNmtfM3JXcnE4SFFBdUR2UFdJaXIxZUFYOHBNMHVnZEpKbkFNb3A5UG10dUJmSWpjalJYYjVuc3I2UXB5SmtPaG5JOHc?oc=5\" target=\"_blank\" rel=\"nofollow noopener\">Ovejas, cabras y corredores toman el centro de Madrid con la vuelta de la Fiesta de la Trashumancia y siete carreras populares<\/a>&nbsp;&nbsp;El Mundo<\/li>\n<li><a href=\"https:\/\/news.google.com\/rss\/articles\/CBMitAFBVV95cUxQNG1xU094aWVQV0JBaFNOOF9yTWMwOUxrTVlBQUpXUDFUNlJITTBYRU05V1BaQ1k4Qmt5ZDQyc1FjUWQxcmlKM2huMnNYQjEwVlVLeTUwZGtfd0w3R0hhdWtQM0dtakh0UlRSOEs4UElTY2FUUGZzVFVtMFR3c3BsRGpLdmhXM2JSeXM5QXVFc2Q1Nnc4LTRacGxrVWlHdm84TlM3a1hFSk9qOGpjNXFaa1U1dDk?oc=5\" target=\"_blank\" rel=\"nofollow noopener\">La Fiesta de la Trashumancia toma el centro de Madrid, en im\u00e1genes | Fotos | Noticias de Madrid<\/a>&nbsp;&nbsp;EL PA\u00cdS<\/li>\n<li><a href=\"https:\/\/news.google.com\/rss\/articles\/CBMi6wFBVV95cUxQekJDTUpPaFZBR2tMM0V4QkF5WEJYVm91Z0hCM0p4UEJ0Rnh0aGU5TnhoNVFQYXV2ZnpkNFc5enNpMXFIZzd5UEdKbXUyVW5ONDNnbEFzb0tvN3RVNmxjS3k0Y1YtSERScGlxTnUxem02NFU2eGJsWE8wdG91akc5dHphTWJVNWN3Q3Fhdm4tbl90VG9FYnJFbnFHRFlELWRwNUlnX2R1ZHZzVE5IWlVDMy1FY1NLOG9pQkl1bVg0N1pCejFNeFFKYjZJa3ozRUNXb0lWU1ExdlZVSjlqNWtJOXM1cnNvQjZ6UlJF0gHwAUFVX3lxTFBLSlZHRWF3YmNRTWJuQ0hsOFFBMnpfYmtJcG55cHhvWl85MTQ0Q3pTcmhUS0tlZVlfaThNWDZ5YWprSDVMLW1FYzRJeE5pOFl5ZFlWRHB6OU9kTTVuM1JoaGFDc1c5MGhoUEt0UUxQN0x5eWR6aW1ONGJRSS1KdW9fRmgxV3VmM1ZLczFIQWwyMWl1ZlFOc19vclJmVHVDLVVzVW1YRTB6WEt2dEpBU3lVRWJHOVU1YXFSX3hGb0ctV3JvajUyZXpRSU5xX3dKbmRQWU9MbVd1aE9KZWtBMWk3RzIwR0I2Smt3OTBVOWlNdQ?oc=5\" target=\"_blank\" rel=\"nofollow noopener\">Cortes de tr\u00e1fico y modificaciones en 37 l\u00edneas de la EMT por la Fiesta de la Trashumancia este domingo<\/a>&nbsp;&nbsp;La Vanguardia<\/li>\n<li><a href=\"https:\/\/news.google.com\/rss\/articles\/CBMikgNBVV95cUxNdVllN0NqNkVEQ0tBd015MXAzSUxQVmwySUlnWk9HUWQ4WnU2dktmZVFuRl9tWkdDRTU3VTJKR0pIRWNLZUwyLTdRN0lqbVcyb0swN3VtWlVLRDJTYnpNV1Uyd3g3MVQ1OUlWQnVwN21Ld3RCY2xFLW5mc3JGclVKZWs4LWE4aTNhV3l4Q2l2UzV4XzZOLWs2SURRM0xvRE1TN3JRa2VSdTFKNnItRlFEUDVZVGl2RTBxS25PbUtRRm5yTm9PMG1QTXRxOFhpQjBCT3lDd3N0UEE5MnBKdndjU3BJWTloUms3dnA4djFWMzJLdDRNeU9jMDZETUwzZE94TUtfeTh2MzJ3a0xRTW8zM2tLcWpRNEJQOVpsNmdWaTRzeFFZMmFGRFBNNWpsYjExb3p4Ylg4Zi1oVW5uRDFNMDhNVUVmYm55OEh3RHllMFY3M0dyYlN6MjJ1ckJpQXBsaUFKbWhQUjl4OHFRaGFHSkI0ZzREUy1Dd2tESE9RLTVNVzBBRmZWMmdaT1d1T3ExWkE?oc=5\" target=\"_blank\" rel=\"nofollow noopener\">Carabante renueva un a\u00f1o m\u00e1s su compromiso con la Trashumancia como valor ecol\u00f3gico<\/a>&nbsp;&nbsp;Ayuntamiento de Madrid<\/li>\n<li><a href=\"https:\/\/news.google.com\/rss\/articles\/CBMivgFBVV95cUxNcHhHbGFhd2hMMmRiVTlWVjZHek1KRFZ2aFl5eEd6aTFydk1TTjdjbG45WU01NGNLSmRWaTVRQkRvalRhUnN4aVdNTTRwR3lYUjlWUVowT0V2TDczTXdFejdQeG1LV2s4YmlmdW9HUkRZcVgweU9PMWYwdEpmeHp1Zno3NURmbVFuLTdmOEVPcnQ5bWlXRGg2dk4zN1BBR1Q4MnQ3UVh0R2hlZTVmMXJhckxXTGJNVm5JQU1rQ0NB?oc=5\" target=\"_blank\" rel=\"nofollow noopener\">&#8216;La cara B&#8217;: Juan Carlos Soriano | Cabras en el asfalto<\/a>&nbsp;&nbsp;RTVE.es<\/li>\n<\/ol>\n","protected":false},"excerpt":{"rendered":"Ovejas, cabras y corredores toman el centro de Madrid con la vuelta de la Fiesta de la Trashumancia&hellip;\n","protected":false},"author":2,"featured_media":188055,"comment_status":"","ping_status":"","sticky":false,"template":"","format":"standard","meta":{"footnotes":""},"categories":[8],"tags":[17,18,1467,25,24,13,14,11,19,20,205,9,10,15,16,492,23,12,21,22],"class_list":{"0":"post-188054","1":"post","2":"type-post","3":"status-publish","4":"format-standard","5":"has-post-thumbnail","7":"category-espana","8":"tag-breaking-news","9":"tag-breakingnews","10":"tag-comunidad-de-madrid","11":"tag-es","12":"tag-espana","13":"tag-featured-news","14":"tag-featurednews","15":"tag-headlines","16":"tag-latest-news","17":"tag-latestnews","18":"tag-madrid","19":"tag-news","20":"tag-noticias","21":"tag-noticias-destacadas","22":"tag-noticiasdestacadas","23":"tag-sociedad","24":"tag-spain","25":"tag-titulares","26":"tag-ultimas-noticias","27":"tag-ultimasnoticias"},"share_on_mastodon":{"url":"","error":""},"_links":{"self":[{"href":"https:\/\/www.europesays.com\/es\/wp-json\/wp\/v2\/posts\/188054","targetHints":{"allow":["GET"]}}],"collection":[{"href":"https:\/\/www.europesays.com\/es\/wp-json\/wp\/v2\/posts"}],"about":[{"href":"https:\/\/www.europesays.com\/es\/wp-json\/wp\/v2\/types\/post"}],"author":[{"embeddable":true,"href":"https:\/\/www.europesays.com\/es\/wp-json\/wp\/v2\/users\/2"}],"replies":[{"embeddable":true,"href":"https:\/\/www.europesays.com\/es\/wp-json\/wp\/v2\/comments?post=188054"}],"version-history":[{"count":0,"href":"https:\/\/www.europesays.com\/es\/wp-json\/wp\/v2\/posts\/188054\/revisions"}],"wp:featuredmedia":[{"embeddable":true,"href":"https:\/\/www.europesays.com\/es\/wp-json\/wp\/v2\/media\/188055"}],"wp:attachment":[{"href":"https:\/\/www.europesays.com\/es\/wp-json\/wp\/v2\/media?parent=188054"}],"wp:term":[{"taxonomy":"category","embeddable":true,"href":"https:\/\/www.europesays.com\/es\/wp-json\/wp\/v2\/categories?post=188054"},{"taxonomy":"post_tag","embeddable":true,"href":"https:\/\/www.europesays.com\/es\/wp-json\/wp\/v2\/tags?post=188054"}],"curies":[{"name":"wp","href":"https:\/\/api.w.org\/{rel}","templated":true}]}}