{"id":18810,"date":"2025-08-01T15:48:09","date_gmt":"2025-08-01T15:48:09","guid":{"rendered":"https:\/\/www.europesays.com\/es\/18810\/"},"modified":"2025-08-01T15:48:09","modified_gmt":"2025-08-01T15:48:09","slug":"el-mejor-fichaje-del-barca-de-basket-para-la-temporada-2025-26-a-punto-penarroya-ve-la-luz","status":"publish","type":"post","link":"https:\/\/www.europesays.com\/es\/18810\/","title":{"rendered":"El mejor fichaje del Bar\u00e7a de basket para la temporada 2025-26, a punto: Pe\u00f1arroya ve la luz"},"content":{"rendered":"<p>                <a href=\"https:\/\/cronicaglobal.elespanol.com\/culemania\/secciones\/\" class=\"kicker--section\" rel=\"nofollow noopener\" target=\"_blank\">Secciones<\/a><\/p>\n<p>\n    El t\u00e9cnico de Terrassa cuenta con un jugador muy top que asegura puntos y car\u00e1cter\n<\/p>\n<p>    Noticias relacionadas<\/p>\n<p class=\"paragraph\" id=\"paragraph_1\"><a href=\"https:\/\/cronicaglobal.elespanol.com\/culemania\/secciones\/20250730\/willy-hernangomez-manda-recado-barca-sentirme-importante\/1003742678143_0.html?utm_cmp_rs=linksinline\" target=\"_blank\" rel=\"nofollow noopener\"><strong>El Bar\u00e7a de basket<\/strong> <\/a>quiere competir por todos los t\u00edtulos, pero los cambios introducidos en su plantilla suscitan muchas dudas. <strong>Las salidas de Jabari Parker, \u00c1lex Abrines, Chimezie Metu, Justin Anderson y Youssoupha Fall<\/strong>\u00a0han sido compensadas con los fichajes de <strong>Juani Marcos, Will Clyburn, Myles Cale y Tornike Shengeli<\/strong>a.<\/p>\n<p class=\"paragraph\" id=\"paragraph_2\"><a href=\"https:\/\/cronicaglobal.elespanol.com\/culemania\/secciones\/20250729\/casting-barca-basket-sustituir-abrines-jugadores-perfil\/1003742677801_0.html?utm_cmp_rs=linksinline\" target=\"_blank\" rel=\"nofollow noopener\"><strong>Joan Pe\u00f1arroya<\/strong> <\/a>tendr\u00e1 otra oportunidad. Tambi\u00e9n, <a href=\"https:\/\/cronicaglobal.elespanol.com\/culemania\/secciones\/20250417\/el-de-navarro-sustituir-willy-hernangomez-barca\/1003742650041_0.html?utm_cmp_rs=linksinline\" target=\"_blank\" rel=\"nofollow noopener\">Juan Carlos Navarro<\/a>, muy cuestionado por su pol\u00edtica de fichajes. La delicada situaci\u00f3n econ\u00f3mica del club pasa factura al m\u00e1nager general.<\/p>\n<p>Cuatro bajas<\/p>\n<p class=\"paragraph\" id=\"paragraph_3\">Joan Laporta, presidente del Bar\u00e7a, asume que el equipo de basket necesita un gran cambio. <strong>La revoluci\u00f3n, sin embargo, est\u00e1 prevista para dentro de un a\u00f1o<\/strong>, cuando acaben los contratos de <a href=\"https:\/\/cronicaglobal.elespanol.com\/culemania\/secciones\/20250718\/gran-revolucion-activa-barca-basket-bajas-sonadas\/1003742674769_0.html?utm_cmp_rs=linksinline\" target=\"_blank\" rel=\"nofollow noopener\"><strong>Satoransky, Laprovittola, Vessely y Hernang\u00f3mez<\/strong><\/a>. Los cuatro jugadores tienen salarios importantes y la entidad espera aumentar la partida destina a la secci\u00f3n para el curso 2026-27.<\/p>\n<p><img decoding=\"async\" alt=\"Nicol\u00e1s Laprovittola, jugador del Bar\u00e7a de basket, en un entrenamiento\" data-imgm=\"true\" height=\"180\" loading=\"lazy\"  src=\"https:\/\/www.europesays.com\/es\/wp-content\/uploads\/2025\/08\/902669809_13750995_1024x576.jpg\"  width=\"320\"\/><\/p>\n<p>                                                            Nicol\u00e1s Laprovittola, jugador del Bar\u00e7a de basket, en un entrenamiento<\/p>\n<p>                    FCB<\/p>\n<p class=\"paragraph\" id=\"paragraph_4\">Laprovittola, uno de los mejores jugadores, sigue de baja, pero actualmente se entrena con la selecci\u00f3n argentina en Madrid. El combinado que dirige <strong>Pablo Priggioni<\/strong> se prepara para la AmeriCup 2025 y el escolta del Bar\u00e7a ultima su puesta a punto.<\/p>\n<p>Selecci\u00f3n argentina<\/p>\n<p class=\"paragraph\" id=\"paragraph_5\">En Madrid, Laprovittola comparte protagonismo con los madridistas <strong>Campazzo y Deck<\/strong>. En el Bar\u00e7a esperan que pueda iniciar la nueva temporada y recupere su mejor nivel en dos o tres meses.<\/p>\n<p><img decoding=\"async\" alt=\"Laprovittola, con muletas\" data-imgm=\"true\" height=\"180\" loading=\"lazy\"  src=\"https:\/\/www.europesays.com\/es\/wp-content\/uploads\/2025\/08\/900670009_13712470_1024x576.jpg\"  width=\"320\"\/><\/p>\n<p>                                                            Laprovittola, con muletas<\/p>\n<p>                    FCB<\/p>\n<p class=\"paragraph\" id=\"paragraph_6\">Pe\u00f1arroya espera noticias de Laprovittola, quien ya tiene 35 a\u00f1os. Con el t\u00e9cnico de Terrassa jugaba como base. Con <a href=\"https:\/\/cronicaglobal.elespanol.com\/culemania\/secciones\/20250710\/jasikevicius-ataque-oferta-barca-basket-abandonado-navarro\/1003742672772_0.html?utm_cmp_rs=linksinline\" target=\"_blank\" rel=\"nofollow noopener\">J<\/a><strong><a href=\"https:\/\/cronicaglobal.elespanol.com\/culemania\/secciones\/20250710\/jasikevicius-ataque-oferta-barca-basket-abandonado-navarro\/1003742672772_0.html?utm_cmp_rs=linksinline\" target=\"_blank\" rel=\"nofollow noopener\">asikevicius<\/a> y Grimau<\/strong>, en cambio, lo hac\u00eda como escolta, por sus buenos porcentajes en el lanzamiento exterior.<\/p>\n<p class=\"paragraph\" id=\"paragraph_7\">Esta temporada, Pe\u00f1arroya cuenta con Tomas Satoransky, Juani Marcos y Juan N\u00fa\u00f1ez como bases. Como escoltas tiene a Dar\u00edo Brizuela y Kevin Punter, quien debe asumir <strong>el papel de l\u00edder del equipo<\/strong>. El estadounidense renov\u00f3 su contrato hasta junio de 2028 tras aceptar una rebaja salarial.<\/p>\n","protected":false},"excerpt":{"rendered":"Secciones El t\u00e9cnico de Terrassa cuenta con un jugador muy top que asegura puntos y car\u00e1cter Noticias relacionadas&hellip;\n","protected":false},"author":2,"featured_media":18811,"comment_status":"","ping_status":"","sticky":false,"template":"","format":"standard","meta":{"footnotes":""},"categories":[269],"tags":[299,298,168,25,24,4469,8869,4468,4470,23,167],"class_list":{"0":"post-18810","1":"post","2":"type-post","3":"status-publish","4":"format-standard","5":"has-post-thumbnail","7":"category-baloncesto","8":"tag-baloncesto","9":"tag-basketball","10":"tag-deportes","11":"tag-es","12":"tag-espana","13":"tag-fcb-basket","14":"tag-joan-penarroya","15":"tag-juan-carlos-navarro","16":"tag-secciones","17":"tag-spain","18":"tag-sports"},"share_on_mastodon":{"url":"","error":""},"_links":{"self":[{"href":"https:\/\/www.europesays.com\/es\/wp-json\/wp\/v2\/posts\/18810","targetHints":{"allow":["GET"]}}],"collection":[{"href":"https:\/\/www.europesays.com\/es\/wp-json\/wp\/v2\/posts"}],"about":[{"href":"https:\/\/www.europesays.com\/es\/wp-json\/wp\/v2\/types\/post"}],"author":[{"embeddable":true,"href":"https:\/\/www.europesays.com\/es\/wp-json\/wp\/v2\/users\/2"}],"replies":[{"embeddable":true,"href":"https:\/\/www.europesays.com\/es\/wp-json\/wp\/v2\/comments?post=18810"}],"version-history":[{"count":0,"href":"https:\/\/www.europesays.com\/es\/wp-json\/wp\/v2\/posts\/18810\/revisions"}],"wp:featuredmedia":[{"embeddable":true,"href":"https:\/\/www.europesays.com\/es\/wp-json\/wp\/v2\/media\/18811"}],"wp:attachment":[{"href":"https:\/\/www.europesays.com\/es\/wp-json\/wp\/v2\/media?parent=18810"}],"wp:term":[{"taxonomy":"category","embeddable":true,"href":"https:\/\/www.europesays.com\/es\/wp-json\/wp\/v2\/categories?post=18810"},{"taxonomy":"post_tag","embeddable":true,"href":"https:\/\/www.europesays.com\/es\/wp-json\/wp\/v2\/tags?post=18810"}],"curies":[{"name":"wp","href":"https:\/\/api.w.org\/{rel}","templated":true}]}}