{"id":188112,"date":"2025-10-19T23:10:07","date_gmt":"2025-10-19T23:10:07","guid":{"rendered":"https:\/\/www.europesays.com\/es\/188112\/"},"modified":"2025-10-19T23:10:07","modified_gmt":"2025-10-19T23:10:07","slug":"rtve-clarin-morante-vs-jose-tomas-el-gran-duelo","status":"publish","type":"post","link":"https:\/\/www.europesays.com\/es\/188112\/","title":{"rendered":"RTVE Clar\u00edn Morante vs Jos\u00e9 Tom\u00e1s: el gran duelo"},"content":{"rendered":"<p>Tertulia con <strong>Federico Arn\u00e1s <\/strong>y <strong>\u00c1lvaro Rodr\u00edguez del Moral <\/strong>sobre los dos mejores toreros posiblemente del siglo XXI: <strong>Morante de la Puebla <\/strong>y <strong>Jos\u00e9 Tom\u00e1s<\/strong>. \u00bfQui\u00e9n ha dejado m\u00e1s legado y una huella m\u00e1s profunda en la historia del toreo? \u00bfQui\u00e9n ha tenido m\u00e1s compromiso con su profesi\u00f3n y la tauromaquia? \u00bfQui\u00e9n va a ser m\u00e1s recordado por los aficionados con el paso de los a\u00f1os? El catal\u00e1n <strong>Mario Vilau <\/strong>gana la final de la <strong>Liga Nacional de Novilladas<\/strong> en <strong>Sanl\u00facar de Barrameda<\/strong>: en conversaci\u00f3n con Clar\u00edn, Vilau reconoce que dar\u00eda su vida por torear alguna vez en la <strong>Plaza de Toros<\/strong> <strong>Monumental de Barcelona<\/strong>.<\/p>\n","protected":false},"excerpt":{"rendered":"Tertulia con Federico Arn\u00e1s y \u00c1lvaro Rodr\u00edguez del Moral sobre los dos mejores toreros posiblemente del siglo XXI:&hellip;\n","protected":false},"author":2,"featured_media":188113,"comment_status":"","ping_status":"","sticky":false,"template":"","format":"standard","meta":{"footnotes":""},"categories":[277],"tags":[373,6198,168,25,24,52820,133,1448,1986,1987,23,167,374],"class_list":{"0":"post-188112","1":"post","2":"type-post","3":"status-publish","4":"format-standard","5":"has-post-thumbnail","7":"category-toreo","8":"tag-bullfighting","9":"tag-clarin","10":"tag-deportes","11":"tag-es","12":"tag-espana","13":"tag-morante-vs-jose-tomas-el-gran-duelo-en-la-historia","14":"tag-online","15":"tag-radio","16":"tag-rne","17":"tag-rtve-play","18":"tag-spain","19":"tag-sports","20":"tag-toreo"},"share_on_mastodon":{"url":"","error":""},"_links":{"self":[{"href":"https:\/\/www.europesays.com\/es\/wp-json\/wp\/v2\/posts\/188112","targetHints":{"allow":["GET"]}}],"collection":[{"href":"https:\/\/www.europesays.com\/es\/wp-json\/wp\/v2\/posts"}],"about":[{"href":"https:\/\/www.europesays.com\/es\/wp-json\/wp\/v2\/types\/post"}],"author":[{"embeddable":true,"href":"https:\/\/www.europesays.com\/es\/wp-json\/wp\/v2\/users\/2"}],"replies":[{"embeddable":true,"href":"https:\/\/www.europesays.com\/es\/wp-json\/wp\/v2\/comments?post=188112"}],"version-history":[{"count":0,"href":"https:\/\/www.europesays.com\/es\/wp-json\/wp\/v2\/posts\/188112\/revisions"}],"wp:featuredmedia":[{"embeddable":true,"href":"https:\/\/www.europesays.com\/es\/wp-json\/wp\/v2\/media\/188113"}],"wp:attachment":[{"href":"https:\/\/www.europesays.com\/es\/wp-json\/wp\/v2\/media?parent=188112"}],"wp:term":[{"taxonomy":"category","embeddable":true,"href":"https:\/\/www.europesays.com\/es\/wp-json\/wp\/v2\/categories?post=188112"},{"taxonomy":"post_tag","embeddable":true,"href":"https:\/\/www.europesays.com\/es\/wp-json\/wp\/v2\/tags?post=188112"}],"curies":[{"name":"wp","href":"https:\/\/api.w.org\/{rel}","templated":true}]}}